{"id":308767,"date":"2025-08-10T05:22:19","date_gmt":"2025-08-10T05:22:19","guid":{"rendered":"https:\/\/www.europesays.com\/fr\/308767\/"},"modified":"2025-08-10T05:22:19","modified_gmt":"2025-08-10T05:22:19","slug":"va-t-on-vers-une-vigilance-rouge","status":"publish","type":"post","link":"https:\/\/www.europesays.com\/fr\/308767\/","title":{"rendered":"va-t-on vers une vigilance rouge\u00a0?"},"content":{"rendered":"<p>La canicule repr\u00e9sente, selon la d\u00e9finition de M\u00e9t\u00e9o-France, \u00ab\u00a0un \u00e9pisode de temp\u00e9ratures \u00e9lev\u00e9es, de jour comme de nuit, sur une p\u00e9riode prolong\u00e9e (au moins trois jours)\u00a0\u00bb. Avec\u00a0 40\u00b0C atteint \u00e0 Lyon 7e (et 39\u00b0C \u00e0 Lyon-Bron) ce samedi apr\u00e8s-midi et une temp\u00e9rature qui ne devrait pas tomber sous les 23\u00a0\u00b0C durant la nuit, le seuil d\u2019alerte pour le Rh\u00f4ne est en cours de d\u00e9passement puisque dans le d\u00e9partement, il est \u00e9tabli \u00e0 34\u00a0\u00b0C le jour et 20\u00a0\u00b0C la nuit. Cons\u00e9quence, la vigilance orange a \u00e9t\u00e9 mise en place en milieu d\u2019apr\u00e8s-midi et court sur toute la journ\u00e9e de dimanche. A minima, puisque le pic de chaleur est attendu en d\u00e9but de semaine prochaine, lequel pourrait atteindre 41 degr\u00e9s.<\/p>\n<p>Avec de tels chiffres, proches du record de temp\u00e9rature absolu atteint le 24\u00a0ao\u00fbt 2023, peut-on basculer en vigilance rouge, comme ce fut le cas \u2013 pour la premi\u00e8re fois &#8211; \u00e0 l\u2019\u00e9poque\u00a0?<\/p>\n<p>  Une situation r\u00e9\u00e9valu\u00e9e deux fois par jour<\/p>\n<p>Tout d\u2019abord, il faut savoir que la carte de vigilance de M\u00e9t\u00e9o-France <a href=\"https:\/\/www.leprogres.fr\/environnement\/2025\/08\/05\/ne-surtout-pas-revivre-2003-comment-le-systeme-de-vigilance-canicule-de-meteo-france-a-tout-change\" target=\"_blank\" rel=\"noopener\">a \u00e9t\u00e9 cr\u00e9\u00e9e en 2001<\/a> , deux ans apr\u00e8s les violentes temp\u00eates qui ont balay\u00e9 la France en 1999. La chaleur a fait son entr\u00e9e dans les m\u00e9triques quatre ans plus tard, apr\u00e8s la vague de d\u00e9c\u00e8s li\u00e9e \u00e0 la canicule de 2003. Enfin, depuis 2022, une double carte couvrant la journ\u00e9e en cours et le lendemain jusqu\u2019\u00e0 minuit est saisie par les pr\u00e9visionnistes de l\u2019institut de pr\u00e9visions.<\/p>\n<p>Deux fois par jour, les ing\u00e9nieurs bas\u00e9s au si\u00e8ge, \u00e0 Toulouse, et leurs coll\u00e8gues en r\u00e9gion s\u2019\u00e9changent donn\u00e9es et observations, <a href=\"https:\/\/www.lemonde.fr\/planete\/article\/2025\/07\/18\/a-meteo-france-comment-se-decide-un-niveau-de-vigilance-orange-ou-rouge_6182495_3245.html\" target=\"_blank\" rel=\"noopener\">d\u00e9taille <\/a><a href=\"https:\/\/www.lemonde.fr\/planete\/article\/2025\/07\/18\/a-meteo-france-comment-se-decide-un-niveau-de-vigilance-orange-ou-rouge_6182495_3245.html\" target=\"_blank\" rel=\"noopener\">Le Monde<\/a>. C\u2019est au cours de ces conf\u00e9rences qu\u2019ils prennent collectivement des d\u00e9cisions sur un niveau de vigilance pour chaque d\u00e9partement.<\/p>\n<p>  Canicule rouge: des effets collat\u00e9raux majeurs<\/p>\n<p>Le niveau de canicule rouge correspond \u00e0 une canicule av\u00e9r\u00e9e, exceptionnelle, tr\u00e8s intense et durable, avec des effets collat\u00e9raux majeurs (s\u00e9cheresse, tensions sur l\u2019approvisionnement en eau, am\u00e9nagement ou arr\u00eat de certaines activit\u00e9s, saturation des h\u00f4pitaux ou des op\u00e9rateurs fun\u00e9raires, pannes d\u2019\u00e9lectricit\u00e9,\u00a0etc.) Ce ne sont alors plus seulement les personnes dites \u00ab \u00e0 risque \u00bb qui sont menac\u00e9es par les chaleurs (personnes \u00e2g\u00e9es, malades&#8230;), mais la population dans son enti\u00e8ret\u00e9.<\/p>\n<p>Le classement en vigilance m\u00e9t\u00e9orologique rouge rel\u00e8ve d\u2019une d\u00e9cision prise par M\u00e9t\u00e9o France en accord avec le minist\u00e8re charg\u00e9 de la sant\u00e9, et, le cas \u00e9ch\u00e9ant, avec les autres minist\u00e8res concern\u00e9s. Et notamment le minist\u00e8re de l\u2019Int\u00e9rieur, eu \u00e9gard \u00e0 la diversit\u00e9 des impacts attendus autres que sanitaires (soci\u00e9taux, \u00e9conomiques, environnementaux). Cela permet de moduler l\u2019appr\u00e9ciation de la situation en int\u00e9grant d\u2019\u00e9ventuels facteurs aggravants, mais cette d\u00e9cision reste fond\u00e9e sur une expertise pr\u00e9alable men\u00e9e par M\u00e9t\u00e9o-France, avec le concours de Sant\u00e9 publique France.<\/p>\n<p>  Des crit\u00e8res qui diff\u00e8rent selon les territoires<\/p>\n<p>Enfin, cette appr\u00e9ciation varie sur le territoire, pr\u00e9cise M\u00e9t\u00e9o-France\u00a0: \u00ab\u00a0Un syst\u00e8me de crit\u00e8res a \u00e9t\u00e9 d\u00e9fini pour chaque d\u00e9partement [\u2026] Les pr\u00e9visionnistes confrontent ainsi les pr\u00e9visions m\u00e9t\u00e9orologiques avec les r\u00e9f\u00e9rentiels \u00e9tablis par Sant\u00e9 publique France, fond\u00e9s sur des \u00e9tudes \u00e9pid\u00e9miologiques des \u00e9v\u00e9nements pass\u00e9s, pour estimer le niveau de vigilance canicule.\u00a0\u00bb<\/p>\n<p>En cas de vigilance rouge, il revient aux autorit\u00e9s locales, et notamment pr\u00e9fectorales, de d\u00e9cider de mesures sp\u00e9cifiques, comme des fermetures d\u2018\u00e9coles ou des interdictions de manifestations publiques (sportives ou culturelles, par exemple).<\/p>\n","protected":false},"excerpt":{"rendered":"La canicule repr\u00e9sente, selon la d\u00e9finition de M\u00e9t\u00e9o-France, \u00ab\u00a0un \u00e9pisode de temp\u00e9ratures \u00e9lev\u00e9es, de jour comme de nuit,&hellip;\n","protected":false},"author":2,"featured_media":308768,"comment_status":"","ping_status":"","sticky":false,"template":"","format":"standard","meta":{"footnotes":""},"categories":[1889],"tags":[1111,11,2430,6698,3152,2757,3153,3154,3155,3156,436,1777,674,1011,27,2428,2756,12,25,2429],"class_list":{"0":"post-308767","1":"post","2":"type-post","3":"status-publish","4":"format-standard","5":"has-post-thumbnail","7":"category-lyon","8":"tag-actu","9":"tag-actualites","10":"tag-auvergne-rhone-alpes","11":"tag-canicule","12":"tag-edition-est-lyonnais","13":"tag-edition-lyon-villeurbanne","14":"tag-edition-ouest-lyonnais","15":"tag-edition-sud-lyonnais","16":"tag-edition-tarare","17":"tag-edition-villefranche","18":"tag-environnement","19":"tag-eu","20":"tag-europe","21":"tag-fr","22":"tag-france","23":"tag-lyon","24":"tag-lyon-bassin","25":"tag-news","26":"tag-republique-francaise","27":"tag-rhone"},"share_on_mastodon":{"url":"https:\/\/pubeurope.com\/@fr\/115002798438643273","error":""},"_links":{"self":[{"href":"https:\/\/www.europesays.com\/fr\/wp-json\/wp\/v2\/posts\/308767","targetHints":{"allow":["GET"]}}],"collection":[{"href":"https:\/\/www.europesays.com\/fr\/wp-json\/wp\/v2\/posts"}],"about":[{"href":"https:\/\/www.europesays.com\/fr\/wp-json\/wp\/v2\/types\/post"}],"author":[{"embeddable":true,"href":"https:\/\/www.europesays.com\/fr\/wp-json\/wp\/v2\/users\/2"}],"replies":[{"embeddable":true,"href":"https:\/\/www.europesays.com\/fr\/wp-json\/wp\/v2\/comments?post=308767"}],"version-history":[{"count":0,"href":"https:\/\/www.europesays.com\/fr\/wp-json\/wp\/v2\/posts\/308767\/revisions"}],"wp:featuredmedia":[{"embeddable":true,"href":"https:\/\/www.europesays.com\/fr\/wp-json\/wp\/v2\/media\/308768"}],"wp:attachment":[{"href":"https:\/\/www.europesays.com\/fr\/wp-json\/wp\/v2\/media?parent=308767"}],"wp:term":[{"taxonomy":"category","embeddable":true,"href":"https:\/\/www.europesays.com\/fr\/wp-json\/wp\/v2\/categories?post=308767"},{"taxonomy":"post_tag","embeddable":true,"href":"https:\/\/www.europesays.com\/fr\/wp-json\/wp\/v2\/tags?post=308767"}],"curies":[{"name":"wp","href":"https:\/\/api.w.org\/{rel}","templated":true}]}}