{"id":308771,"date":"2025-08-10T05:25:37","date_gmt":"2025-08-10T05:25:37","guid":{"rendered":"https:\/\/www.europesays.com\/fr\/308771\/"},"modified":"2025-08-10T05:25:37","modified_gmt":"2025-08-10T05:25:37","slug":"chevalier-express","status":"publish","type":"post","link":"https:\/\/www.europesays.com\/fr\/308771\/","title":{"rendered":"Chevalier Express"},"content":{"rendered":"<p>LA FULGURANTE ASCENSION<\/p>\n<p class=\"typography-paragraph mb-4 md:mb-6\">Au point de d\u00e9couvrir le tr\u00e8s haut niveau \u00e0 vitesse grand V, et de conna\u00eetre son premier match de Ligue 1, le 10 septembre 2022, \u00e0 l\u2019\u00e2ge de 20 ans, face \u00e0\u2026 l\u2019Olympique de Marseille\u00a0! Depuis, Lucas Chevalier ne cesse d\u2019impressionner. Il devient le titulaire indiscutable du LOSC, et dispute la Champions League avec Dogues la saison pass\u00e9e, finissant 8e de la phase de Ligue, et donc qualifi\u00e9 directement pour les 8es de finale.<\/p>\n<p class=\"typography-paragraph mb-4 md:mb-6\">Une saison pleine, que prouvent ces statistiques\u00a0: 11 clean sheet, soit le deuxi\u00e8me plus haut total de Ligue 1, derri\u00e8re Brice Samba. 3e meilleur ratio de but encaiss\u00e9 par match (1,06). Il est aussi l\u2019un des 5 gardiens de Ligue 1 en 2024-2025 \u00e0 avoir disput\u00e9 toutes les minutes possibles en championnat\u00a0!<\/p>\n","protected":false},"excerpt":{"rendered":"LA FULGURANTE ASCENSION Au point de d\u00e9couvrir le tr\u00e8s haut niveau \u00e0 vitesse grand V, et de conna\u00eetre&hellip;\n","protected":false},"author":2,"featured_media":308772,"comment_status":"","ping_status":"","sticky":false,"template":"","format":"standard","meta":{"footnotes":""},"categories":[1888],"tags":[1111,1928,11,1927,1777,674,1011,27,12,1926,626,1925,25],"class_list":{"0":"post-308771","1":"post","2":"type-post","3":"status-publish","4":"format-standard","5":"has-post-thumbnail","7":"category-paris","8":"tag-actu","9":"tag-actu-paris","10":"tag-actualites","11":"tag-actualites-paris","12":"tag-eu","13":"tag-europe","14":"tag-fr","15":"tag-france","16":"tag-news","17":"tag-news-paris","18":"tag-paris","19":"tag-paris-news","20":"tag-republique-francaise"},"share_on_mastodon":{"url":"https:\/\/pubeurope.com\/@fr\/115002810242736348","error":""},"_links":{"self":[{"href":"https:\/\/www.europesays.com\/fr\/wp-json\/wp\/v2\/posts\/308771","targetHints":{"allow":["GET"]}}],"collection":[{"href":"https:\/\/www.europesays.com\/fr\/wp-json\/wp\/v2\/posts"}],"about":[{"href":"https:\/\/www.europesays.com\/fr\/wp-json\/wp\/v2\/types\/post"}],"author":[{"embeddable":true,"href":"https:\/\/www.europesays.com\/fr\/wp-json\/wp\/v2\/users\/2"}],"replies":[{"embeddable":true,"href":"https:\/\/www.europesays.com\/fr\/wp-json\/wp\/v2\/comments?post=308771"}],"version-history":[{"count":0,"href":"https:\/\/www.europesays.com\/fr\/wp-json\/wp\/v2\/posts\/308771\/revisions"}],"wp:featuredmedia":[{"embeddable":true,"href":"https:\/\/www.europesays.com\/fr\/wp-json\/wp\/v2\/media\/308772"}],"wp:attachment":[{"href":"https:\/\/www.europesays.com\/fr\/wp-json\/wp\/v2\/media?parent=308771"}],"wp:term":[{"taxonomy":"category","embeddable":true,"href":"https:\/\/www.europesays.com\/fr\/wp-json\/wp\/v2\/categories?post=308771"},{"taxonomy":"post_tag","embeddable":true,"href":"https:\/\/www.europesays.com\/fr\/wp-json\/wp\/v2\/tags?post=308771"}],"curies":[{"name":"wp","href":"https:\/\/api.w.org\/{rel}","templated":true}]}}