{"id":308783,"date":"2025-08-10T05:32:11","date_gmt":"2025-08-10T05:32:11","guid":{"rendered":"https:\/\/www.europesays.com\/fr\/308783\/"},"modified":"2025-08-10T05:32:11","modified_gmt":"2025-08-10T05:32:11","slug":"les-etats-unis-fouillent-les-reseaux-sociaux-des-etudiants-etrangers-rts-ch","status":"publish","type":"post","link":"https:\/\/www.europesays.com\/fr\/308783\/","title":{"rendered":"Les Etats-Unis fouillent les r\u00e9seaux sociaux des \u00e9tudiants \u00e9trangers &#8211; rts.ch"},"content":{"rendered":"<p>Pour obtenir un visa \u00e9tudiant, les autorit\u00e9s am\u00e9ricaines exigent d\u00e9sormais de pouvoir contr\u00f4ler le contenu des r\u00e9seaux sociaux des universitaires. Une pratique qui interroge et qui d\u00e9courage m\u00eame certains \u00e9tudiants et \u00e9tudiantes.<\/p>\n<p>Etudier aux Etats-Unis, dans les meilleures universit\u00e9s du monde, est un r\u00eave pour beaucoup d&rsquo;\u00e9tudiants suisses. Kamil Lahlou en fait partie. Finissant ses \u00e9tudes en ing\u00e9nierie des sciences du vivant \u00e0 l&rsquo;EPFL, il a \u00e9t\u00e9 pris pour un projet de master dans un laboratoire affili\u00e9 \u00e0 l&rsquo;Universit\u00e9 d&rsquo;Harvard. Une institution prestigieuse, \u00ab\u00a0une opportunit\u00e9 en or\u00a0\u00bb, se souvient-il.<\/p>\n<p>C&rsquo;\u00e9tait sans compter sur l&rsquo;administration Trump. Fin mai, sur fond de contestation du gouvernement de Donald Trump et de manifestations propalestiniennes dans certaines universit\u00e9s, le pr\u00e9sident am\u00e9ricain ordonne la suspension des processus de visa \u00e9tudiant. En juin, les proc\u00e9dures reprennent, mais les autorit\u00e9s am\u00e9ricaines demandent d\u00e9sormais aux candidats de passer tous leurs comptes de r\u00e9seaux sociaux en \u00ab\u00a0public\u00a0\u00bb afin de pouvoir en v\u00e9rifier le contenu.<\/p>\n<p><strong class=\"inline-title\">&gt;&gt; A lire aussi\u00a0: <\/strong><a href=\"https:\/\/www.rts.ch\/info\/suisse\/2025\/article\/visa-etudiant-usa-incertitude-pour-les-suisses-malgre-leur-admission-28918656.html\" data-item-id=\"richtext_link\" target=\"_blank\" rel=\"noopener\">Des \u00e9tudiants suisses toujours dans l&rsquo;attente d&rsquo;un visa pour les Etats-Unis<\/a><\/p>\n<p>Des \u00e9tudiants d\u00e9courag\u00e9s<\/p>\n<p>Pour Kamil Lahlou, c&rsquo;est trop. Le jeune homme renonce \u00e0 sa place \u00e0 Harvard. \u00ab\u00a0Je trouvais \u00e7a super intrusif d&rsquo;aller regarder dans les r\u00e9seaux sociaux des gens\u00a0\u00bb, explique-t-il dans le 19h30 de la RTS. \u00ab\u00a0C&rsquo;est souvent des pratiques qu&rsquo;on retrouve plut\u00f4t dans des dictatures ou des r\u00e9gimes autoritaires. J&rsquo;\u00e9tais assez surpris de \u00e7a venant des \u00c9tats-Unis. Je n&rsquo;avais pas envie de le subir.\u00a0\u00bb \u00a0<\/p>\n<p>Une d\u00e9cision motiv\u00e9e \u00e0 la fois par l&rsquo;examen de ses r\u00e9seaux sociaux \u2014 m\u00eame s&rsquo;il assure ne rien publier de politique \u2014,, mais aussi par l&rsquo;incertitude latente dans le milieu acad\u00e9mique am\u00e9ricain, que lui ont rapport\u00e9e des coll\u00e8gues et professeurs d\u00e9j\u00e0 sur place. \u00ab\u00a0Ils avaient des coupures de budget, il y avait de la censure par rapport \u00e0 ce qu&rsquo;on pouvait dire pour se plaindre, par rapport \u00e0 l&rsquo;administration. Et donc, \u00e7a a \u00e9t\u00e9 une d\u00e9cision tr\u00e8s difficile \u00e0 prendre, mais je pense que c&rsquo;\u00e9tait la meilleure au final.\u00a0\u00bb<\/p>\n<p><strong class=\"inline-title\">&gt;&gt; A lire aussi\u00a0: <\/strong><a href=\"https:\/\/www.rts.ch\/info\/monde\/2025\/article\/harvard-poursuit-trump-en-justice-pour-defendre-ses-etudiants-etrangers-28893184.html\" data-item-id=\"richtext_link\" target=\"_blank\" rel=\"noopener\">Un juge bloque temporairement la d\u00e9cision de Donald Trump d&rsquo;interdire les \u00e9tudiants \u00e9trangers \u00e0 Harvard<\/a><\/p>\n<p>Une mesure de s\u00e9curit\u00e9<\/p>\n<p>L&rsquo;objectif affich\u00e9 du gouvernement am\u00e9ricain est de d\u00e9tecter toute hostilit\u00e9 envers les Etats-Unis. Mais pour l&rsquo;avocate sp\u00e9cialis\u00e9e en droit am\u00e9ricain de l&rsquo;immigration Jaci Ohayon, \u00ab\u00a0c&rsquo;est le personnel consulaire qui doit v\u00e9rifier les r\u00e9seaux sociaux. Et ce qui pourrait d\u00e9passer les limites peut \u00eatre tr\u00e8s subjectif.\u00a0\u00bb<\/p>\n<p>Une mesure h\u00e2tivement mise en place, selon l&rsquo;avocate bas\u00e9e \u00e0 Gen\u00e8ve, et dont les contours ne sont toujours pas clairement d\u00e9finis. Avec ses confr\u00e8res et cons\u0153urs, elle cherche \u00e0 clarifier la situation \u00ab\u00a0On est en train d&rsquo;\u00e9tudier les diff\u00e9rents cas pour comprendre ce qui se passe., pour \u00e9tablir des directives.\u00a0Quelles sont ces lignes \u00e0 ne pas franchir? Qu&rsquo;est-ce qui entra\u00eene des refus de visa? Pouvons-nous identifier des tendances et conseiller nos clients \u00e0 ce sujet? Nous sommes encore en train d&rsquo;\u00e9tudier tout \u00e7a.\u00a0\u00bb<\/p>\n<p><strong class=\"inline-title\">&gt;&gt; A lire aussi\u00a0: <\/strong><a href=\"https:\/\/www.rts.ch\/info\/monde\/2025\/article\/liberte-academique-menacee-aux-usa-universites-sous-pression-inedite-28845039.html\" data-item-id=\"richtext_link\" target=\"_blank\" rel=\"noopener\">Des contraintes in\u00e9dites sur la libert\u00e9 des universit\u00e9s aux Etats-Unis<\/a><\/p>\n<p>En attendant d&rsquo;y voir plus clair, Jaci Ohayon recommande aux candidats et candidates \u00e0 un visa \u00e9tudiant non pas de supprimer leurs comptes de r\u00e9seaux sociaux, mais de bien nettoyer leurs publications. \u00ab\u00a0Si c&rsquo;est quelque chose que vous n&rsquo;aimeriez pas que votre grand-maman voie, \u00e7a ne devrait pas figurer sur vos r\u00e9seaux ou sur votre t\u00e9l\u00e9phone\u00a0\u00bb, estime-t-elle.<\/p>\n<p>Sollicit\u00e9e pour une interview, l&rsquo;ambassade des Etats-Unis en Suisse a r\u00e9pondu par \u00e9crit se r\u00e9jouir \u00ab\u00a0de proposer \u00e0 nouveau un nombre limit\u00e9 de rendez-vous pour les demandeurs de visa F, M et J.\u00a0\u00bb \u2014 les visas \u00e9tudiants.<\/p>\n<p>Dans l&rsquo;attente<\/p>\n<p>Un flou dans lequel doit naviguer Marc*, un autre \u00e9tudiant dans une universit\u00e9 suisse qui, lui, est toujours en attente de son visa am\u00e9ricain. \u00ab\u00a0Il faut rentrer dans des marges qui ne sont m\u00eame pas d\u00e9finies. On ne sait m\u00eame pas, en fait, ce qui est ok et pas ok d&rsquo;avoir sur ses r\u00e9seaux. On se doute bien que les choses li\u00e9es \u00e0 la Palestine, \u00e0 l&rsquo;administration, on n&rsquo;a pas trop le droit. Mais, \u00e7a reste quand m\u00eame assez choquant, surtout dans un pays pour qui le Premier Amendement, la libert\u00e9 d&rsquo;expression, est tellement important.\u00a0\u00bb<\/p>\n<p>Ne sachant pas quand il fallait le faire, l&rsquo;universitaire a d\u00e9j\u00e0 rendu ses comptes de r\u00e9seaux sociaux visibles par tous. \u00ab\u00a0J&rsquo;ai eu quelques comptes de gens bizarres qui se sont abonn\u00e9s \u00e0 moi, mais je les ai tous supprim\u00e9s\u00a0\u00bb, pr\u00e9cise-t-il.<\/p>\n<p><strong class=\"inline-title\">&gt;&gt; A lire aussi\u00a0: <\/strong><a href=\"https:\/\/www.rts.ch\/info\/monde\/2025\/article\/trump-coupe-400-millions-a-columbia-tensions-sur-la-liberte-academique-28815352.html\" data-item-id=\"richtext_link\" target=\"_blank\" rel=\"noopener\">Donald Trump coupe 400\u00a0millions de dollars de financements \u00e0 Columbia<\/a><\/p>\n<p>Marc a souhait\u00e9 t\u00e9moigner sous couvert de l&rsquo;anonymat. Comme lui, de nombreux \u00e9tudiants pr\u00e9f\u00e8rent ne pas s&rsquo;exprimer publiquement, de peur de voir leur ann\u00e9e aux Etats-Unis menac\u00e9e. Malgr\u00e9 le contexte, il se r\u00e9jouit d&rsquo;aller \u00e9tudier outre-Atlantique. \u00ab\u00a0La qualit\u00e9 de la recherche est quand m\u00eame assez exceptionnelle. Et les budgets aussi.\u00a0\u00bb<\/p>\n<p>Quant \u00e0 Kamil, c&rsquo;est \u00e0 Melbourne, en Australie, qu&rsquo;il \u00e9tudiera finalement les liens entre cancer du poumon et syst\u00e8me immunitaire.<\/p>\n<p class=\"sources\">Michael Maccabez<\/p>\n<p class=\"article-footnote\">*Pr\u00e9nom d&#8217;emprunt<\/p>\n","protected":false},"excerpt":{"rendered":"Pour obtenir un visa \u00e9tudiant, les autorit\u00e9s am\u00e9ricaines exigent d\u00e9sormais de pouvoir contr\u00f4ler le contenu des r\u00e9seaux sociaux&hellip;\n","protected":false},"author":2,"featured_media":308784,"comment_status":"","ping_status":"","sticky":false,"template":"","format":"standard","meta":{"footnotes":""},"categories":[1589],"tags":[11,17262,42662,75,4019,1057,44876,73,1866,18087,4081,6379,1061,21194,500,12,316,35283,938,104,3067,1864,1865,5768,1863,308],"class_list":{"0":"post-308783","1":"post","2":"type-post","3":"status-publish","4":"format-standard","5":"has-post-thumbnail","7":"category-etats-unis","8":"tag-actualites","9":"tag-colleges","10":"tag-contenu","11":"tag-donald-trump","12":"tag-ecoles","13":"tag-education","14":"tag-education-superieure","15":"tag-etats-unis","16":"tag-etats-unis-damerique","17":"tag-etranger","18":"tag-etudiant","19":"tag-etudiants","20":"tag-immigration","21":"tag-lycees","22":"tag-medias","23":"tag-news","24":"tag-politique","25":"tag-reseautage-social","26":"tag-reseaux-sociaux","27":"tag-societe","28":"tag-suisse","29":"tag-united-states","30":"tag-united-states-of-america","31":"tag-universite","32":"tag-us","33":"tag-usa"},"share_on_mastodon":{"url":"https:\/\/pubeurope.com\/@fr\/115002837960154735","error":""},"_links":{"self":[{"href":"https:\/\/www.europesays.com\/fr\/wp-json\/wp\/v2\/posts\/308783","targetHints":{"allow":["GET"]}}],"collection":[{"href":"https:\/\/www.europesays.com\/fr\/wp-json\/wp\/v2\/posts"}],"about":[{"href":"https:\/\/www.europesays.com\/fr\/wp-json\/wp\/v2\/types\/post"}],"author":[{"embeddable":true,"href":"https:\/\/www.europesays.com\/fr\/wp-json\/wp\/v2\/users\/2"}],"replies":[{"embeddable":true,"href":"https:\/\/www.europesays.com\/fr\/wp-json\/wp\/v2\/comments?post=308783"}],"version-history":[{"count":0,"href":"https:\/\/www.europesays.com\/fr\/wp-json\/wp\/v2\/posts\/308783\/revisions"}],"wp:featuredmedia":[{"embeddable":true,"href":"https:\/\/www.europesays.com\/fr\/wp-json\/wp\/v2\/media\/308784"}],"wp:attachment":[{"href":"https:\/\/www.europesays.com\/fr\/wp-json\/wp\/v2\/media?parent=308783"}],"wp:term":[{"taxonomy":"category","embeddable":true,"href":"https:\/\/www.europesays.com\/fr\/wp-json\/wp\/v2\/categories?post=308783"},{"taxonomy":"post_tag","embeddable":true,"href":"https:\/\/www.europesays.com\/fr\/wp-json\/wp\/v2\/tags?post=308783"}],"curies":[{"name":"wp","href":"https:\/\/api.w.org\/{rel}","templated":true}]}}