{"id":308791,"date":"2025-08-10T05:36:15","date_gmt":"2025-08-10T05:36:15","guid":{"rendered":"https:\/\/www.europesays.com\/fr\/308791\/"},"modified":"2025-08-10T05:36:15","modified_gmt":"2025-08-10T05:36:15","slug":"gaza-lue-affirme-que-le-plan-doccupation-israelien-aggravera-une-situation-deja-catastrophique","status":"publish","type":"post","link":"https:\/\/www.europesays.com\/fr\/308791\/","title":{"rendered":"Gaza: l\u2019UE affirme que le plan d\u2019occupation isra\u00e9lien aggravera une \u201csituation d\u00e9j\u00e0 catastrophique\u00a0\u00bb"},"content":{"rendered":"<p>Gaza: l\u2019UE affirme que le plan d\u2019occupation isra\u00e9lien aggravera une \u201csituation d\u00e9j\u00e0 catastrophique\u00a0\u00bb<\/p>\n<p>La commissaire europ\u00e9enne \u00e0 l\u2019\u00c9galit\u00e9 \u00e0 la Pr\u00e9paration et \u00e0 la Gestion des crises, Hadja Lahbib, a exprim\u00e9 son inqui\u00e9tude face au projet isra\u00e9lien d\u2019occuper Gaza, avertissant qu\u2019il ne ferait qu\u2019aggraver \u00ab\u00a0une situation humanitaire d\u00e9j\u00e0 catastrophique\u00a0\u00bb<\/p>\n","protected":false},"excerpt":{"rendered":"Gaza: l\u2019UE affirme que le plan d\u2019occupation isra\u00e9lien aggravera une \u201csituation d\u00e9j\u00e0 catastrophique\u00a0\u00bb La commissaire europ\u00e9enne \u00e0 l\u2019\u00c9galit\u00e9&hellip;\n","protected":false},"author":2,"featured_media":308792,"comment_status":"","ping_status":"","sticky":false,"template":"","format":"standard","meta":{"footnotes":""},"categories":[1586],"tags":[11,1777,674,1779,1011,27,12,25,1778,364],"class_list":{"0":"post-308791","1":"post","2":"type-post","3":"status-publish","4":"format-standard","5":"has-post-thumbnail","7":"category-europe","8":"tag-actualites","9":"tag-eu","10":"tag-europe","11":"tag-european-union","12":"tag-fr","13":"tag-france","14":"tag-news","15":"tag-republique-francaise","16":"tag-ue","17":"tag-union-europeenne"},"share_on_mastodon":{"url":"https:\/\/pubeurope.com\/@fr\/115002853456289046","error":""},"_links":{"self":[{"href":"https:\/\/www.europesays.com\/fr\/wp-json\/wp\/v2\/posts\/308791","targetHints":{"allow":["GET"]}}],"collection":[{"href":"https:\/\/www.europesays.com\/fr\/wp-json\/wp\/v2\/posts"}],"about":[{"href":"https:\/\/www.europesays.com\/fr\/wp-json\/wp\/v2\/types\/post"}],"author":[{"embeddable":true,"href":"https:\/\/www.europesays.com\/fr\/wp-json\/wp\/v2\/users\/2"}],"replies":[{"embeddable":true,"href":"https:\/\/www.europesays.com\/fr\/wp-json\/wp\/v2\/comments?post=308791"}],"version-history":[{"count":0,"href":"https:\/\/www.europesays.com\/fr\/wp-json\/wp\/v2\/posts\/308791\/revisions"}],"wp:featuredmedia":[{"embeddable":true,"href":"https:\/\/www.europesays.com\/fr\/wp-json\/wp\/v2\/media\/308792"}],"wp:attachment":[{"href":"https:\/\/www.europesays.com\/fr\/wp-json\/wp\/v2\/media?parent=308791"}],"wp:term":[{"taxonomy":"category","embeddable":true,"href":"https:\/\/www.europesays.com\/fr\/wp-json\/wp\/v2\/categories?post=308791"},{"taxonomy":"post_tag","embeddable":true,"href":"https:\/\/www.europesays.com\/fr\/wp-json\/wp\/v2\/tags?post=308791"}],"curies":[{"name":"wp","href":"https:\/\/api.w.org\/{rel}","templated":true}]}}