{"id":308801,"date":"2025-08-10T05:43:25","date_gmt":"2025-08-10T05:43:25","guid":{"rendered":"https:\/\/www.europesays.com\/fr\/308801\/"},"modified":"2025-08-10T05:43:25","modified_gmt":"2025-08-10T05:43:25","slug":"atp-wta-sergiy-stakhovsky-ancien-joueur-ukrainien-tacle-severement-isner-apres-avoir-passe-une-semaine-ici-vous-pourrez-me-dire-vous-meme-si-vous-pensez-que-les-athletes-meritent-de-re","status":"publish","type":"post","link":"https:\/\/www.europesays.com\/fr\/308801\/","title":{"rendered":"ATP &#8211; WTA > Sergiy Stakhovsky, ancien joueur Ukrainien, tacle s\u00e9v\u00e8rement Isner : \u00ab Apr\u00e8s avoir pass\u00e9 une semaine ici, vous pourrez me dire vous-m\u00eame si vous pensez que les athl\u00e8tes m\u00e9ritent de r\u00e9cup\u00e9rer leur drapeau ou non \u00bb"},"content":{"rendered":"<p>Le contexte actuel fait que les athl\u00e8tes Russes et Bi\u00e9lorusses sont contraints \u00e0 jouer sous banni\u00e8re neutre depuis d\u00e9sor\u00admais plusieurs ann\u00e9es, avec la guerre entre la Russie et l\u2019Ukraine qui se poursuit.<\/p>\n<p>Le d\u00e9bat existe de savoir si cette restric\u00adtion devrait \u00eatre lev\u00e9e, et r\u00e9cem\u00adment, <a href=\"https:\/\/www.welovetennis.fr\/atp-wta\/john-isner-pose-une-vraie-question-les-joueurs-de-tennis-russes-peuvent-ils-recuperer-leur-drapeau-cest-un-peu-ridicule-maintenant\" data-wpel-link=\"internal\" target=\"_blank\" rel=\"noopener\">John Isner a publi\u00e9 un tweet sur le sujet, esti\u00admant qu\u2019il \u00e9tait temps de rendre le droit aux athl\u00e8tes de jouer avec leur drapeau \u00e0 c\u00f4t\u00e9 de leur nom<\/a>.<\/p>\n<p>Forc\u00e9ment, cette r\u00e9ac\u00adtion a fait parler, et l\u2019an\u00adcien joueur Ukrainien Sergiy Stakhovsky a tenu \u00e0 r\u00e9pondre \u00e0 John Isner. Sur son compte Instagram, il a publi\u00e9 un message plut\u00f4t sal\u00e9 \u00e0 l\u2019at\u00adten\u00adtion de l\u2019Am\u00e9ricain.<\/p>\n<p><strong>\u00ab\u202fCher John Isner, je voudrais vous inviter en Ukraine. Apr\u00e8s une semaine pass\u00e9e ici, vous pourrez me dire vous\u2010m\u00eame si vous pensez que les athl\u00e8tes m\u00e9ritent de r\u00e9cu\u00adp\u00e9rer leur drapeau ou non. Aucun des joueurs que vous d\u00e9fendez n\u2019a exprim\u00e9 de regrets ni m\u00eame condamn\u00e9 l\u2019in\u00adva\u00adsion de l\u2019Ukraine. Cela vous rafra\u00ee\u00adchira peut\u2010\u00eatre la m\u00e9moire. De plus, les images que vous verrez ont eu lieu dans notre pays la semaine derni\u00e8re.\u202f\u00bb<\/strong><\/p>\n<p><img fetchpriority=\"high\" decoding=\"async\" width=\"576\" height=\"1024\" src=\"https:\/\/www.europesays.com\/fr\/wp-content\/uploads\/2025\/08\/isner-drapeau-russe.jpg\" alt=\"\" class=\"wp-image-564648 lazy\" style=\"width:323px;height:auto\"  data-\/><\/p>\n<p><img loading=\"lazy\" decoding=\"async\" width=\"495\" height=\"875\" src=\"https:\/\/www.europesays.com\/fr\/wp-content\/uploads\/2025\/08\/isner-drapeau-russe-pt2.png\" alt=\"\" class=\"wp-image-564649 lazy\" style=\"width:324px;height:auto\"  data-\/><\/p>\n<p>Un d\u00e9bat qui n\u2019est donc pas pr\u00eat d\u2019\u00eatre r\u00e9solu, et on peut tout \u00e0 fait comprendre la r\u00e9ac\u00adtion de l\u2019ath\u00adl\u00e8te Ukrainien, qui est bien entendu touch\u00e9 direc\u00adte\u00adment par cette guerre.<\/p>\n<p class=\"post-published-date\" style=\"color: silver; font-size: 75%; text-align: left;\">Publi\u00e9 le samedi 9 ao\u00fbt 2025 \u00e0 18:47<\/p>\n","protected":false},"excerpt":{"rendered":"Le contexte actuel fait que les athl\u00e8tes Russes et Bi\u00e9lorusses sont contraints \u00e0 jouer sous banni\u00e8re neutre depuis&hellip;\n","protected":false},"author":2,"featured_media":308802,"comment_status":"","ping_status":"","sticky":false,"template":"","format":"standard","meta":{"footnotes":""},"categories":[1415],"tags":[1011,27,21365,60,1467],"class_list":{"0":"post-308801","1":"post","2":"type-post","3":"status-publish","4":"format-standard","5":"has-post-thumbnail","7":"category-tennis","8":"tag-fr","9":"tag-france","10":"tag-isner","11":"tag-sports","12":"tag-tennis"},"share_on_mastodon":{"url":"https:\/\/pubeurope.com\/@fr\/115002881143952532","error":""},"_links":{"self":[{"href":"https:\/\/www.europesays.com\/fr\/wp-json\/wp\/v2\/posts\/308801","targetHints":{"allow":["GET"]}}],"collection":[{"href":"https:\/\/www.europesays.com\/fr\/wp-json\/wp\/v2\/posts"}],"about":[{"href":"https:\/\/www.europesays.com\/fr\/wp-json\/wp\/v2\/types\/post"}],"author":[{"embeddable":true,"href":"https:\/\/www.europesays.com\/fr\/wp-json\/wp\/v2\/users\/2"}],"replies":[{"embeddable":true,"href":"https:\/\/www.europesays.com\/fr\/wp-json\/wp\/v2\/comments?post=308801"}],"version-history":[{"count":0,"href":"https:\/\/www.europesays.com\/fr\/wp-json\/wp\/v2\/posts\/308801\/revisions"}],"wp:featuredmedia":[{"embeddable":true,"href":"https:\/\/www.europesays.com\/fr\/wp-json\/wp\/v2\/media\/308802"}],"wp:attachment":[{"href":"https:\/\/www.europesays.com\/fr\/wp-json\/wp\/v2\/media?parent=308801"}],"wp:term":[{"taxonomy":"category","embeddable":true,"href":"https:\/\/www.europesays.com\/fr\/wp-json\/wp\/v2\/categories?post=308801"},{"taxonomy":"post_tag","embeddable":true,"href":"https:\/\/www.europesays.com\/fr\/wp-json\/wp\/v2\/tags?post=308801"}],"curies":[{"name":"wp","href":"https:\/\/api.w.org\/{rel}","templated":true}]}}