{"id":308807,"date":"2025-08-10T05:47:11","date_gmt":"2025-08-10T05:47:11","guid":{"rendered":"https:\/\/www.europesays.com\/fr\/308807\/"},"modified":"2025-08-10T05:47:11","modified_gmt":"2025-08-10T05:47:11","slug":"deux-coureurs-exclus-apres-avoir-ete-controles-positifs","status":"publish","type":"post","link":"https:\/\/www.europesays.com\/fr\/308807\/","title":{"rendered":"Deux coureurs exclus apr\u00e8s avoir \u00e9t\u00e9 contr\u00f4l\u00e9s positifs"},"content":{"rendered":"<p class=\"date\">\n                                                            Bastien Morel, Media365, publi\u00e9 le samedi 09 ao\u00fbt 2025 \u00e0 21h55\n                                                    <\/p>\n<p>Deux coureurs fran\u00e7ais ont \u00e9t\u00e9 exclus, ce vendredi, du Tour de Guadeloupe apr\u00e8s un contr\u00f4le anti-dopage positif un mois plus t\u00f4t.<\/p>\n<p>L&rsquo;\u00e9dition 2025 du Tour de Guadeloupe n&rsquo;a pas fini de faire parler d&rsquo;elle. D\u00e9j\u00e0 raill\u00e9 sur les r\u00e9seaux sociaux mais \u00e9galement point\u00e9 du doigts apr\u00e8s l&rsquo;exclusion, en d\u00e9but de semaine, de deux coureurs pour avoir trich\u00e9, le Tour de Guadeloupe fait une nouvelle fois parler de lui&#8230; et en mal. En effet, deux coureurs ont \u00e9t\u00e9 exclus, vendredi, avant le d\u00e9part de la septi\u00e8me \u00e9tape apr\u00e8s un contr\u00f4le anti-dopage positif survenu il y a un mois de cela \u00e0 l&rsquo;occasion du Tour de Marie-Galante. Les deux coureurs sont Fran\u00e7ais, il s&rsquo;agit notamment de Yannis Andr\u00e9-Lubin (Union V\u00e9locip\u00e9dique Mari Galantaise) et Lionel Miny (Jeunesse Cycliste des Abymes). Les deux hommes sont respectivement \u00e2g\u00e9s de 24 et 33 ans. Ce dernier n&rsquo;est pas \u00e0 son coup d&rsquo;essai puisqu&rsquo;il avait \u00e9t\u00e9 contr\u00f4l\u00e9 positif \u00e0 l&rsquo;EPO en 2018 et suspendu 4 ans de toutes comp\u00e9titions.<\/p>\n<p>Les deux coureurs attendent le r\u00e9sultat des \u00e9chantillons B<\/p>\n<p>\u00ab\u00a0Ce matin (vendredi), j&rsquo;ai re\u00e7u une notification du service juridique de ma F\u00e9d\u00e9ration, en collaboration avec l&rsquo;AFLD\u00a0(Agence fran\u00e7aise de lutte contre le dopage), m&rsquo;indiquant que deux coureurs avaient re\u00e7u en main propre, hier, \u00e0 Gourbeyre, la notification qu&rsquo;ils \u00e9taient suspendus \u00e0 titre provisoire\u00a0\u00bb, a d\u00e9clar\u00e9 le directeur de la course Fr\u00e9d\u00e9ric Th\u00e9obald, dans l&rsquo;\u00e9mission \u00ab Le Replay \u00bb diffus\u00e9e sur la cha\u00eene \u00ab Guadeloupe la Premi\u00e8re \u00bb. \u00ab\u00a0Ils doivent maintenant se rapprocher des instances comp\u00e9tentes pour justifier ce qu&rsquo;on leur reproche. Le Tour se poursuit avec des coureurs en r\u00e8gle\u00a0\u00bb, a ajout\u00e9 le directeur du Tour de Guadeloupe.\u00a0A noter que pour l&rsquo;heure, les deux coureurs ne peuvent pas prendre part \u00e0 des comp\u00e9titions en raison de leurs suspensions \u00e0 titre provisoire. Les deux Fran\u00e7ais sont dans l&rsquo;attente du r\u00e9sultat de l&rsquo;\u00e9chantillon B, qui pourrait donc affirmer ou infirmer le contr\u00f4le positif.<\/p>\n","protected":false},"excerpt":{"rendered":"Bastien Morel, Media365, publi\u00e9 le samedi 09 ao\u00fbt 2025 \u00e0 21h55 Deux coureurs fran\u00e7ais ont \u00e9t\u00e9 exclus, ce&hellip;\n","protected":false},"author":2,"featured_media":308808,"comment_status":"","ping_status":"","sticky":false,"template":"","format":"standard","meta":{"footnotes":""},"categories":[1411],"tags":[1154,207,1011,27,60],"class_list":{"0":"post-308807","1":"post","2":"type-post","3":"status-publish","4":"format-standard","5":"has-post-thumbnail","7":"category-cyclisme","8":"tag-cycling","9":"tag-cyclisme","10":"tag-fr","11":"tag-france","12":"tag-sports"},"share_on_mastodon":{"url":"https:\/\/pubeurope.com\/@fr\/115002896776648583","error":""},"_links":{"self":[{"href":"https:\/\/www.europesays.com\/fr\/wp-json\/wp\/v2\/posts\/308807","targetHints":{"allow":["GET"]}}],"collection":[{"href":"https:\/\/www.europesays.com\/fr\/wp-json\/wp\/v2\/posts"}],"about":[{"href":"https:\/\/www.europesays.com\/fr\/wp-json\/wp\/v2\/types\/post"}],"author":[{"embeddable":true,"href":"https:\/\/www.europesays.com\/fr\/wp-json\/wp\/v2\/users\/2"}],"replies":[{"embeddable":true,"href":"https:\/\/www.europesays.com\/fr\/wp-json\/wp\/v2\/comments?post=308807"}],"version-history":[{"count":0,"href":"https:\/\/www.europesays.com\/fr\/wp-json\/wp\/v2\/posts\/308807\/revisions"}],"wp:featuredmedia":[{"embeddable":true,"href":"https:\/\/www.europesays.com\/fr\/wp-json\/wp\/v2\/media\/308808"}],"wp:attachment":[{"href":"https:\/\/www.europesays.com\/fr\/wp-json\/wp\/v2\/media?parent=308807"}],"wp:term":[{"taxonomy":"category","embeddable":true,"href":"https:\/\/www.europesays.com\/fr\/wp-json\/wp\/v2\/categories?post=308807"},{"taxonomy":"post_tag","embeddable":true,"href":"https:\/\/www.europesays.com\/fr\/wp-json\/wp\/v2\/tags?post=308807"}],"curies":[{"name":"wp","href":"https:\/\/api.w.org\/{rel}","templated":true}]}}