{"id":308813,"date":"2025-08-10T05:50:16","date_gmt":"2025-08-10T05:50:16","guid":{"rendered":"https:\/\/www.europesays.com\/fr\/308813\/"},"modified":"2025-08-10T05:50:16","modified_gmt":"2025-08-10T05:50:16","slug":"a-marmande-il-pratique-un-metier-exerce-depuis-des-milliers-dannees","status":"publish","type":"post","link":"https:\/\/www.europesays.com\/fr\/308813\/","title":{"rendered":"\u00e0 Marmande, il pratique un m\u00e9tier exerc\u00e9 depuis des milliers d\u2019ann\u00e9es"},"content":{"rendered":"<p>            Par<br \/>\n        <strong><br \/>\n            <a href=\"https:\/\/actu.fr\/auteur\/thomas-bernier\" title=\"Consulter tous les articles de Thomas Bernier\" rel=\"nofollow noopener\" target=\"_blank\">Thomas Bernier<\/a><br \/>\n        <\/strong><\/p>\n<p>        Publi\u00e9 le<\/p>\n<p>            9 ao\u00fbt 2025 \u00e0 18h00        <\/p>\n<p>Qu\u2019elles enluminent les \u00c9vangiles, qu\u2019elles symbolisent en quelques traits toute une philosophie ou qu\u2019elles tracent des arabesques sur la toile, les lettres et l\u2019art pictural ont toujours \u00e9t\u00e9 \u00e9troitement li\u00e9s.<\/p>\n<p class=\" wall-content\"><a href=\"https:\/\/karimsmili1.wixsite.com\/monsite\/about\" rel=\"nofollow noopener\" target=\"_blank\">Karim Smili est calligraphe, light calligrapher et plasticien \u00e0 Marmande<\/a>.<\/p>\n<p class=\" wall-content\">Cet artiste originaire de F\u00e8s (Maroc), baigne dans la calligraphie, cet art bas\u00e9 sur l\u2019\u00e9criture sous toutes ses formes, depuis sa tendre enfance <a href=\"https:\/\/www.google.com\/maps\/place\/F%C3%A8s,+Maroc\/@34.0240777,-5.084143,12z\/data=!3m1!4b1!4m6!3m5!1s0xd9f8b484d445777:0x10e6aaaeedd802ef!8m2!3d34.0181246!4d-5.0078451!16zL20vMDF2Y3hx?entry=ttu&amp;g_ep=EgoyMDI1MDgwNS4wIKXMDSoASAFQAw%3D%3D\" rel=\"nofollow noopener\" target=\"_blank\">sur les collines ocre et dor\u00e9es du Maghreb<\/a>. \u00ab\u2009\u00c0 F\u00e8s, Il y avait de la calligraphie dans les maisons, dans les mosqu\u00e9es, les mausol\u00e9es, raconte ce titulaire d\u2019un Deug en litt\u00e9rature fran\u00e7aise et d\u2019une licence de litt\u00e9rature et civilisation arabe. J\u2019ai tr\u00e8s vite \u00e9t\u00e9 inspir\u00e9 par un monsieur qui faisait de la calligraphie. Quand je partais \u00e0 l\u2019\u00e9cole le matin, je m\u2019arr\u00eatais toujours devant lui pour voir ce qu\u2019il faisait. Cela m\u2019attirait. Je me disais\u2009: \u2018Mais comment fait-il cela\u2019. Moi aussi j\u2019ai envie d\u2019essayer\u2009!\u2009\u00bb<\/p>\n<p>Un apprentissage perp\u00e9tuel de son art<\/p>\n<p class=\" wall-content\">Pour d\u00e9couvrir encore plus cet art qui \u00e9gaie sa curiosit\u00e9 \u00e0 l\u2019adolescence, Karim Slimi, commence <b>\u00e0 recopier les lettres picturales situ\u00e9es \u00e7\u00e0 et l\u00e0<\/b>, fig\u00e9es aux murs, rayonnant entre l\u2019ombre et la lumi\u00e8re, avant de franchir le pas et rencontrer les \u00ab\u2009ma\u00eetres de la calligraphie\u2009\u00bb comme il aime les affubler.<\/p>\n<p class=\" wall-content\">Il s\u2019essaie \u00e0 la calligraphie classique et \u00e0 la calligraphie arabe, d\u00e9veloppe ses connaissances, multiplie l\u2019apprentissage de styles. Un \u00e9ventail large qui suppose un esprit centrifugeur bien d\u00e9complex\u00e9, \u00e0 rebours des codes \u00e9tablis et un long cheminement personnel. \u00ab\u2009Encore aujourd\u2019hui, j\u2019apprends. On ma\u00eetrise peut-\u00eatre le style, mais il manque toujours quelque chose, souligne-t-il. Chaque style prend des ann\u00e9es. Tous les jours, je fais de la calligraphie pour ne pas oublier.\u2009\u00bb<\/p>\n<blockquote class=\"ac-article-quote wall-content\">\n<p>\u00ab\u2009Je voulais cr\u00e9er un pont entre les cultures marocaines et fran\u00e7aises\u2009\u00bb<\/p>\n<p>Karim Slimi, calligraphe \u00e0 Marmande<\/p><\/blockquote>\n<p class=\" wall-content\">Arriv\u00e9 en France au big-bang de l\u2019an 2000, le Marocain n\u2019a pas souhait\u00e9 s\u2019enfermer dans un style de la calligraphie et a voulu avancer avec son temps. Leitmotiv affich\u00e9 et assum\u00e9, sans d\u00e9tourner du regard\u2009: <b>que les cultures marocaines et fran\u00e7aises s\u2019embrassent autour de la calligraphie<\/b>. \u00ab\u2009Je voulais montrer mes techniques et partager ce savoir-faire \u00e0 travers mon art, ma culture et mon pays. Cr\u00e9er un pont entre les cultures marocaines et fran\u00e7aises.\u2009\u00bb<\/p>\n<p>    <img   decoding=\"async\" loading=\"lazy\" class=\"size-large\" src=\"https:\/\/www.europesays.com\/fr\/wp-content\/uploads\/2025\/08\/c0b4603bf5986a4c4603bf598b3056v-960x640.jpg\" alt=\"Une feuille de calligraphie classique.\" width=\"960\" height=\"640\"\/><br \/>\n    Une feuille de calligraphie classique. \u00a9Thomas BernierIl cr\u00e9e ses propres outils de travail<\/p>\n<p class=\" wall-content\">Ce pont, il le mettra en application \u00e0 travers ses cr\u00e9ations, les expositions et les ateliers en Lot-et-Garonne, sa terre d\u2019accueil. \u00ab\u2009Lorsque je fais une exposition, j\u2019essaie toujours de la coupler avec des ateliers pour partager la calligraphie au plus grand nombre. Que ce soit \u00e0 Marmande, <a href=\"https:\/\/actu.fr\/nouvelle-aquitaine\/tonneins_47310\" rel=\"nofollow noopener\" target=\"_blank\">Tonneins<\/a> ou ailleurs.\u2009\u00bb<\/p>\n<p>    <img   decoding=\"async\" loading=\"lazy\" class=\"size-large\" src=\"https:\/\/www.europesays.com\/fr\/wp-content\/uploads\/2025\/08\/fedd0c620698653ed0c62069837ed0v-960x640.jpg\" alt=\"L'artiste calligraphe et plasticien, originaire de F\u00e8s, devant certaines de ses cr\u00e9ations.\" width=\"960\" height=\"640\"\/><br \/>\n    L\u2019artiste calligraphe et plasticien, originaire de F\u00e8s, devant certaines de ses cr\u00e9ations. \u00a9Thomas Bernier<\/p>\n<p class=\" wall-content\">Karim Slimi n\u2019a pas besoin de grand-chose\u2009: <b>une table, du papier, des crayons et ses outils, \u00e0 commencer par le calame \u2013 en bambou ou en roseau \u2013 qu\u2019il taille soi-m\u00eame<\/b>. \u00ab\u2009Dans l\u2019art de la calligraphie arabe, nous devons ma\u00eetriser l\u2019art de tailler le calame, l\u2019art de pr\u00e9parer de l\u2019encre noire (\u00e0 base de noir de fum\u00e9e et de gomme arabique) et l\u2019art de pr\u00e9parer le papier. Quand j\u2019ai des classes qui viennent \u00e0 ma rencontre, les enfants sont toujours \u00e9pat\u00e9s et subjugu\u00e9s\u2009\u00bb, savoure-t-il.<\/p>\n<p class=\" wall-content\">Car la calligraphie reste un art \u00ab\u2009accessible et \u00e0 la port\u00e9e de tous\u2009\u00bb comme il le d\u00e9crit. \u00ab\u2009Je fais de la calligraphie arabe. Mais on peut faire de la calligraphie arabe sans \u00eatre arabe. C\u2019est l\u00e0 toute la nuance. J\u2019ai un ami am\u00e9ricain qui a commenc\u00e9 la calligraphie arabe sans parler un seul mot de la langue. Il ne comprend pas ce qu\u2019il \u00e9crit\u2009!\u2009\u00bb<\/p>\n<blockquote class=\"ac-article-quote wall-content\">\n<p>\u00ab\u2009\u00c0 partir du moment o\u00f9 l\u2019inspiration me manque, je peux arr\u00eater mon travail sur la toile et reprendre des semaines plus tard\u2009\u00bb<\/p>\n<p>Karim Slimi<\/p><\/blockquote>\n<p class=\" wall-content\">Tout est une question de pratique, d\u2019application et de reproduction pour l\u2019artiste calligraphe. L\u2019envie et la cr\u00e9ativit\u00e9 guident ensuite, avec l\u2019attention au d\u00e9tail.<\/p>\n<p class=\" wall-content\">Si bien que lui demander combien de temps met-il pour griffonner une \u0153uvre s\u2019av\u00e8re presque \u00eatre un jeu de hasard. \u00ab\u2009Cela peut me prendre peu de temps\u2009: un quart d\u2019heure, une journ\u00e9e, une heure\u2026 Je peux aussi d\u00e9chirer mes papiers si je rate une lettre. Mais \u00e0 partir du moment o\u00f9 l\u2019inspiration me manque, je peux arr\u00eater mon travail et reprendre des semaines plus tard. Il m\u2019arrive parfois d\u2019oublier leur existence\u2009\u00bb, avoue-t-il.<\/p>\n<p>De la calligraphie dans l\u2019espace<\/p>\n<p class=\" wall-content\">Il y a\u00a0quelques ann\u00e9es, sac \u00e0 dos viss\u00e9 sur le dos, il s\u2019est lanc\u00e9 dans la light calligraphy (ou light graff), <b>en fran\u00e7ais \u00ab\u2009la calligraphie de lumi\u00e8re\u2009\u00bb, un art magique qui dessine avec des mots et de la lumi\u00e8re dans l\u2019espace <\/b>o\u00f9 on utilise des sources lumineuses comme des lampes torches ou des LED, et gr\u00e2ce \u00e0 la pose longue en photographie, on cr\u00e9e des traits et des motifs lumineux, comme par magie.<\/p>\n<p class=\" wall-content\">\u00ab\u2009C\u2019est une image qui parle. On met l\u2019appareil photo sur un tr\u00e9pied, on fait quelques techniques de r\u00e9glage ensuite. Puis, on laisse entrer la lumi\u00e8re. Je fais de la calligraphie \u00e0 l\u2019envers en \u00e9tant en mouvement. C\u2019est un miroir. Il faut savoir que je compte mes pas \u00e0 chaque lettre. Je mets mes points, je reviens, tout en formant les lettres. C\u2019est un vrai travail d\u2019\u00e9quilibriste. C\u2019est une grande toile \u00e0 ciel ouvert pour moi et je m\u2019amuse avant tout.\u2009\u00bb<\/p>\n<p>    <img   decoding=\"async\" loading=\"lazy\" class=\"size-large\" src=\"https:\/\/www.europesays.com\/fr\/wp-content\/uploads\/2025\/08\/96ea016df5986baea016df598aeea0v-960x640.jpg\" alt=\"Une light calligraphie r\u00e9alis\u00e9e par Karim Slimi lors de vacances.\" width=\"960\" height=\"640\"\/><br \/>\n    Une light calligraphie r\u00e9alis\u00e9e par Karim Slimi lors de vacances. \u00a9Fournie par Karim Smili\u00a0<\/p>\n<p class=\" wall-content\"><a href=\"https:\/\/actu.fr\/le-republicain-lot-et-garonne\/\" rel=\"nofollow noopener\" target=\"_blank\">De Marmande, au Lot-et-Garonne<\/a>, en passant par des lieux de vacances au bord de l\u2019oc\u00e9an, Karim Slimi voit en la light calligraphy un terrain d\u2019expression immens\u00e9ment vaste qu\u2019il veut capturer et montrer <a href=\"https:\/\/www.instagram.com\/karimsmili\/\" rel=\"nofollow noopener\" target=\"_blank\">sur ses r\u00e9seaux sociaux<\/a>. \u00ab\u2009Je vais d\u00e9velopper cet art et le diffuser sur mes r\u00e9seaux sociaux afin de montrer qu\u2019on peut embellir la ville de Marmande gr\u00e2ce \u00e0 la calligraphie la nuit.\u2009\u00bb<\/p>\n<p class=\" wall-content\">Parmi ses autres projets, trouver prochainement un local en ville pour d\u00e9placer l\u2019atelier de son appartement dans un espace d\u2019accueil qui lui servira, par ailleurs, de lieu d\u2019exposition.<\/p>\n<p class=\" wall-content\">Toujours <b>avec l\u2019envie farouche de partager des messages de paix, de fraternit\u00e9 et d\u2019humanit\u00e9<\/b>. \u00ab\u2009Ce sont les messages que je veux mettre en avant \u00e0 travers la calligraphie. Unir les cultures. On est sur cette terre pour vivre ensemble. On n\u2019est que de passage apr\u00e8s tout.\u2009\u00bb<\/p>\n<p>    <img   decoding=\"async\" loading=\"lazy\" class=\"size-large\" src=\"https:\/\/www.europesays.com\/fr\/wp-content\/uploads\/2025\/08\/2eccb03bf598612dcb03bf59816dcbv-960x640.jpg\" alt=\"Une partie des tableaux de Karim Slimi dans son atelier.\" width=\"960\" height=\"640\"\/><br \/>\n    Une partie des tableaux de Karim Slimi dans son atelier. \u00a9Thomas Bernier<\/p>\n<p class=\" wall-content\">Des mots justes et une passion cach\u00e9e pour la po\u00e9sie qu\u2019il \u00e9voquera en fin d\u2019\u00e9change, un peu r\u00e9serv\u00e9, par peur de l\u2019intrusion, tout en soufflant l\u2019envie de m\u00ealer les vers et la calligraphie dans un possible recueil de po\u00e8mes \u00e0 l\u2019avenir. \u00ab\u2009Si un \u00e9diteur veut bien s\u2019y int\u00e9resser\u2009\u00bb, esp\u00e8re-t-il.<\/p>\n<p class=\" wall-content\">Karim Slimi est un calligraphe aux multiples facettes. Comme son art qui manie toutes les langues. Une formidable invitation au voyage des cultures.<\/p>\n<p>Site internet\u2009: www.karimsmili1.wixsite.com\u2009; page Instagram\u2009: Karim Smili\u2009; page Facebook\u2009: Karim Smili.<\/p>\n<p class=\" wall-content\">Suivez toute l\u2019actualit\u00e9 de vos villes et m\u00e9dias favoris en vous inscrivant \u00e0 <a href=\"https:\/\/moncompte.actu.fr\" title=\"D\u00e9couvez Mon Actu\" rel=\"nofollow noopener\" data-trk=\"{&quot;cta&quot;:{&quot;action&quot;:&quot;https:\\\/\\\/moncompte.actu.fr&quot;,&quot;category&quot;:&quot;mon compte&quot;,&quot;from&quot;:&quot;article footer&quot;,&quot;name&quot;:&quot;Mon actu&quot;,&quot;type&quot;:&quot;cta&quot;}}\" target=\"_blank\">Mon Actu<\/a>.<\/p>\n<p>                    <script async src=\"\/\/www.instagram.com\/embed.js\"><\/script><\/p>\n","protected":false},"excerpt":{"rendered":"Par Thomas Bernier Publi\u00e9 le 9 ao\u00fbt 2025 \u00e0 18h00 Qu\u2019elles enluminent les \u00c9vangiles, qu\u2019elles symbolisent en quelques&hellip;\n","protected":false},"author":2,"featured_media":308814,"comment_status":"","ping_status":"","sticky":false,"template":"","format":"standard","meta":{"footnotes":""},"categories":[1358],"tags":[1477,1348,1384,1385,1386,58,59,1011,27,1652,2223],"class_list":{"0":"post-308813","1":"post","2":"type-post","3":"status-publish","4":"format-standard","5":"has-post-thumbnail","7":"category-arts-et-design","8":"tag-artisanat","9":"tag-arts","10":"tag-arts-and-design","11":"tag-arts-et-design","12":"tag-design","13":"tag-divertissement","14":"tag-entertainment","15":"tag-fr","16":"tag-france","17":"tag-loisirs-culture","18":"tag-maroc"},"share_on_mastodon":{"url":"https:\/\/pubeurope.com\/@fr\/115002909592495365","error":""},"_links":{"self":[{"href":"https:\/\/www.europesays.com\/fr\/wp-json\/wp\/v2\/posts\/308813","targetHints":{"allow":["GET"]}}],"collection":[{"href":"https:\/\/www.europesays.com\/fr\/wp-json\/wp\/v2\/posts"}],"about":[{"href":"https:\/\/www.europesays.com\/fr\/wp-json\/wp\/v2\/types\/post"}],"author":[{"embeddable":true,"href":"https:\/\/www.europesays.com\/fr\/wp-json\/wp\/v2\/users\/2"}],"replies":[{"embeddable":true,"href":"https:\/\/www.europesays.com\/fr\/wp-json\/wp\/v2\/comments?post=308813"}],"version-history":[{"count":0,"href":"https:\/\/www.europesays.com\/fr\/wp-json\/wp\/v2\/posts\/308813\/revisions"}],"wp:featuredmedia":[{"embeddable":true,"href":"https:\/\/www.europesays.com\/fr\/wp-json\/wp\/v2\/media\/308814"}],"wp:attachment":[{"href":"https:\/\/www.europesays.com\/fr\/wp-json\/wp\/v2\/media?parent=308813"}],"wp:term":[{"taxonomy":"category","embeddable":true,"href":"https:\/\/www.europesays.com\/fr\/wp-json\/wp\/v2\/categories?post=308813"},{"taxonomy":"post_tag","embeddable":true,"href":"https:\/\/www.europesays.com\/fr\/wp-json\/wp\/v2\/tags?post=308813"}],"curies":[{"name":"wp","href":"https:\/\/api.w.org\/{rel}","templated":true}]}}