{"id":308815,"date":"2025-08-10T05:51:28","date_gmt":"2025-08-10T05:51:28","guid":{"rendered":"https:\/\/www.europesays.com\/fr\/308815\/"},"modified":"2025-08-10T05:51:28","modified_gmt":"2025-08-10T05:51:28","slug":"la-rue-dun-village-italien-pavee-de-3000-livres-une-premiere-mondiale","status":"publish","type":"post","link":"https:\/\/www.europesays.com\/fr\/308815\/","title":{"rendered":"La rue d&rsquo;un village italien pav\u00e9e de 3000 livres, une premi\u00e8re mondiale"},"content":{"rendered":"<p>Trois mille volumes furent d\u00e9pos\u00e9s, impossible d\u2019avancer (ni m\u00eame de poser un pied) autrement qu\u2019en admirant chaque couverture. Le tout jusqu\u2019\u00e0 21\u202fh\u202f30, dans une installation artistique aussi fragile qu\u2019extraordinaire.\u00a0<\/p>\n<p>Tout part d\u2019une biblioth\u00e8que estivale inaugur\u00e9e en juin 2024 par Giovanni Cortinovis, journaliste attach\u00e9 \u00e0 sa contrada d\u2019origine. \u00c0 l\u2019\u00e9poque, seulement 50 livres, mais en quelques mois le fonds a d\u00e9pass\u00e9 les\u202f1\u202f500, port\u00e9 par la ferveur des lecteurs, des passants, des r\u00e9seaux sociaux \u2013 le groupe Facebook \u201c<a href=\"https:\/\/www.facebook.com\/groups\/671629263963478\/\" rel=\"nofollow noopener\" target=\"_blank\">Il favoloso mondo di Tagliata<\/a>\u201d en atteste. Le concept est simple et puissant\u202f: tu prends un livre, tu d\u00e9poses un timbre, tu le rends (ou pas) quand tu veux.<\/p>\n<p><img decoding=\"async\" class=\"article_image\" src=\"https:\/\/www.europesays.com\/fr\/wp-content\/uploads\/2025\/08\/la-rue-d-un-village-italien-pavee-de-3000-livres-une-premiere-mondiale-689760b08daf8156038782.jpg\" alt=\"\/uploads\/images\/528862402-776283018680473-2301899695970313812-n-689760b08daf8156038782.jpg\"\/><\/p>\n<p>Mais revenons \u00e0 ce soir d\u2019ao\u00fbt\u202f: la rue devient symbolique, relate <a href=\"https:\/\/www.valbrembanaweb.com\/redazionale\/costa-serina-a-tagliata-nasce-la-strada-di-libri-e-il-borgo-torna-a-vivere\" rel=\"nofollow noopener\" target=\"_blank\">Val Brembana<\/a>. On ne marche plus, on avance intellectuellement. \u201cLe lecteur ne reste pas fig\u00e9 sur lui-m\u00eame, mais progresse, apprend, d\u00e9couvre\u201d, explique le communiqu\u00e9. Le geste a valeur de manifeste\u202f: la lecture comme voyage, comme r\u00e9sistance douce contre l\u2019opacit\u00e9 du monde, comme respirateur pour l\u2019esprit.<\/p>\n<p>Au-del\u00e0 du simple geste culturel, Giovanni Cortinovis a su ancrer son projet dans une dimension tr\u00e8s concr\u00e8te de solidarit\u00e9. Les b\u00e9n\u00e9fices tir\u00e9s de son premier livre, consacr\u00e9 \u00e0 la mythique course moto North West 200, ont ainsi permis d\u2019offrir au village un d\u00e9fibrillateur, install\u00e9 pr\u00e8s de l\u2019\u00e9glise. Un d\u00e9tail ? Pas vraiment.<\/p>\n<p>Dans un hameau aussi isol\u00e9, un tel \u00e9quipement peut sauver des vies. La m\u00e9taphore est toute trouv\u00e9e : la culture, ici, n\u2019est pas qu\u2019un souffle pour l\u2019esprit, elle est aussi, parfois, un battement de c\u0153ur pour la communaut\u00e9.<\/p>\n<p><img decoding=\"async\" class=\"article_image\" src=\"https:\/\/www.europesays.com\/fr\/wp-content\/uploads\/2025\/08\/la-rue-d-un-village-italien-pavee-de-3000-livres-une-premiere-mondiale-68976157a14b8759111201.jpg\" alt=\"\/uploads\/images\/529863148-776282845347157-750350927669153032-n-68976157a14b8759111201.jpg\"\/><\/p>\n<p>L\u2019initiative ne se limite pas aux amoureux des belles-lettres. Sur la place, une ludoth\u00e8que \u00e0 ciel ouvert a pris ses quartiers d\u2019\u00e9t\u00e9 : tables, chaises, jeux de soci\u00e9t\u00e9, crayons de couleur\u2026<\/p>\n<p>Les enfants y dessinent pendant que les parents feuillettent un roman, et les g\u00e9n\u00e9rations se croisent au fil des parties et des histoires racont\u00e9es. L\u2019id\u00e9e est simple : faire de la lecture un moment partag\u00e9, ouvert, o\u00f9 le livre n\u2019est pas un objet sacr\u00e9 mais un compagnon de jeu et de conversation.<\/p>\n<p>Et si cette \u201cStrada di libri\u201d semble unique, elle r\u00e9sonne pourtant avec un mouvement plus vaste. Dans le Frioul-V\u00e9n\u00e9tie Julienne, le programme \u201cLa strada dei libri passa da\u2026\u201d sillonne l\u2019\u00e9t\u00e9 avec lectures en plein air, ateliers et spectacles, dans pas moins de soixante-dix-sept communes. L\u00e0-bas, un \u201cpasseport des histoires\u201d est m\u00eame offert aux enfants pour suivre leurs d\u00e9couvertes de village en village.<\/p>\n<p>Tagliata ne figure pas sur cette carte officielle, mais son installation d\u2019ao\u00fbt s\u2019inscrit naturellement dans ce m\u00eame \u00e9lan : celui d\u2019amener les livres hors des murs, de les faire vivre au grand air et de redonner \u00e0 la lecture son r\u00f4le de lien social.<\/p>\n<p>Cr\u00e9dits photo : Il favoloso mondo di TAGLIATA<\/p>\n<\/p>\n<p>\u00a0<\/p>\n<\/p>\n<p>\u00a0<\/p>\n<\/p>\n<p class=\"article-signature\">Par <a class=\"article-signature_url\" href=\"https:\/\/actualitte.com\/auteurs\/216\/nicolas-gary\" rel=\"nofollow noopener\" target=\"_blank\">Nicolas Gary<\/a><br \/>Contact : <a class=\"article-signature_mail\" href=\"https:\/\/actualitte.com\/article\/125476\/insolite\/mailto:ng@actualitte.com\" rel=\"nofollow noopener\" target=\"_blank\">ng@actualitte.com<\/a><\/p>\n","protected":false},"excerpt":{"rendered":"Trois mille volumes furent d\u00e9pos\u00e9s, impossible d\u2019avancer (ni m\u00eame de poser un pied) autrement qu\u2019en admirant chaque couverture.&hellip;\n","protected":false},"author":2,"featured_media":308816,"comment_status":"","ping_status":"","sticky":false,"template":"","format":"standard","meta":{"footnotes":""},"categories":[1357],"tags":[1379,58,59,1011,27,1380],"class_list":{"0":"post-308815","1":"post","2":"type-post","3":"status-publish","4":"format-standard","5":"has-post-thumbnail","7":"category-livres","8":"tag-books","9":"tag-divertissement","10":"tag-entertainment","11":"tag-fr","12":"tag-france","13":"tag-livres"},"share_on_mastodon":{"url":"https:\/\/pubeurope.com\/@fr\/115002912719614618","error":""},"_links":{"self":[{"href":"https:\/\/www.europesays.com\/fr\/wp-json\/wp\/v2\/posts\/308815","targetHints":{"allow":["GET"]}}],"collection":[{"href":"https:\/\/www.europesays.com\/fr\/wp-json\/wp\/v2\/posts"}],"about":[{"href":"https:\/\/www.europesays.com\/fr\/wp-json\/wp\/v2\/types\/post"}],"author":[{"embeddable":true,"href":"https:\/\/www.europesays.com\/fr\/wp-json\/wp\/v2\/users\/2"}],"replies":[{"embeddable":true,"href":"https:\/\/www.europesays.com\/fr\/wp-json\/wp\/v2\/comments?post=308815"}],"version-history":[{"count":0,"href":"https:\/\/www.europesays.com\/fr\/wp-json\/wp\/v2\/posts\/308815\/revisions"}],"wp:featuredmedia":[{"embeddable":true,"href":"https:\/\/www.europesays.com\/fr\/wp-json\/wp\/v2\/media\/308816"}],"wp:attachment":[{"href":"https:\/\/www.europesays.com\/fr\/wp-json\/wp\/v2\/media?parent=308815"}],"wp:term":[{"taxonomy":"category","embeddable":true,"href":"https:\/\/www.europesays.com\/fr\/wp-json\/wp\/v2\/categories?post=308815"},{"taxonomy":"post_tag","embeddable":true,"href":"https:\/\/www.europesays.com\/fr\/wp-json\/wp\/v2\/tags?post=308815"}],"curies":[{"name":"wp","href":"https:\/\/api.w.org\/{rel}","templated":true}]}}