{"id":308817,"date":"2025-08-10T05:52:27","date_gmt":"2025-08-10T05:52:27","guid":{"rendered":"https:\/\/www.europesays.com\/fr\/308817\/"},"modified":"2025-08-10T05:52:27","modified_gmt":"2025-08-10T05:52:27","slug":"avez-vous-repere-tous-les-indices-caches-au-generique-de-la-serie-netflix-qui-predisent-la-saison-2","status":"publish","type":"post","link":"https:\/\/www.europesays.com\/fr\/308817\/","title":{"rendered":"Avez-vous rep\u00e9r\u00e9 tous les indices cach\u00e9s au g\u00e9n\u00e9rique de la s\u00e9rie Netflix qui pr\u00e9disent la saison 2 ?"},"content":{"rendered":"<p>Difficile en ce d\u00e9but du mois d&rsquo;ao\u00fbt de trouver un plus grand \u00e9v\u00e9nement s\u00e9rie que le retour de Jenna Ortega dans le r\u00f4le de<a href=\"https:\/\/www.programme-tv.net\/news\/series-tv\/318475-mercredi-saison-2-netflix-date-de-sortie-casting-intrigue-premieres-informations-sur-la-nouvelle-saison\/\" data-api-deeplink=\"teleloisirs:\/\/news\/318475\" target=\"_blank\" rel=\"noopener\"> Mercredi pour une seconde saison sur Netflix.<\/a> Et ces nouveaux \u00e9pisodes commencent sur les chapeaux de roues puisque, apr\u00e8s avoir crois\u00e9 le chemin <a href=\"https:\/\/www.programme-tv.net\/news\/series-tv\/384717-mercredi-netflix-le-serial-killer-au-debut-de-la-saison-2-est-il-inspire-dun-vrai-tueur\/\" data-api-deeplink=\"teleloisirs:\/\/news\/384717\" target=\"_blank\" rel=\"noopener\">d&rsquo;un c\u00e9l\u00e8bre tueur en s\u00e9rie<\/a>, la fille de la famille Addams a repris le chemin de l&rsquo;acad\u00e9mie Nevermore. Et si cette rentr\u00e9e se fait <a href=\"https:\/\/www.programme-tv.net\/news\/series-tv\/384769-mercredi-pourquoi-xavier-percy-hynes-white-a-t-il-disparu-de-la-serie\/\" data-api-deeplink=\"teleloisirs:\/\/news\/384769\" target=\"_blank\" rel=\"noopener\">sans le personnage de Xavier \u00e0 cause du d\u00e9part contraint de Percy Hynes White<\/a>, les rebondissements sont nombreux dans cette partie 1,<a href=\"https:\/\/www.programme-tv.net\/news\/series-tv\/384738-mercredi-saison-2-qui-est-vraiment-la-femme-que-libere-mercredi-a-la-fin-de-la-partie-1-notre-theorie\/\" data-api-deeplink=\"teleloisirs:\/\/news\/384738\" target=\"_blank\" rel=\"noopener\"> jusqu&rsquo;\u00e0 mener \u00e0 un final explosif dans l&rsquo;\u00e9pisode 4<\/a>. Mais un certain nombre de ces surprises aurait d&rsquo;ores et d\u00e9j\u00e0 pu \u00eatre d\u00e9cel\u00e9 pour ceux qui auraient port\u00e9 leur attention sur le g\u00e9n\u00e9rique. En effet, sur le th\u00e8me de la musique de Danny Elfman, d\u00e9filent les noms des acteurs ainsi qu&rsquo;une succession d&rsquo;images li\u00e9es \u00e0 l&rsquo;univers gothique de Mercredi. Et ce sont ces images qui rec\u00e8lent d&rsquo;indices sur les \u00e9v\u00e9nements de la saison 2&#8230; <b>Attention, spoilers.<\/b><\/p>\n<p>                        Mercredi : ces images dans le g\u00e9n\u00e9rique r\u00e9v\u00e8lent les \u00e9v\u00e9nements de la partie 1 de la saison 2. Les aviez-vous rep\u00e9r\u00e9es ?Le portail de Nevermore entour\u00e9 de corbeaux<\/p>\n<p>Le g\u00e9n\u00e9rique s&rsquo;ouvre sur le grand portail en fer de l&rsquo;acad\u00e9mie Nevermore avec de nombreux corbeaux perch\u00e9s tout autour. Le clin d&rsquo;\u0153il est plut\u00f4t tr\u00e8s \u00e9vident puisqu&rsquo;il s&rsquo;agit de la pr\u00e9sence en fil rouge des corbeaux tout au long de la saison. Leur pr\u00e9sence pr\u00e8s de l&rsquo;entr\u00e9e de Nevermore peut \u00e9galement rappeler leur intrusion entre les murs de l&rsquo;acad\u00e9mie lorsqu&rsquo;ils ont attaqu\u00e9 Mercredi et Enid (Emma Myers).<\/p>\n<p>Le c\u0153ur avec des \u00e9clairs<\/p>\n<p>Un petit c\u0153ur avec des \u00e9clairs appara\u00eet \u00e9galement. Il fait r\u00e9f\u00e9rence \u00e0 deux moments cl\u00e9s de la partie 1 : le c\u0153ur lui-m\u00eame et sa forme sont identiques aux c\u0153urs que Mercredi et Morticia (<a href=\"https:\/\/www.programme-tv.net\/biographie\/13370-zeta-jones-catherine\/\" data-link-people=\"1db71919-0058-4cc7-89ea-3d3bc33b0bb7\" target=\"_blank\" rel=\"noopener\">Catherine Zeta-Jones<\/a>) apposent sur leurs tenues lors de leur duel \u00e0 l&rsquo;\u00e9p\u00e9e. La premi\u00e8re \u00e0 briser le c\u0153ur de l&rsquo;autre a gagn\u00e9. L&rsquo;autre sens cach\u00e9 dans cette image fait r\u00e9f\u00e9rence \u00e0 Slurp, le zombie que Puglsey (Isaac Ordonez) r\u00e9veille en lui injectant par erreur une charge d&rsquo;\u00e9lectricit\u00e9 gr\u00e2ce \u00e0 son pouvoir, ce qui relance son c\u0153ur m\u00e9canique.<\/p>\n<p>            La cage d&rsquo;escalier qui se transforme en horloge<\/p>\n<p>Une des s\u00e9quences du g\u00e9n\u00e9rique voit des couteaux se transformer en cage d&rsquo;escalier en colima\u00e7on, qui se mue ensuite en chiffres romains, comme ceux d&rsquo;une grande horloge. Il y a fort \u00e0 parier qu&rsquo;il s&rsquo;agit d&rsquo;une r\u00e9f\u00e9rence \u00e0 la sc\u00e8ne en haut de la tour abandonn\u00e9e, o\u00f9 l&rsquo;on peut retrouver des escaliers similaires ainsi qu&rsquo;un vitrail en horloge, dans laquelle Enid et Bruno sont enferm\u00e9s par Agnes (Evie Templeton), l&rsquo;admiratrice et stalkeuse de Mercredi.<\/p>\n<p>La poup\u00e9e sur une chaise \u00e9lectrique<\/p>\n<p>Encore une fois, cette image rassemble deux moments forts de la partie 1. La poup\u00e9e, d&rsquo;abord, rappelle le Scalpeur de Kansas City, le tueur en s\u00e9rie que Mercredi retrouve et tue en d\u00e9but de saison mais qui l&rsquo;avait d&rsquo;abord enferm\u00e9e dans sa cave et attabl\u00e9e avec toutes ses poup\u00e9es effrayantes. La dimension chaise \u00e9lectrique rappelle ensuite Willow Hill, avec les tortures inflig\u00e9es \u00e0 l&rsquo;oncle F\u00e9tide (Fester) puis la chaise similaire retrouv\u00e9e dans LOIS, le laboratoire clandestin de l&rsquo;h\u00f4pital psychiatrique qui servait \u00e0 faire des exp\u00e9riences sur les Marginaux.<\/p>\n<p>                        La tente entour\u00e9e de lanternes<\/p>\n<p>La petite tente noire ray\u00e9e de gris et d\u00e9cor\u00e9e de lanternes rappelle bien \u00e9videmment l&rsquo;\u00e9pisode o\u00f9 tout Nevermore part en camping, la famille Addams y compris, et finiront m\u00eame par affronter des scouts du coin.<\/p>\n<p>L&rsquo;arbre de Slurp<\/p>\n<p>\u00c0 la fin du g\u00e9n\u00e9rique, on peut apercevoir un grand arbre avec le tronc entaill\u00e9. Il s&rsquo;agit bien entendu de l&rsquo;arbre sous lequel est enterr\u00e9 Slurp avant que Pugsley ne le d\u00e9terre. Il y a fort \u00e0 parier que l&rsquo;on reverra cette silhouette v\u00e9g\u00e9tale puisque la fin de partie 1 nous laisse largement entendre que dans la partie 2, Slurp va continuer de se reconstituer et probablement nous r\u00e9v\u00e9ler ce qui lui est vraiment arriv\u00e9 et comment il a r\u00e9ellement atterri l\u00e0.<\/p>\n<p>Mercredi saison 2 : ces indices en disent probablement long sur la partie 2, voici nos th\u00e9oriesUn masque fissur\u00e9 avec coutures<\/p>\n<p>Parmi les premi\u00e8res images affich\u00e9es dans le g\u00e9n\u00e9rique, on peut apercevoir un masque qui a \u00e9t\u00e9 recousu. Il est probable qu&rsquo;il s&rsquo;agisse d&rsquo;une r\u00e9f\u00e9rence \u00e0 un \u00e9v\u00e9nement \u00e0 venir, soit parce que le masque va tomber d&rsquo;une des potentielles coupables dans les \u00e9pisodes suivants, soit parce qu&rsquo;il est li\u00e9 \u00e0 un des personnages que nous n&rsquo;avons pas encore crois\u00e9s. Nous n&rsquo;avons d&rsquo;ailleurs toujours pas rencontr\u00e9 le personnage incarn\u00e9 par <a href=\"https:\/\/www.programme-tv.net\/biographie\/112990-gaga-lady\/\" data-link-people=\"82995693-b91e-45f1-88bd-82a98a4c6e2f\" target=\"_blank\" rel=\"noopener\">Lady Gaga<\/a>&#8230;<\/p>\n<p>            Les papillons<\/p>\n<p>Si les corbeaux sont tr\u00e8s pr\u00e9sents dans cette partie 1, ce n&rsquo;est pour le moment pas le cas des papillons, que l&rsquo;on aper\u00e7oit pourtant largement dans le g\u00e9n\u00e9rique. Ces insectes pourraient donc intervenir dans la partie 2 de la saison 2.<\/p>\n<p>Un cr\u00e2ne ornement\u00e9 aux couleurs de D\u00eda de los Muertos<\/p>\n<p>Va-t-on avoir droit \u00e0 un \u00e9pisode sp\u00e9cial D\u00eda de los Muertos, le jour des morts, traditionnellement c\u00e9l\u00e9br\u00e9 au Mexique ? Contrairement \u00e0 No\u00ebl, voil\u00e0 bien une c\u00e9l\u00e9bration qui s&rsquo;imbrique \u00e0 la perfection dans l&rsquo;univers de Mercredi. Et vers la fin du g\u00e9n\u00e9rique, on peut d\u00e9couvrir un cr\u00e2ne de squelette d\u00e9cor\u00e9 de motifs rappelant largement cette f\u00eate.<\/p>\n<p>Le feu dans l&rsquo;\u00e2tre de la chemin\u00e9e<\/p>\n<p>Qui peut dire que le proviseur Dort (<a href=\"https:\/\/www.programme-tv.net\/biographie\/3679-buscemi-steve\/\" data-link-people=\"13ffe7b0-d14a-486c-af7c-63d023a1dafc\" target=\"_blank\" rel=\"noopener\">Steve Buscemi<\/a>) n&rsquo;est pas tout ce qu&rsquo;il y a de plus suspect ? En effet, on sent rapidement que l&rsquo;homme qui remplace Larissa Weems (<a href=\"https:\/\/www.programme-tv.net\/biographie\/221078-christie-gwendoline\/\" data-link-people=\"a62a2287-666f-4568-8a21-21c3131aa27d\" target=\"_blank\" rel=\"noopener\">Gwendoline Christie<\/a>) a des id\u00e9es derri\u00e8re la t\u00eate. D\u00e9j\u00e0 parce que sous ses airs d&rsquo;imb\u00e9cile heureux, il fait rapidement chanter Bianca (Joy Sunday) pour qu&rsquo;elle utilise son pouvoir de sir\u00e8ne sur Morticia. Mais aussi parce que lorsqu&rsquo;ils empruntent un passage secret, Ajax et les autres entendent un coup de fil suspect de Dort. La chemin\u00e9e que l&rsquo;on voit dans le g\u00e9n\u00e9rique est celle dans le bureau du proviseur et avec le feu qui y fait rage, cela nous confirme que les plans de Dort risquent encore de s\u00e9vir et que les jeunes pourraient bien emprunter encore le passage derri\u00e8re la chemin\u00e9e pour l&rsquo;espionner.<\/p>\n<p>                        Les roses rouges<\/p>\n<p>Elles sont partout : les roses rouges sont omnipr\u00e9sentes dans le g\u00e9n\u00e9rique. Une premi\u00e8re fois, on observe un champ de roses se faire ravager, tandis que deux roses apparaissent \u00e0 nouveau \u00e0 c\u00f4t\u00e9 du cr\u00e2ne d\u00e9cor\u00e9 et prennent feu. Quel est le symbole derri\u00e8re cette image ? Il serait facile d&rsquo;associer les roses rouges \u00e0 Gomez Addams et sa passion d\u00e9bordante pour sa femme, Morticia. D&rsquo;autant que cette derni\u00e8re est bien plus pr\u00e9sente en saison 2, alors le torchon est-il susceptible de br\u00fbler au sein du couple avec l&rsquo;arriv\u00e9e de la m\u00e8re de Morticia et le potentiel retour de sa s\u0153ur, Ophelia ?<\/p>\n<p>Le couteau qui joue du violoncelle<\/p>\n<p>Au d\u00e9but du g\u00e9n\u00e9rique, on peut observer le violoncelle de Mercredi \u00eatre jou\u00e9 par un couteau \u00e0 grosse lame. On peut \u00e9videmment penser qu&rsquo;il s&rsquo;agit d&rsquo;un clin d&rsquo;\u0153il aux penchants meurtriers de Mercredi. Mais il pourrait \u00e9galement s&rsquo;agir d&rsquo;une fa\u00e7on de dire que la nouvelle professeure de musique de Mercredi, qui nous semble suspecte \u00e0 bien des \u00e9gards d\u00e9j\u00e0, pourrait \u00e9galement avoir du sang sur les mains concernant les crimes commis dans les environs.<\/p>\n","protected":false},"excerpt":{"rendered":"Difficile en ce d\u00e9but du mois d&rsquo;ao\u00fbt de trouver un plus grand \u00e9v\u00e9nement s\u00e9rie que le retour de&hellip;\n","protected":false},"author":2,"featured_media":308818,"comment_status":"","ping_status":"","sticky":false,"template":"","format":"standard","meta":{"footnotes":""},"categories":[1356],"tags":[1409,244,58,59,1011,27,5878,41745,41744,127,1722,1721,129,252,1364],"class_list":{"0":"post-308817","1":"post","2":"type-post","3":"status-publish","4":"format-standard","5":"has-post-thumbnail","7":"category-television","8":"tag-bande-annonce","9":"tag-commentaire","10":"tag-divertissement","11":"tag-entertainment","12":"tag-fr","13":"tag-france","14":"tag-jenna-ortega","15":"tag-mercredi-saison-2-52190861","16":"tag-mercredi-52118434","17":"tag-netflix","18":"tag-pub-streaming-netflix","19":"tag-su00e9rie-netflix","20":"tag-svod","21":"tag-television","22":"tag-tv"},"share_on_mastodon":{"url":"https:\/\/pubeurope.com\/@fr\/115002916592007401","error":""},"_links":{"self":[{"href":"https:\/\/www.europesays.com\/fr\/wp-json\/wp\/v2\/posts\/308817","targetHints":{"allow":["GET"]}}],"collection":[{"href":"https:\/\/www.europesays.com\/fr\/wp-json\/wp\/v2\/posts"}],"about":[{"href":"https:\/\/www.europesays.com\/fr\/wp-json\/wp\/v2\/types\/post"}],"author":[{"embeddable":true,"href":"https:\/\/www.europesays.com\/fr\/wp-json\/wp\/v2\/users\/2"}],"replies":[{"embeddable":true,"href":"https:\/\/www.europesays.com\/fr\/wp-json\/wp\/v2\/comments?post=308817"}],"version-history":[{"count":0,"href":"https:\/\/www.europesays.com\/fr\/wp-json\/wp\/v2\/posts\/308817\/revisions"}],"wp:featuredmedia":[{"embeddable":true,"href":"https:\/\/www.europesays.com\/fr\/wp-json\/wp\/v2\/media\/308818"}],"wp:attachment":[{"href":"https:\/\/www.europesays.com\/fr\/wp-json\/wp\/v2\/media?parent=308817"}],"wp:term":[{"taxonomy":"category","embeddable":true,"href":"https:\/\/www.europesays.com\/fr\/wp-json\/wp\/v2\/categories?post=308817"},{"taxonomy":"post_tag","embeddable":true,"href":"https:\/\/www.europesays.com\/fr\/wp-json\/wp\/v2\/tags?post=308817"}],"curies":[{"name":"wp","href":"https:\/\/api.w.org\/{rel}","templated":true}]}}