{"id":308819,"date":"2025-08-10T05:53:30","date_gmt":"2025-08-10T05:53:30","guid":{"rendered":"https:\/\/www.europesays.com\/fr\/308819\/"},"modified":"2025-08-10T05:53:30","modified_gmt":"2025-08-10T05:53:30","slug":"ales-joe-dassin-a-enflamme-le-jardin-du-bosquet-par-la-voix-de-son-fils","status":"publish","type":"post","link":"https:\/\/www.europesays.com\/fr\/308819\/","title":{"rendered":"AL\u00c8S Joe Dassin a enflamm\u00e9 le Jardin du Bosquet\u2026 par la voix de son fils"},"content":{"rendered":"<p>Jeudi soir, les m\u00e9lodies intemporelles de Joe Dassin ont r\u00e9sonn\u00e9 au c\u0153ur d\u2019Al\u00e8s. Julien Dassin, son fils, a offert un vibrant hommage \u00e0 son p\u00e8re, transformant le Jardin du Bosquet en une grande sc\u00e8ne de souvenirs partag\u00e9s. Retour sur une soir\u00e9e empreinte de nostalgie et de joie.<\/p>\n<p>Il y avait comme un parfum d&rsquo;\u00e9t\u00e9 des ann\u00e9es 70, jeudi soir, au Jardin du Bosquet. Les notes de L\u2019\u00c9t\u00e9 indien, Les Champs-\u00c9lys\u00e9es ou Siffler sur la colline ont r\u00e9veill\u00e9 des souvenirs tendres et lumineux pour les centaines de spectateurs venus revivre les classiques de Joe Dassin. \u00c0 la t\u00eate du spectacle \u00ab Joe Dassin Story \u00bb, Julien Dassin n\u2019a pas seulement interpr\u00e9t\u00e9 les tubes de son p\u00e8re : il les a incarn\u00e9s, avec sinc\u00e9rit\u00e9, \u00e9l\u00e9gance\u2026 et une bonne dose d\u2019\u00e9motion.<\/p>\n<p>\n\t<img decoding=\"async\" src=\"https:\/\/www.europesays.com\/fr\/wp-content\/uploads\/2025\/08\/1754805201_753_image.jpg\" alt=\"Julien Dassin\"\/><\/p>\n<p>\t\t\t\t\tLe concert affichait complet en ce mois d&rsquo;Ao\u00fbt.<br \/>\n\t\t\t\t\t\t\t\t \u2022 <strong>Romain Fiore<\/strong><\/p>\n<p>Une soir\u00e9e entre passion et partage<\/p>\n<p>Avant que le fils du c\u00e9l\u00e8bre chanteur ne monte sur sc\u00e8ne, le public a eu droit \u00e0 une mise en bouche instrumentale de qualit\u00e9 avec le Richard Gardet Orchestra, dans lequel Richard Gardet a lui-m\u00eame pris part\u2026 \u00e0 la trompette. Une entr\u00e9e en mati\u00e8re classe, annonciatrice d\u2019un moment musical d\u2019exception.<\/p>\n<\/p>\n<p>Puis, place au c\u0153ur du spectacle. Julien Dassin a lanc\u00e9 les hostilit\u00e9s avec Salut, comment \u00e7a va ? avant d\u2019encha\u00eener avec Ton chemin papa, clin d&rsquo;\u0153il aussi discret que touchant \u00e0 son lien filial. La voix est pos\u00e9e, le regard juste : Julien ne cherche pas \u00e0 imiter, mais \u00e0 faire revivre. Et \u00e7a fonctionne.<\/p>\n<p>Tour \u00e0 tour, les titres mythiques s\u2019encha\u00eenent. Le petit pain au chocolat, Et si tu n\u2019existais pas, Salut les amoureux&#8230; Le public, d\u2019abord sage, se laisse peu \u00e0 peu emporter. Sur Siffler sur la colline, l\u2019ambiance change : Julien descend dans le public, les spectateurs se l\u00e8vent, dansent, sourient. Le Jardin du Bosquet devient piste de bal.<\/p>\n<p>\n\t<img decoding=\"async\" src=\"https:\/\/www.europesays.com\/fr\/wp-content\/uploads\/2025\/08\/1754805202_313_image.jpg\" alt=\"Julien Dassin\"\/><\/p>\n<p>\t\t\t\t\tJulien Dassin a interpr\u00e9t\u00e9 les classiques de son p\u00e8re.\u00a0<br \/>\n\t\t\t\t\t\t\t\t \u2022 <strong>Romain Fiore<\/strong><\/p>\n<p>Une communion populaire<\/p>\n<p>Moment fort de la soir\u00e9e : L\u2019\u00c9t\u00e9 indien. Une spectatrice, visiblement \u00e9mue, est invit\u00e9e \u00e0 monter sur sc\u00e8ne, ajoutant une touche de tendresse suppl\u00e9mentaire \u00e0 cette soir\u00e9e d\u00e9j\u00e0 bien charg\u00e9e en \u00e9motions. Plus tard, sur Taka takata, Julien Dassin s\u2019offre une nouvelle incursion dans le public, d\u00e9clenchant une salve d\u2019applaudissements.<\/p>\n<p>\n\t<img decoding=\"async\" src=\"https:\/\/www.europesays.com\/fr\/wp-content\/uploads\/2025\/08\/1754805203_641_image.jpg\" alt=\"Julien Dassin\"\/><\/p>\n<p>\t\t\t\t\tAu milieu de la foule, Julien Dassin s&rsquo;est m\u00eal\u00e9 avec les al\u00e9siens.<br \/>\n\t\t\t\t\t\t\t\t \u2022 <strong>Romain Fiore<\/strong><\/p>\n<p>Les classiques d\u00e9filent : La bande \u00e0 Bonnot pour les amateurs, Dans les yeux d\u2019\u00c9milie ou encore Dernier slow. Et pour finir, comme un symbole de cette f\u00eate musicale franco-am\u00e9ricaine, L\u2019Am\u00e9rique met tout le monde d\u2019accord.<\/p>\n<\/p>\n<p>Julien Dassin, digne h\u00e9ritier<\/p>\n<p>Pas de mim\u00e9tisme forc\u00e9, pas d\u2019artifices : Julien Dassin avance avec respect, en portant les chansons de son p\u00e8re comme un patrimoine vivant. Sa voix, ses gestes, sa proximit\u00e9 avec le public font de lui bien plus qu\u2019un interpr\u00e8te : un passeur de m\u00e9moire.<\/p>\n<p>En cette belle soir\u00e9e d\u2019ao\u00fbt \u00e0 Al\u00e8s, Joe Dassin \u00e9tait partout. Dans les refrains chant\u00e9s en ch\u0153ur, les mains qui battent la mesure, les yeux qui brillent de souvenirs. Et Julien, son fils, en a \u00e9t\u00e9 le chef d\u2019orchestre, le temps d\u2019un hommage aussi vibrant qu\u2019inoubliable.<\/p>\n<\/p>\n<p>\n\t<img decoding=\"async\" src=\"https:\/\/www.europesays.com\/fr\/wp-content\/uploads\/2025\/08\/1754805204_510_image.jpg\" alt=\"julien dassin\"\/><\/p>\n<p>\t\t\t\t\t\t\t\t \u2022 <strong>Romain Fiore<\/strong><\/p>\n<p>\t<img decoding=\"async\" src=\"https:\/\/www.europesays.com\/fr\/wp-content\/uploads\/2025\/08\/1754805205_107_image.jpg\" alt=\"Julien Dassin\"\/><\/p>\n<p>\t\t\t\t\tJulien Dassin a re\u00e7u une standing ovation \u00e0 la fin de son concert.\u00a0<br \/>\n\t\t\t\t\t\t\t\t \u2022 <strong>Romain Fiore<\/strong><\/p>\n<p>\t<img decoding=\"async\" src=\"https:\/\/www.europesays.com\/fr\/wp-content\/uploads\/2025\/08\/1754805207_688_image.jpg\" alt=\"Julien Dassin\"\/><\/p>\n<p>\t\t\t\t\tAux Champs-\u00c9lys\u00e9es, l&rsquo;\u00c9t\u00e9 indien, dans les Yeux d&rsquo;\u00c9milie, L&rsquo;Am\u00e9rique, tant de classique laiss\u00e9 par son p\u00e8re.<br \/>\n\t\t\t\t\t\t\t\t \u2022 <strong>Romain Fiore<\/strong><\/p>\n<p>\t<img decoding=\"async\" src=\"https:\/\/www.europesays.com\/fr\/wp-content\/uploads\/2025\/08\/1754805207_135_image.jpg\" alt=\"Julien Dassin Richard Gardet\"\/><\/p>\n<p>\t\t\t\t\tRichard Gardet a accompagn\u00e9 avec son orchestre Julien Dassin pour cette soir\u00e9e.<br \/>\n\t\t\t\t\t\t\t\t \u2022 <strong>Romain Fiore<\/strong><\/p>\n<p>\t<img decoding=\"async\" src=\"https:\/\/www.europesays.com\/fr\/wp-content\/uploads\/2025\/08\/1754805209_2_image.jpg\" alt=\"Julien Dassin\"\/><\/p>\n<p>\t\t\t\t\tLe Richard Gardet Orchestra au complet avec Julien Dassin<br \/>\n\t\t\t\t\t\t\t\t \u2022 <strong>Romain Fiore<\/strong><\/p>\n<p>\t<img decoding=\"async\" src=\"https:\/\/www.europesays.com\/fr\/wp-content\/uploads\/2025\/08\/1754805210_342_image.jpg\" alt=\"Julien Dassin\"\/><\/p>\n<p>\t\t\t\t\tLa foule \u00e9tait nombreuse pour ce concert gratuit au parc du Bosquet.<br \/>\n\t\t\t\t\t\t\t\t \u2022 <strong>Romain Fiore<\/strong><\/p>\n","protected":false},"excerpt":{"rendered":"Jeudi soir, les m\u00e9lodies intemporelles de Joe Dassin ont r\u00e9sonn\u00e9 au c\u0153ur d\u2019Al\u00e8s. Julien Dassin, son fils, a&hellip;\n","protected":false},"author":2,"featured_media":308820,"comment_status":"","ping_status":"","sticky":false,"template":"","format":"standard","meta":{"footnotes":""},"categories":[1355],"tags":[58,59,1011,27,1361,873],"class_list":{"0":"post-308819","1":"post","2":"type-post","3":"status-publish","4":"format-standard","5":"has-post-thumbnail","7":"category-musique","8":"tag-divertissement","9":"tag-entertainment","10":"tag-fr","11":"tag-france","12":"tag-music","13":"tag-musique"},"share_on_mastodon":{"url":"https:\/\/pubeurope.com\/@fr\/115002920806893163","error":""},"_links":{"self":[{"href":"https:\/\/www.europesays.com\/fr\/wp-json\/wp\/v2\/posts\/308819","targetHints":{"allow":["GET"]}}],"collection":[{"href":"https:\/\/www.europesays.com\/fr\/wp-json\/wp\/v2\/posts"}],"about":[{"href":"https:\/\/www.europesays.com\/fr\/wp-json\/wp\/v2\/types\/post"}],"author":[{"embeddable":true,"href":"https:\/\/www.europesays.com\/fr\/wp-json\/wp\/v2\/users\/2"}],"replies":[{"embeddable":true,"href":"https:\/\/www.europesays.com\/fr\/wp-json\/wp\/v2\/comments?post=308819"}],"version-history":[{"count":0,"href":"https:\/\/www.europesays.com\/fr\/wp-json\/wp\/v2\/posts\/308819\/revisions"}],"wp:featuredmedia":[{"embeddable":true,"href":"https:\/\/www.europesays.com\/fr\/wp-json\/wp\/v2\/media\/308820"}],"wp:attachment":[{"href":"https:\/\/www.europesays.com\/fr\/wp-json\/wp\/v2\/media?parent=308819"}],"wp:term":[{"taxonomy":"category","embeddable":true,"href":"https:\/\/www.europesays.com\/fr\/wp-json\/wp\/v2\/categories?post=308819"},{"taxonomy":"post_tag","embeddable":true,"href":"https:\/\/www.europesays.com\/fr\/wp-json\/wp\/v2\/tags?post=308819"}],"curies":[{"name":"wp","href":"https:\/\/api.w.org\/{rel}","templated":true}]}}