{"id":30882,"date":"2025-04-17T05:18:09","date_gmt":"2025-04-17T05:18:09","guid":{"rendered":"https:\/\/www.europesays.com\/fr\/30882\/"},"modified":"2025-04-17T05:18:09","modified_gmt":"2025-04-17T05:18:09","slug":"du-bruit-chez-les-voisins-un-kilo-de-drogue-chez-lui","status":"publish","type":"post","link":"https:\/\/www.europesays.com\/fr\/30882\/","title":{"rendered":"du bruit chez les voisins, un kilo de drogue chez lui"},"content":{"rendered":"<p>            Par<br \/>\n        <strong><br \/>\n            <a href=\"https:\/\/actu.fr\/auteur\/lea-pippinato\" title=\"Consulter tous les articles de L\u00e9a Pippinato\" rel=\"nofollow noopener\" target=\"_blank\">L\u00e9a Pippinato<\/a><br \/>\n        <\/strong><\/p>\n<p>        Publi\u00e9 le<\/p>\n<p>            16 avr. 2025 \u00e0 11h32        <\/p>\n<p><strong>Ce mardi 15 avril 2025<\/strong>, vers 13h, un habitant de Lattes a contact\u00e9 la police municipale. Il souhaitait signaler des nuisances sonores survenues dans sa r\u00e9sidence. Apparemment g\u00ean\u00e9 par le vacarme, l\u2019homme a voulu faire constater la situation par les forces de l\u2019ordre et les a invit\u00e9es \u00e0 se rendre directement \u00e0 son domicile.<\/p>\n<p>    <a href=\"https:\/\/www.google.com\/maps\/embed?pb=!1m18!1m12!1m3!1d46254.39906530001!2d3.8990213!3d43.566967999999996!2m3!1f0!2f0!3f0!3m2!1i1024!2i768!4f13.1!3m3!1m2!1s0x12b6b003830534e9%3A0x4078821166ac700!2s34970%20Lattes!5e0!3m2!1sfr!2sfr!4v1744795142978!5m2!1sfr!2sfr\" title=\"Ouvrie le lien\" rel=\"nofollow noopener\" target=\"_blank\">Cliquez ici pour visualiser le contenu<\/a><\/p>\n<p class=\" wall-content\">\u00c0 leur arriv\u00e9e, les policiers municipaux ne s\u2019attendaient pas \u00e0 la sc\u00e8ne qui les attendait dans l\u2019appartement. Ils ont constat\u00e9 la pr\u00e9sence de plusieurs produits suspects, visibles \u00e0 diff\u00e9rents endroits du logement. Parmi eux, une substance bien connue : le GHB.<\/p>\n<p>Une perquisition surprise<\/p>\n<p class=\" wall-content\">Face \u00e0 cette d\u00e9couverte, les agents municipaux ont aussit\u00f4t contact\u00e9 la brigade des stup\u00e9fiants de la police nationale. L\u2019homme, visiblement sous l\u2019emprise de substances illicites, n\u2019a oppos\u00e9 aucune r\u00e9sistance. La fouille du logement a ensuite confirm\u00e9 les soup\u00e7ons des forces de l\u2019ordre. Les policiers ont d\u00e9couvert environ un kilo de 3MMC. La perquisition a \u00e9galement permis la saisie d\u2019une certaine quantit\u00e9 de mat\u00e9riel. Les policiers ont mis la main sur du mat\u00e9riel de conditionnement,<strong> 250 euros<\/strong> en petites coupures, plusieurs fioles contenant du GHB et du GBL. Plac\u00e9 en garde \u00e0 vue, le quadrag\u00e9naire devra d\u00e9sormais s\u2019expliquer devant la justice.<\/p>\n<p class=\" wall-content\">Suivez toute l\u2019actualit\u00e9 de vos villes et m\u00e9dias favoris en vous inscrivant \u00e0 <a href=\"https:\/\/moncompte.actu.fr\" title=\"D\u00e9couvez Mon Actu\" rel=\"nofollow noopener\" data-trk=\"{&quot;cta&quot;:{&quot;action&quot;:&quot;https:\\\/\\\/moncompte.actu.fr&quot;,&quot;category&quot;:&quot;mon compte&quot;,&quot;from&quot;:&quot;article footer&quot;,&quot;name&quot;:&quot;Mon actu&quot;,&quot;type&quot;:&quot;cta&quot;}}\" target=\"_blank\">Mon Actu<\/a>.<\/p>\n","protected":false},"excerpt":{"rendered":"Par L\u00e9a Pippinato Publi\u00e9 le 16 avr. 2025 \u00e0 11h32 Ce mardi 15 avril 2025, vers 13h, un&hellip;\n","protected":false},"author":2,"featured_media":30883,"comment_status":"","ping_status":"","sticky":false,"template":"","format":"standard","meta":{"footnotes":""},"categories":[9599],"tags":[1111,11,1052,1777,674,118,1011,27,2208,12,2680,1072,25],"class_list":{"0":"post-30882","1":"post","2":"type-post","3":"status-publish","4":"format-standard","5":"has-post-thumbnail","7":"category-montpellier","8":"tag-actu","9":"tag-actualites","10":"tag-drogue","11":"tag-eu","12":"tag-europe","13":"tag-faits-divers","14":"tag-fr","15":"tag-france","16":"tag-montpellier","17":"tag-news","18":"tag-occitanie","19":"tag-police","20":"tag-republique-francaise"},"share_on_mastodon":{"url":"https:\/\/pubeurope.com\/@fr\/114351617069621676","error":""},"_links":{"self":[{"href":"https:\/\/www.europesays.com\/fr\/wp-json\/wp\/v2\/posts\/30882","targetHints":{"allow":["GET"]}}],"collection":[{"href":"https:\/\/www.europesays.com\/fr\/wp-json\/wp\/v2\/posts"}],"about":[{"href":"https:\/\/www.europesays.com\/fr\/wp-json\/wp\/v2\/types\/post"}],"author":[{"embeddable":true,"href":"https:\/\/www.europesays.com\/fr\/wp-json\/wp\/v2\/users\/2"}],"replies":[{"embeddable":true,"href":"https:\/\/www.europesays.com\/fr\/wp-json\/wp\/v2\/comments?post=30882"}],"version-history":[{"count":0,"href":"https:\/\/www.europesays.com\/fr\/wp-json\/wp\/v2\/posts\/30882\/revisions"}],"wp:featuredmedia":[{"embeddable":true,"href":"https:\/\/www.europesays.com\/fr\/wp-json\/wp\/v2\/media\/30883"}],"wp:attachment":[{"href":"https:\/\/www.europesays.com\/fr\/wp-json\/wp\/v2\/media?parent=30882"}],"wp:term":[{"taxonomy":"category","embeddable":true,"href":"https:\/\/www.europesays.com\/fr\/wp-json\/wp\/v2\/categories?post=30882"},{"taxonomy":"post_tag","embeddable":true,"href":"https:\/\/www.europesays.com\/fr\/wp-json\/wp\/v2\/tags?post=30882"}],"curies":[{"name":"wp","href":"https:\/\/api.w.org\/{rel}","templated":true}]}}