{"id":308821,"date":"2025-08-10T05:54:11","date_gmt":"2025-08-10T05:54:11","guid":{"rendered":"https:\/\/www.europesays.com\/fr\/308821\/"},"modified":"2025-08-10T05:54:11","modified_gmt":"2025-08-10T05:54:11","slug":"meilleurs-films-de-pierre-niney-notre-selection-de-2025","status":"publish","type":"post","link":"https:\/\/www.europesays.com\/fr\/308821\/","title":{"rendered":"Meilleurs films de Pierre Niney : notre s\u00e9lection de 2025"},"content":{"rendered":"<p><strong>Pierre Niney<\/strong>, acteur phare du cin\u00e9ma fran\u00e7ais contemporain, s\u2019est impos\u00e9 au fil des ann\u00e9es comme <strong>une figure incontournable gr\u00e2ce \u00e0 son talent<\/strong>, sa polyvalence et ses choix artistiques audacieux. De ses d\u00e9buts prometteurs \u00e0 ses r\u00f4les acclam\u00e9s par la critique, il a su conqu\u00e9rir le c\u0153ur des spectateurs et des professionnels du cin\u00e9ma.<\/p>\n<p>Cet article vous propose de d\u00e9couvrir un <strong>classement d\u00e9taill\u00e9 de ses meilleurs films<\/strong>, bas\u00e9 sur les <strong>notes attribu\u00e9es par la communaut\u00e9 AlloCin\u00e9<\/strong>. Vous y trouverez une analyse approfondie de ses performances les plus marquantes, ainsi que l\u2019impact durable de ces \u0153uvres dans sa carri\u00e8re d\u00e9j\u00e0 riche et diverse.<\/p>\n<p>Les infos cl\u00e9s sur Pierre Niney<\/p>\n<ul>\n<li><strong>Nom complet :<\/strong> Pierre Niney<\/li>\n<li><strong>\u00c2ge :<\/strong> 36 ans (n\u00e9 en 1989)<\/li>\n<li><strong>Nationalit\u00e9 :<\/strong> Fran\u00e7aise<\/li>\n<li><strong>Carri\u00e8re :<\/strong> Acteur, r\u00e9alisateur, sc\u00e9nariste<\/li>\n<li><strong>D\u00e9but de carri\u00e8re :<\/strong> fin des ann\u00e9es 2000<\/li>\n<li><strong>Distinctions :<\/strong> C\u00e9sar du meilleur acteur pour Yves Saint Laurent<\/li>\n<li><strong>Genres vari\u00e9s :<\/strong> Drame, biopic, aventure, com\u00e9die dramatique, thriller<\/li>\n<\/ul>\n<p>Le Comte de Monte-Cristo (2024) \u2013 Note : Environ 4.5\/5<\/p>\n<p>Adaptation r\u00e9cente du classique d\u2019Alexandre Dumas, ce film met en avant Pierre Niney dans un r\u00f4le de justice et de vengeance. Son incarnation d\u2019Edmond Dant\u00e8s est salu\u00e9e pour la puissance dramatique et la nuance dans l\u2019\u00e9volution psychologique du personnage. Le film, tout en respectant le roman, propose une mise en sc\u00e8ne moderne qui a su s\u00e9duire critiques et spectateurs.<\/p>\n<p>Niney y confirme sa capacit\u00e9 \u00e0 porter des r\u00f4les \u00e9piques et intemporels avec aisance.<\/p>\n<\/p>\n<p>Frantz (2016) \u2013 Note : Environ 4.1\/5<\/p>\n<p>R\u00e9alis\u00e9 par Fran\u00e7ois Ozon, Frantz est un drame historique poignant dans lequel Pierre Niney incarne Adrien Rivoire, un jeune homme myst\u00e9rieux et intense. Le film, salu\u00e9 pour sa beaut\u00e9 visuelle et son sc\u00e9nario subtil, explore les cicatrices laiss\u00e9es par la Premi\u00e8re Guerre mondiale. Niney y livre une performance d\u2019une grande finesse, m\u00ealant retenue et \u00e9motion, ce qui lui a valu d\u2019\u00eatre largement lou\u00e9 tant par la presse que par les spectateurs.<\/p>\n<p>Ce film marque un tournant dans sa carri\u00e8re, confirmant son passage d\u2019acteur de com\u00e9die \u00e0 un interpr\u00e8te dramatique capable de porter un long m\u00e9trage ambitieux.<\/p>\n<\/p>\n<p>Boite Noire (2021) \u2013 Note : 4.1\/5<\/p>\n<p>Dans ce thriller de Yann Gozlan, Niney joue un expert en analyse de bo\u00eetes noires d\u2019avion, confront\u00e9 \u00e0 un myst\u00e8re mortel. Son jeu s\u00e9rieux et pr\u00e9cis contribue \u00e0 l\u2019atmosph\u00e8re immersive du film, qui m\u00e9lange suspense et drame technique. Bien que le film soit tr\u00e8s appr\u00e9ci\u00e9 pour son sc\u00e9nario, il est parfois jug\u00e9 un peu acad\u00e9mique.<\/p>\n<\/p>\n<p>Sauver ou p\u00e9rir (2018) \u2013 Note : 4.1\/5<\/p>\n<p>Ici, Pierre Niney incarne Franck Pasquier, un pompier h\u00e9ros projet\u00e9 dans une \u00e9preuve de vie apr\u00e8s un accident. Le film est un drame humain fort et \u00e9mouvant sur la r\u00e9silience, la famille et le d\u00e9passement de soi. La qualit\u00e9 du jeu et l\u2019implication dans ce r\u00f4le r\u00e9aliste ont \u00e9t\u00e9 salu\u00e9es, m\u00eame si le film a re\u00e7u une r\u00e9ception critique plus nuanc\u00e9e.<\/p>\n<\/p>\n<p>La Promesse de l\u2019aube (2017) \u2013 Note : 4.1\/5<\/p>\n<p>Adapt\u00e9 du roman autobiographique de Romain Gary, ce film voit Pierre Niney interpr\u00e9ter le personnage de Gary lui-m\u00eame, marqu\u00e9 par une relation intense avec sa m\u00e8re. Son interpr\u00e9tation \u00e0 la fois po\u00e9tique et dramatique porte le film, qui explore la qu\u00eate identitaire et les paradoxes charnels d\u2019une vie hors norme.<\/p>\n<\/p>\n<p>Un Homme Id\u00e9al (2015) \u2013 Note : 3.8\/5<\/p>\n<p>Dans ce thriller dramatique de Yann Gozlan, Niney campe Mathieu Vasseur, un jeune homme intelligent qui sombre dans les m\u00e9andres du plagiat et de la criminalit\u00e9. Le film m\u00e9lange suspense, psychologie et drame social, et la performance de Niney est particuli\u00e8rement remarqu\u00e9e pour sa dualit\u00e9 entre innocence apparente et manipulation mentale.<\/p>\n<p>Ce r\u00f4le a confort\u00e9 sa place dans les productions \u00e0 la fois grand public et exigeantes artistiquement.<\/p>\n<\/p>\n<p>Yves Saint Laurent (2014) \u2013 Note : 3.6\/5<\/p>\n<p>Dans ce biopic r\u00e9alis\u00e9 par Jalil Lespert, Pierre Niney incarne le l\u00e9gendaire couturier Yves Saint Laurent. Son r\u00f4le lui a valu le C\u00e9sar du meilleur acteur, r\u00e9compensant une incarnation rigoureuse, sensible et captivante. Il incarne non seulement l\u2019ic\u00f4ne de la mode, mais aussi l\u2019homme aux multiples facettes, troubl\u00e9 par ses d\u00e9mons int\u00e9rieurs.<\/p>\n<p>Le film trouve un bel \u00e9quilibre entre la vie personnelle et professionnelle du couturier, et Niney apporte \u00e0 cette complexit\u00e9 une authenticit\u00e9 qui transporte le spectateur dans l\u2019univers luxueux et tourment\u00e9 d\u2019YSL.<\/p>\n<\/p>\n<p>Deux Moi (2019) \u2013 Note : 3.6\/5<\/p>\n<p>Avec Deux Moi, r\u00e9alis\u00e9 par C\u00e9dric Klapisch, Pierre Niney joue Mathieu, un trentenaire en qu\u00eate de renouveau dans le tumulte de Paris. Le film capte avec sensibilit\u00e9 la solitude et le malaise d\u2019une g\u00e9n\u00e9ration face \u00e0 la vie urbaine et l\u2019isolement social.<\/p>\n<p>Niney offre une interpr\u00e9tation subtile, attachante, montrant un acteur mature et capable de traduire la complexit\u00e9 \u00e9motionnelle contemporaine, ce qui a renforc\u00e9 sa r\u00e9putation dans les films ind\u00e9pendants.<\/p>\n<\/p>\n<p>Mascarade (2022) \u2013 Note : 3.5\/5<\/p>\n<p>Pierre Niney retrouve Nicolas Bedos dans ce thriller m\u00eal\u00e9 de romance et de suspense psychologique. Son r\u00f4le d\u2019homme myst\u00e9rieux noy\u00e9 dans un jeu de dupes est tenu avec brio, apportant \u00e0 ce film une tension palpable. Malgr\u00e9 des avis critiques plus partag\u00e9s, sa prestation est unanimement reconnue comme un point fort du film.<\/p>\n<\/p>\n<p>Analyse et port\u00e9e de sa filmographie<\/p>\n<p>Pierre Niney se distingue par sa capacit\u00e9 \u00e0 passer ais\u00e9ment du drame \u00e0 la com\u00e9die, des films grand public aux \u0153uvres plus intimistes et artistiques. Sa filmographie class\u00e9e par notes allie des r\u00f4les de biopics comme dans Yves Saint Laurent, des films historiques tels que Frantz, \u00e0 des thrillers contemporains et des drames psychologiques. Il incarne souvent des personnages complexes, marqu\u00e9s par des contradictions internes ou des parcours de transformation.<\/p>\n<p>L\u2019attention port\u00e9e \u00e0 ses choix artistiques, souvent aupr\u00e8s de r\u00e9alisateurs de renom, et son style sobre mais puissant, font de lui un acteur incontournable du paysage cin\u00e9matographique fran\u00e7ais actuel.<\/p>\n<p>Les films \u00e0 suivre prochainement<\/p>\n<p>Pierre Niney pr\u00e9pare plusieurs projets attendus, dont Gourou de Yann Gozlan (pr\u00e9vu pour 2026) et la suite de Les <a href=\"https:\/\/worldofgeek.fr\/the-bad-guys-2-nouvelle-aventure-ete\/\" target=\"_blank\" rel=\"noopener\">Bad Guys<\/a> (2025) o\u00f9 il pr\u00eate sa voix. Ces \u0153uvres promettent de prolonger son parcours avec des r\u00f4les exigeants et diversifi\u00e9s.<\/p>\n<p>Un dernier mot sur Pierre Niney<\/p>\n<p>Ce classement des meilleurs films de Pierre Niney selon les notes AlloCin\u00e9 met en lumi\u00e8re la richesse, la diversit\u00e9 et la qualit\u00e9 constante de ses prestations. Depuis ses d\u00e9buts jusqu\u2019aux r\u00f4les r\u00e9cents, Niney s\u2019impose comme un acteur de premier plan du cin\u00e9ma fran\u00e7ais, capable d\u2019allier charisme, pr\u00e9cision et \u00e9motion avec une grande \u00e9l\u00e9gance.<\/p>\n<p>Que ce soit \u00e0 travers ses r\u00f4les embl\u00e9matiques dans Frantz, Yves Saint Laurent ou ses projets plus r\u00e9cents, il continue de fasciner et d\u2019\u00e9blouir un public toujours plus large.<\/p>\n","protected":false},"excerpt":{"rendered":"Pierre Niney, acteur phare du cin\u00e9ma fran\u00e7ais contemporain, s\u2019est impos\u00e9 au fil des ann\u00e9es comme une figure incontournable&hellip;\n","protected":false},"author":2,"featured_media":308822,"comment_status":"","ping_status":"","sticky":false,"template":"","format":"standard","meta":{"footnotes":""},"categories":[1354],"tags":[58,59,1346,1011,27,1360],"class_list":{"0":"post-308821","1":"post","2":"type-post","3":"status-publish","4":"format-standard","5":"has-post-thumbnail","7":"category-films","8":"tag-divertissement","9":"tag-entertainment","10":"tag-films","11":"tag-fr","12":"tag-france","13":"tag-movies"},"share_on_mastodon":{"url":"https:\/\/pubeurope.com\/@fr\/115002924238124838","error":""},"_links":{"self":[{"href":"https:\/\/www.europesays.com\/fr\/wp-json\/wp\/v2\/posts\/308821","targetHints":{"allow":["GET"]}}],"collection":[{"href":"https:\/\/www.europesays.com\/fr\/wp-json\/wp\/v2\/posts"}],"about":[{"href":"https:\/\/www.europesays.com\/fr\/wp-json\/wp\/v2\/types\/post"}],"author":[{"embeddable":true,"href":"https:\/\/www.europesays.com\/fr\/wp-json\/wp\/v2\/users\/2"}],"replies":[{"embeddable":true,"href":"https:\/\/www.europesays.com\/fr\/wp-json\/wp\/v2\/comments?post=308821"}],"version-history":[{"count":0,"href":"https:\/\/www.europesays.com\/fr\/wp-json\/wp\/v2\/posts\/308821\/revisions"}],"wp:featuredmedia":[{"embeddable":true,"href":"https:\/\/www.europesays.com\/fr\/wp-json\/wp\/v2\/media\/308822"}],"wp:attachment":[{"href":"https:\/\/www.europesays.com\/fr\/wp-json\/wp\/v2\/media?parent=308821"}],"wp:term":[{"taxonomy":"category","embeddable":true,"href":"https:\/\/www.europesays.com\/fr\/wp-json\/wp\/v2\/categories?post=308821"},{"taxonomy":"post_tag","embeddable":true,"href":"https:\/\/www.europesays.com\/fr\/wp-json\/wp\/v2\/tags?post=308821"}],"curies":[{"name":"wp","href":"https:\/\/api.w.org\/{rel}","templated":true}]}}