{"id":308823,"date":"2025-08-10T05:56:10","date_gmt":"2025-08-10T05:56:10","guid":{"rendered":"https:\/\/www.europesays.com\/fr\/308823\/"},"modified":"2025-08-10T05:56:10","modified_gmt":"2025-08-10T05:56:10","slug":"football-les-tops-et-flops-de-laval-asse-moueffek-et-boakye-percutants-nade-fragile-le-progres","status":"publish","type":"post","link":"https:\/\/www.europesays.com\/fr\/308823\/","title":{"rendered":"Football. Les tops et flops de Laval-ASSE : Moueffek et Boakye percutants, Nad\u00e9 fragile &#8211; Le Progr\u00e8s"},"content":{"rendered":"<ol>\n<li><a href=\"https:\/\/news.google.com\/rss\/articles\/CBMitwFBVV95cUxPOTJSMXdqZjFId2ZDc3pLVnI2Nm1raXpqM1BPYnFqSFJRVjkwUXhITXREc0JmODVuVVEwaHMtYUp4SE9LazM0NlRYTllYWmd3STJMNXgzWkxwQ19CU1BvZkZzTm95WWE1c1BYeHgyNklYVUFBLTlwazJXanMwOE90SW5wdXJsU0xBekd4VHJyOHA3U2FOcmFtV2ZwWUdPQjFRX2habE9BZlVpQnJDZngzWWtGcGl5dGM?oc=5\" target=\"_blank\" rel=\"noopener\">Football. Les tops et flops de Laval-ASSE : Moueffek et Boakye percutants, Nad\u00e9 fragile<\/a>&nbsp;&nbsp;Le Progr\u00e8s<\/li>\n<li><a href=\"https:\/\/news.google.com\/rss\/articles\/CBMi6wFBVV95cUxOVEpsbjE3aXJnZV9nNmFIaXNVOEg4YzdUTWV3ZU9ZRkFBcWhsbFRQblZJcmI1QS1PZENmTXN2eXVDVWZYV19zZ1o1S1p6NGNqcThVcTROdGpsWjMyTG50UTVpbUo3UGZyMUl6eXZOUG1wdzhoc014eHN5czJWVmxLMC11UFZTeTNrQTNoWDNTNkJpSlNVc0laaFhzWkJCM2J1V1lQV1BSMFZFSlJxZjBqc1Z2bVV0MWUyT1haRVVFMGxzUmE3VEdCRVByWHREbXZUQXdpZk4wVml2Ylo0MlVrRTg0bTQyVGFPQUJV?oc=5\" target=\"_blank\" rel=\"noopener\">Pour son retour en Ligue 2, Saint-Etienne fait le spectacle mais finit frustr\u00e9, comme Montpellier<\/a>&nbsp;&nbsp;L&rsquo;\u00c9quipe<\/li>\n<li><a href=\"https:\/\/news.google.com\/rss\/articles\/CBMilAFBVV95cUxONGlvZnhSalA3SEN3cl9zYmJOWE9PUTJRQ1hCNjJWS0ZBRW1TTWpJcWxWQXktaFhHdEFRMmFnS2RXVlVIX3AwZGpUbXJ6eUZSUUhxUVVKNlBXeTJxancxVURLM3dtWE1pd3JvdXNQVG9jSXk5YzRXQ05rNDZGVUtjNG9STzl6N05MVWpOS09NV1BRTVlP?oc=5\" target=\"_blank\" rel=\"noopener\">#LAVALASSE : Eirik Horneland : \u00ab\u00a0Ce nul ne peut pas nous satisfaire\u00a0\u00bb<\/a>&nbsp;&nbsp;ASSE<\/li>\n<li><a href=\"https:\/\/news.google.com\/rss\/articles\/CBMi9AFBVV95cUxPS0Myelk0eGhpVFN5R2Q5QTgxOWh1N3I3dkZGWXhPYTZuNFZnUDV6Ymh6dVBiU0U5SUQ3THdEXzBEM1VrUW5DbW9QVE16ZVYtS0VhRzFqYThCS2JEdEpPclBvWEh3Uk1qU1NlRjRocVVhMGYwQUUyaEhkTl85bzZTMGw3VUpEb2pncnEtWm5xMVc4VlhkcDlHWDQwekctZ1hlV0xnemZYRVFyU3dPbGk0TldobEhXUVFSSm10aVZ5UDBjNDhUMDdmZ0V4OGwtSzRLaHZPbXBHR1NFWVBzanNpbmMwRTBCS0FYM2J3YUo4YURGVkd0?oc=5\" target=\"_blank\" rel=\"noopener\">VID\u00c9O &#8211; Ligue 2 : revivez le but du jeune Ethan Clavreul qui permet \u00e0 Laval d&rsquo;\u00e9galiser contre l&rsquo;AS Saint-\u00c9tienne (3-3)<\/a>&nbsp;&nbsp;francebleu.fr<\/li>\n<li><a href=\"https:\/\/news.google.com\/rss\/articles\/CBMikAJBVV95cUxNMDd4TFJFa2tsd3g0dmd2UVFhZjRCckFoM2c1bkExbFU2VTZfN1U4dmFYbk55YVFyNmRYaDd0bmUtZnNvMWZUc1RkcEUtM1ZtbGEyTHZUZWtXQlNseUc4NlphTlFLOXZ4SmVDWmJVNzAyM3cyN0tkdE5CVXFkODVUREJIY3BPbW0yTno1RjdSRFM3MlRRRjcxZmJyV0xYXzlzOGY0dXljWFdzTXZ5dElvVWloMFJXbFU4ay0zSkh2SzFlWm1McDNtdkxMY1FybkhNZERpMWZZUHNhTzI4djQwUDF6M3djazM2a21uV0FGLTZjbThIRFFmRFRoSC1URUdsbVlwYVhTNWE3RkxPNjlvYw?oc=5\" target=\"_blank\" rel=\"noopener\">Les Verts et Montpellier retrouvent la L2 par un nul, Pau premier leader<\/a>&nbsp;&nbsp;Eurosport<\/li>\n<\/ol>\n","protected":false},"excerpt":{"rendered":"Football. Les tops et flops de Laval-ASSE : Moueffek et Boakye percutants, Nad\u00e9 fragile&nbsp;&nbsp;Le Progr\u00e8s Pour son retour&hellip;\n","protected":false},"author":2,"featured_media":308824,"comment_status":"","ping_status":"","sticky":false,"template":"","format":"standard","meta":{"footnotes":""},"categories":[9],"tags":[4000,107,63,1011,27,3367,4001,517,60],"class_list":{"0":"post-308823","1":"post","2":"type-post","3":"status-publish","4":"format-standard","5":"has-post-thumbnail","7":"category-sports","8":"tag-asse-as-saint-etienne-football","9":"tag-fil-info","10":"tag-football","11":"tag-fr","12":"tag-france","13":"tag-loire","14":"tag-saint-etienne","15":"tag-sport","16":"tag-sports"},"share_on_mastodon":{"url":"https:\/\/pubeurope.com\/@fr\/115002932161065605","error":""},"_links":{"self":[{"href":"https:\/\/www.europesays.com\/fr\/wp-json\/wp\/v2\/posts\/308823","targetHints":{"allow":["GET"]}}],"collection":[{"href":"https:\/\/www.europesays.com\/fr\/wp-json\/wp\/v2\/posts"}],"about":[{"href":"https:\/\/www.europesays.com\/fr\/wp-json\/wp\/v2\/types\/post"}],"author":[{"embeddable":true,"href":"https:\/\/www.europesays.com\/fr\/wp-json\/wp\/v2\/users\/2"}],"replies":[{"embeddable":true,"href":"https:\/\/www.europesays.com\/fr\/wp-json\/wp\/v2\/comments?post=308823"}],"version-history":[{"count":0,"href":"https:\/\/www.europesays.com\/fr\/wp-json\/wp\/v2\/posts\/308823\/revisions"}],"wp:featuredmedia":[{"embeddable":true,"href":"https:\/\/www.europesays.com\/fr\/wp-json\/wp\/v2\/media\/308824"}],"wp:attachment":[{"href":"https:\/\/www.europesays.com\/fr\/wp-json\/wp\/v2\/media?parent=308823"}],"wp:term":[{"taxonomy":"category","embeddable":true,"href":"https:\/\/www.europesays.com\/fr\/wp-json\/wp\/v2\/categories?post=308823"},{"taxonomy":"post_tag","embeddable":true,"href":"https:\/\/www.europesays.com\/fr\/wp-json\/wp\/v2\/tags?post=308823"}],"curies":[{"name":"wp","href":"https:\/\/api.w.org\/{rel}","templated":true}]}}