{"id":308833,"date":"2025-08-10T06:01:13","date_gmt":"2025-08-10T06:01:13","guid":{"rendered":"https:\/\/www.europesays.com\/fr\/308833\/"},"modified":"2025-08-10T06:01:13","modified_gmt":"2025-08-10T06:01:13","slug":"42-departements-en-alerte-ce-dimanche-avant-un-pic-attendu-lundi","status":"publish","type":"post","link":"https:\/\/www.europesays.com\/fr\/308833\/","title":{"rendered":"42 d\u00e9partements en alerte ce dimanche, avant un pic attendu lundi"},"content":{"rendered":"<p>        <img decoding=\"async\" loading=\"lazy\" src=\"https:\/\/www.europesays.com\/fr\/wp-content\/uploads\/2025\/08\/ffeb266_upload-1-dtnwqiy54p1m-000-632g2g7.jpg\"  width=\"728\" height=\"409\" alt=\"La vague de chaleur s\u2019\u00e9tend\u00a0: 42\u00a0d\u00e9partements en vigilance orange canicule dimanche, avant un pic lundi (Photo d\u2019illustration)\"\/>  <\/p>\n<p>LOIC VENANCE \/ AFP<\/p>\n<p>La vague de chaleur s\u2019\u00e9tend\u00a0: 42\u00a0d\u00e9partements en vigilance orange canicule dimanche, avant un pic lundi (Photo d\u2019illustration)<\/p>\n<p>          <img decoding=\"async\" loading=\"lazy\" src=\"https:\/\/www.europesays.com\/fr\/wp-content\/uploads\/2025\/08\/1d0494f_upload-1-loaxefym2a2g-afp-20250808-693y263-v2-highres-franceweatherheat.jpg\"  width=\"728\" height=\"410\" alt=\"Les gens se rafra\u00eechissent sur le \u00ab Miroir d\u2019Eau \u00bb \u00e0 Bordeaux, dans le sud-ouest de la France, le 8\u00a0ao\u00fbt 2025, alors qu\u2019une vague de chaleur s\u2019\u00e9tend sur les r\u00e9gions m\u00e9ridionales du pays.\"\/>  <\/p>\n<p>PHILIPPE LOPEZ \/ AFP<\/p>\n<p>Les gens se rafra\u00eechissent sur le \u00ab Miroir d\u2019Eau \u00bb \u00e0 Bordeaux, dans le sud-ouest de la France, le 8\u00a0ao\u00fbt 2025, alors qu\u2019une vague de chaleur s\u2019\u00e9tend sur les r\u00e9gions m\u00e9ridionales du pays.<\/p>\n<p class=\"asset asset-text\">METEO &#8211; Apr\u00e8s un r\u00e9pit en juillet, c\u2019est le retour <a href=\"https:\/\/www.huffingtonpost.fr\/france\/article\/la-chaleur-sera-telle-ce-week-end-que-la-sncf-supprime-deja-une-vingtaine-de-trajets_253406.html\" target=\"_blank\" rel=\"noopener\">des temp\u00e9ratures caniculaires.<\/a> Deux d\u00e9partements s\u2019ajoutent aux 40 d\u00e9j\u00e0 plac\u00e9s en <a href=\"https:\/\/www.huffingtonpost.fr\/france\/article\/cinq-departements-places-en-vigilance-orange-a-la-canicule-pour-vendredi_253342.html\" target=\"_blank\" rel=\"noopener\">vigilance orange canicule<\/a> pour la journ\u00e9e de ce dimanche 9\u00a0ao\u00fbt, alors que la vague de chaleur s\u2019intensifie sur la France.<\/p>\n<p class=\"asset asset-text\">La Sa\u00f4ne-et-Loire et le Jura viennent ainsi s\u2019ajouter aux 40 d\u00e9partements de la moiti\u00e9 sud du pays plac\u00e9s en vigilance orange \u00e0 partir de dimanche midi, et l\u2019alerte \u00ab\u00a0est encore susceptible d\u2019\u00eatre \u00e9tendue en fonction de l\u2019\u00e9volution des temp\u00e9ratures\u00a0\u00bb, selon les explications de M\u00e9t\u00e9o France, qui voit \u00ab\u00a0la chaleur monter encore d\u2019un cran.\u00a0\u00bb<\/p>\n<p class=\"asset asset-text\">Ainsi, le thermom\u00e8tre devrait grimper \u00ab\u00a0fr\u00e9quemment\u00a0\u00bb jusqu\u2019\u00e0 40\u00b0C, voire les \u00ab\u00a0d\u00e9passer\u00a0\u00bb dans l\u2019H\u00e9rault, le Var et le sud des d\u00e9partements de l\u2019Ard\u00e8che et de la Dr\u00f4me, toujours selon le pr\u00e9visionniste. Au plus chaud de la journ\u00e9e, 42\u00b0C sont \u00e9galement attendus \u00e0 N\u00eemes et 40\u00b0C \u00e0 Perpignan, avec des pointes \u00e0 38\u00b0C \u00e0 Bordeaux et Toulouse dans l\u2019apr\u00e8s-midi.<\/p>\n<p> La lecture de ce contenu est susceptible d\u2019entra\u00eener un d\u00e9p\u00f4t de cookies de la part de l\u2019op\u00e9rateur tiers qui l\u2019h\u00e9berge. Compte-tenu des choix que vous avez exprim\u00e9s en mati\u00e8re de d\u00e9p\u00f4t de cookies, nous avons bloqu\u00e9 l\u2019affichage de ce contenu. Si vous souhaitez y acc\u00e9der, vous devez accepter la cat\u00e9gorie de cookies \u201cContenus tiers\u201d en cliquant sur le bouton ci-dessous. <\/p>\n<p> Lire la Vid\u00e9o        <\/p>\n<p class=\"asset asset-text\">Des Pyr\u00e9n\u00e9es-Atlantiques au Jura, et de la Charente-Maritime aux Alpes-Maritimes, ce sont donc 42 d\u00e9partements de la moiti\u00e9 sud du pays qui sont class\u00e9s en vigilance orange canicule.<\/p>\n<p>                     <strong>\u00ab\u00a0Le pic est attendu entre lundi et mardi\u00a0\u00bb<\/strong>    <\/p>\n<p class=\"asset asset-text\"><strong>Voici la liste compl\u00e8te<\/strong>\u00a0: l\u2019Ain, l\u2019Allier, les Alpes-Maritimes, les Alpes-de-Haute-Provence, l\u2019Ard\u00e8che, l\u2019Ari\u00e8ge, l\u2019Aude, l\u2019Aveyron, les Bouches-du-Rh\u00f4ne, le Cantal, la Charente, la Charente-Maritime, la Corr\u00e8ze, la Dordogne, la Dr\u00f4me, le Gard, le Gers, la Haute-Garonne, la Haute-Loire, la Haute-Savoie, les Hautes-Alpes, les Hautes-Pyr\u00e9n\u00e9es, la Haute-Vienne, l\u2019H\u00e9rault, l\u2019Is\u00e8re, le Jura, la Loire, les Landes, la Loz\u00e8re, le Lot, le Lot-et-Garonne, les Pyr\u00e9n\u00e9es-Atlantiques, les Pyr\u00e9n\u00e9es-Orientales, le Puy-de-D\u00f4me, la Sa\u00f4ne-et-Loire, la Savoie, le Tarn, le Tarn-et-Garonne, le Var et le Vaucluse.<\/p>\n<p class=\"asset asset-text\">Cet \u00e9pisode n\u00e9cessite \u00ab\u00a0une vigilance particuli\u00e8re notamment pour les personnes sensibles ou expos\u00e9es\u00a0\u00bb, souligne M\u00e9t\u00e9o-France, anticipant une nouvelle intensification en d\u00e9but de semaine.<\/p>\n<p class=\"asset asset-text\">Lundi, plus de la moiti\u00e9 de l\u2019Hexagone, avec 46 d\u00e9partements centraux et de la partie Sud, seront effectivement plac\u00e9s en vigilance orange, selon un bulletin actualis\u00e9 de M\u00e9t\u00e9o-France. Les Deux-S\u00e8vres, la Vienne, la Creuse et la Haute-Corse passeront \u00e0 ce niveau d\u2019alerte d\u00e8s dimanche midi. Seule la Corse-du-Sud est annonc\u00e9e en jaune dans la moiti\u00e9 sud de l\u2019Hexagone.<\/p>\n<p class=\"asset asset-text\">\u00ab\u00a0Le pic est attendu entre lundi et mardi\u00a0\u00bb pour cette canicule, qui \u00ab\u00a0devrait durer jusqu\u2019en fin de semaine prochaine\u00a0\u00bb, \u00e9crit M\u00e9t\u00e9o-France. Selon le pr\u00e9visionniste, qui observe \u00ab\u00a0une acc\u00e9l\u00e9ration de la survenue des vagues de chaleur\u00a0\u00bb li\u00e9e au changement climatique, le pays n\u2019a connu que deux \u00e9t\u00e9s sans ce type d\u2019\u00e9pisode au cours des 16 derni\u00e8res ann\u00e9es.<\/p>\n<p class=\"asset asset-text\">Dans ce contexte, l\u2019institut a parall\u00e8lement class\u00e9 le Vaucluse en risque \u00ab\u00a0tr\u00e8s \u00e9lev\u00e9\u00a0\u00bb pour les incendies ce dimanche. Dix d\u00e9partements du pourtour m\u00e9diterran\u00e9en et de son arri\u00e8re-pays, et cinq autres du Centre-Ouest, seront en danger \u00ab\u00a0\u00e9lev\u00e9\u00a0\u00bb.<\/p>\n","protected":false},"excerpt":{"rendered":"LOIC VENANCE \/ AFP La vague de chaleur s\u2019\u00e9tend\u00a0: 42\u00a0d\u00e9partements en vigilance orange canicule dimanche, avant un pic&hellip;\n","protected":false},"author":2,"featured_media":308834,"comment_status":"","ping_status":"","sticky":false,"template":"","format":"standard","meta":{"footnotes":""},"categories":[4],"tags":[11,6698,1011,27,2487,2357,12,25,27202],"class_list":{"0":"post-308833","1":"post","2":"type-post","3":"status-publish","4":"format-standard","5":"has-post-thumbnail","7":"category-france","8":"tag-actualites","9":"tag-canicule","10":"tag-fr","11":"tag-france","12":"tag-meteo","13":"tag-meteo-france","14":"tag-news","15":"tag-republique-francaise","16":"tag-vigilance-orange"},"share_on_mastodon":{"url":"https:\/\/pubeurope.com\/@fr\/115002951956334191","error":""},"_links":{"self":[{"href":"https:\/\/www.europesays.com\/fr\/wp-json\/wp\/v2\/posts\/308833","targetHints":{"allow":["GET"]}}],"collection":[{"href":"https:\/\/www.europesays.com\/fr\/wp-json\/wp\/v2\/posts"}],"about":[{"href":"https:\/\/www.europesays.com\/fr\/wp-json\/wp\/v2\/types\/post"}],"author":[{"embeddable":true,"href":"https:\/\/www.europesays.com\/fr\/wp-json\/wp\/v2\/users\/2"}],"replies":[{"embeddable":true,"href":"https:\/\/www.europesays.com\/fr\/wp-json\/wp\/v2\/comments?post=308833"}],"version-history":[{"count":0,"href":"https:\/\/www.europesays.com\/fr\/wp-json\/wp\/v2\/posts\/308833\/revisions"}],"wp:featuredmedia":[{"embeddable":true,"href":"https:\/\/www.europesays.com\/fr\/wp-json\/wp\/v2\/media\/308834"}],"wp:attachment":[{"href":"https:\/\/www.europesays.com\/fr\/wp-json\/wp\/v2\/media?parent=308833"}],"wp:term":[{"taxonomy":"category","embeddable":true,"href":"https:\/\/www.europesays.com\/fr\/wp-json\/wp\/v2\/categories?post=308833"},{"taxonomy":"post_tag","embeddable":true,"href":"https:\/\/www.europesays.com\/fr\/wp-json\/wp\/v2\/tags?post=308833"}],"curies":[{"name":"wp","href":"https:\/\/api.w.org\/{rel}","templated":true}]}}