{"id":30884,"date":"2025-04-17T05:19:17","date_gmt":"2025-04-17T05:19:17","guid":{"rendered":"https:\/\/www.europesays.com\/fr\/30884\/"},"modified":"2025-04-17T05:19:17","modified_gmt":"2025-04-17T05:19:17","slug":"emploi-quels-sont-les-secteurs-qui-recrutent-le-plus-en-2025-en-seine-maritime","status":"publish","type":"post","link":"https:\/\/www.europesays.com\/fr\/30884\/","title":{"rendered":"Emploi. Quels sont les secteurs qui recrutent le plus en 2025 en Seine-Maritime\u00a0?"},"content":{"rendered":"<p>            Par<br \/>\n        <strong><br \/>\n            <a href=\"https:\/\/actu.fr\/auteur\/yann-rivallan\" title=\"Consulter tous les articles de Yann Rivallan\" target=\"_blank\" rel=\"noopener\">Yann Rivallan<\/a><br \/>\n        <\/strong><\/p>\n<p>        Publi\u00e9 le<\/p>\n<p>            16 avr. 2025 \u00e0 8h50        <\/p>\n<p>\u00c0 la recherche d\u2019un emploi\u2009? Ou en pleine reconversion\u2009? La direction r\u00e9gionale de <a href=\"https:\/\/actu.fr\/tag\/france-travail\" target=\"_blank\" rel=\"noopener\">France Travail<\/a> vient de d\u00e9voiler sa traditionnelle <strong>enqu\u00eate des besoins en main-d\u2019\u0153uvre<\/strong> sur l\u2019ann\u00e9e 2025 pour la Normandie. Qu\u2019en est-il en <a href=\"https:\/\/actu.fr\/normandie\/seine-maritime_76\" target=\"_blank\" rel=\"noopener\">Seine-Maritime<\/a>\u2009? Quels secteurs recrutent\u2009? Et combien de postes sont \u00e0 pourvoir\u2009? On fait le point.<\/p>\n<p>Les recrutements reviennent \u00e0 l\u2019\u00e9quilibre<\/p>\n<p class=\" wall-content\">Comme le reste des d\u00e9partements de Normandie, la Seine-Maritime voit en 2025 sa propension \u00e0 recruter diminuer dans l\u2019ensemble des secteurs d\u2019activit\u00e9. <strong>23,1\u2009% des \u00e9tablissements<\/strong> (entreprises priv\u00e9es ou fonction publique) de Seine-Maritime envisagent au moins une embauche en 2025.<\/p>\n<p class=\" wall-content\">C\u2019est 4,3 points de moins qu\u2019en 2024. Mais il s\u2019agit l\u00e0 d\u2019une tendance g\u00e9n\u00e9ralis\u00e9e, selon Laurence Hurni, directrice r\u00e9gionale de France Travail Normandie.<\/p>\n<blockquote class=\"ac-article-quote wall-content\">\n<p>Nous ne sommes pas tr\u00e8s inquiets. On est revenu \u00e0 un niveau d&rsquo;\u00e9quilibre, semblable \u00e0 celui de l&rsquo;ann\u00e9e 2019.<\/p>\n<p>    <strong>Laurence Hurni<\/strong><br \/>\n        Directrice r\u00e9gionale de France Travail Normandie    <\/p><\/blockquote>\n<p class=\" wall-content\">Une ann\u00e9e \u00ab\u2009r\u00e9f\u00e9rence\u2009\u00bb, selon la directrice, puisqu\u2019elle se situe juste avant la crise sanitaire. Le nombre d\u2019embauches a fortement augment\u00e9 ces derni\u00e8res ann\u00e9es \u00ab\u2009pour rattraper le retard apr\u00e8s le Covid\u2009\u00bb, poursuit-elle.<\/p>\n<p class=\" wall-content\">Il est donc normal d\u2019observer une baisse en 2025. Pour autant, il y a toujours <strong>\u00ab\u2009une forte intention d\u2019embauche\u2009\u00bb<\/strong> dans les entreprises normandes.<\/p>\n<p>Vid\u00e9os : en ce moment sur ActuDe nombreux postes \u00e0 pourvoir<\/p>\n<p class=\" wall-content\">En Seine-Maritime, <strong>37\u2009790 projets de recrutements<\/strong> sont pr\u00e9vus sur l\u2019ann\u00e9e 2025. \u00c0 l\u2019\u00e9chelle r\u00e9gionale, plus d\u2019un tiers de ces projets concernent des entreprises de moins de 10 salari\u00e9s. Les \u00e9tablissements les plus importants \u2013 qui disposent d\u2019au moins 200 salari\u00e9s \u2013 repr\u00e9sentent 21\u2009% des recrutements envisag\u00e9s en Normandie. Ce sont eux qui pr\u00e9voient de pourvoir le plus de postes.<\/p>\n<p class=\" wall-content\">Sans surprise, c\u2019est le bassin d\u2019emploi de Rouen qui devrait recruter le plus avec 17\u2009201 projets d\u2019embauche en 2025. Celui du Havre arrive derri\u00e8re avec 7\u2009495 projets.<\/p>\n<p>Les m\u00e9tiers qui recrutent le plus en 2025<\/p>\n<p class=\" wall-content\">Sans surprise non plus, c\u2019est le secteur des <strong>services aux particuliers<\/strong> qui va le plus embaucher en 2025 en Normandie. Il repr\u00e9sente \u00e0 lui seul 45\u2009% des projets d\u2019embauche. Viennent ensuite les services aux entreprises (17\u2009%), le commerce (13\u2009%), les industries agroalimentaires, l\u2019agriculture et les industries manufacturi\u00e8res (9\u2009%) et la construction (7\u2009%).<\/p>\n<p class=\" wall-content\">Parmi ces secteurs, <strong>les m\u00e9tiers de la vente, du tourisme et des services<\/strong> vont particuli\u00e8rement recruter dans notre r\u00e9gion. Les fonctions sociales et m\u00e9dico-sociales \u00e9galement, ainsi que chez les ouvriers des secteurs de l\u2019industrie.<\/p>\n<p class=\" wall-content\">Les recherches des recruteurs se concentrent aussi sur <strong>les cadres<\/strong> et les ouvriers du milieu de la construction et du b\u00e2timent. Des professions recherch\u00e9es mais o\u00f9 les profils sont parfois durs \u00e0 trouver car nous avons \u00ab\u2009un petit d\u00e9ficit de qualification\u2009\u00bb en Normandie, explique la directrice r\u00e9gionale de France Travail.<\/p>\n<p class=\" wall-content\"><strong>Voici le top\u00a015 des m\u00e9tiers les plus recherch\u00e9s en Normandie en 2025\u2009:<\/strong><\/p>\n<ol class=\" wall-content\">\n<li>Aides de cuisine et employ\u00e9s polyvalents de la restauration<\/li>\n<li>Aides \u00e0 domicile et auxiliaires de vie<\/li>\n<li>Agents d\u2019entretien de locaux<\/li>\n<li>Serveurs de caf\u00e9s restaurants<\/li>\n<li>Professionnels de l\u2019animation socioculturelle<\/li>\n<li>Aides-soignants<\/li>\n<li>Employ\u00e9s de libre service<\/li>\n<li>Agriculteurs<\/li>\n<li>Employ\u00e9s de l\u2019h\u00f4tellerie<\/li>\n<li>Artistes (musique, danse, spectacles)<\/li>\n<li>Cuisiniers<\/li>\n<li>Caissiers<\/li>\n<li>Infirmiers et sages-femmes<\/li>\n<li>Magasiniers et pr\u00e9parateurs de commandes peu qualifi\u00e9s<\/li>\n<li>Jardiniers des espaces verts et naturels<\/li>\n<\/ol>\n<p>Un besoin de saisonniers sur la c\u00f4te<\/p>\n<p class=\" wall-content\">Enfin, parmi les recrutements envisag\u00e9s en Seine-Maritime, 22\u2009% d\u2019entre eux ont un caract\u00e8re saisonnier. Des jobs avec des contrats \u00e0 dur\u00e9e d\u00e9termin\u00e9e o\u00f9 les postes \u00e0 pourvoir seront principalement pour des serveurs de caf\u00e9s et restaurants, des professionnels de l\u2019animation socioculturelle, des aides de cuisine, des employ\u00e9s de l\u2019h\u00f4tellerie ou encore des agriculteurs.<\/p>\n<p class=\" wall-content\">En Seine-Maritime, ce sont logiquement <strong>les bassins d\u2019emplois sur la c\u00f4te<\/strong> qui enregistrent les plus forts besoins. Dans le bassin de F\u00e9camp, 39\u2009% des projets d\u2019emplois sont saisonniers. Ils sont de 40\u2009% dans le bassin Caux-Maritime (autour de Dieppe) et de 35\u2009% au\u00a0Tr\u00e9port.<\/p>\n<p class=\" wall-content\">C\u2019est finalement le bassin de Rouen qui enregistre le taux le plus faible sur la saison touristique \u00e0 venir avec seulement 16\u2009% de projets d\u2019embauche de saisonniers.<\/p>\n<p class=\" wall-content\">Suivez toute l\u2019actualit\u00e9 de vos villes et m\u00e9dias favoris en vous inscrivant \u00e0 <a href=\"https:\/\/moncompte.actu.fr\" title=\"D\u00e9couvez Mon Actu\" rel=\"nofollow noopener\" data-trk=\"{&quot;cta&quot;:{&quot;action&quot;:&quot;https:\\\/\\\/moncompte.actu.fr&quot;,&quot;category&quot;:&quot;mon compte&quot;,&quot;from&quot;:&quot;article footer&quot;,&quot;name&quot;:&quot;Mon actu&quot;,&quot;type&quot;:&quot;cta&quot;}}\" target=\"_blank\">Mon Actu<\/a>.<\/p>\n","protected":false},"excerpt":{"rendered":"Par Yann Rivallan Publi\u00e9 le 16 avr. 2025 \u00e0 8h50 \u00c0 la recherche d\u2019un emploi\u2009? Ou en pleine&hellip;\n","protected":false},"author":2,"featured_media":30885,"comment_status":"","ping_status":"","sticky":false,"template":"","format":"standard","meta":{"footnotes":""},"categories":[9587],"tags":[1111,11,33,341,10593,1777,674,1011,27,530,12,5161,25,9590],"class_list":{"0":"post-30884","1":"post","2":"type-post","3":"status-publish","4":"format-standard","5":"has-post-thumbnail","7":"category-rouen","8":"tag-actu","9":"tag-actualites","10":"tag-economie","11":"tag-emploi","12":"tag-emplois-saisonniers","13":"tag-eu","14":"tag-europe","15":"tag-fr","16":"tag-france","17":"tag-france-travail","18":"tag-news","19":"tag-normandie","20":"tag-republique-francaise","21":"tag-rouen"},"share_on_mastodon":{"url":"https:\/\/pubeurope.com\/@fr\/114351620979184534","error":""},"_links":{"self":[{"href":"https:\/\/www.europesays.com\/fr\/wp-json\/wp\/v2\/posts\/30884","targetHints":{"allow":["GET"]}}],"collection":[{"href":"https:\/\/www.europesays.com\/fr\/wp-json\/wp\/v2\/posts"}],"about":[{"href":"https:\/\/www.europesays.com\/fr\/wp-json\/wp\/v2\/types\/post"}],"author":[{"embeddable":true,"href":"https:\/\/www.europesays.com\/fr\/wp-json\/wp\/v2\/users\/2"}],"replies":[{"embeddable":true,"href":"https:\/\/www.europesays.com\/fr\/wp-json\/wp\/v2\/comments?post=30884"}],"version-history":[{"count":0,"href":"https:\/\/www.europesays.com\/fr\/wp-json\/wp\/v2\/posts\/30884\/revisions"}],"wp:featuredmedia":[{"embeddable":true,"href":"https:\/\/www.europesays.com\/fr\/wp-json\/wp\/v2\/media\/30885"}],"wp:attachment":[{"href":"https:\/\/www.europesays.com\/fr\/wp-json\/wp\/v2\/media?parent=30884"}],"wp:term":[{"taxonomy":"category","embeddable":true,"href":"https:\/\/www.europesays.com\/fr\/wp-json\/wp\/v2\/categories?post=30884"},{"taxonomy":"post_tag","embeddable":true,"href":"https:\/\/www.europesays.com\/fr\/wp-json\/wp\/v2\/tags?post=30884"}],"curies":[{"name":"wp","href":"https:\/\/api.w.org\/{rel}","templated":true}]}}