{"id":308845,"date":"2025-08-10T06:13:09","date_gmt":"2025-08-10T06:13:09","guid":{"rendered":"https:\/\/www.europesays.com\/fr\/308845\/"},"modified":"2025-08-10T06:13:09","modified_gmt":"2025-08-10T06:13:09","slug":"la-question-pas-si-bete-a-quoi-ressemblait-la-seine-maritime-il-y-a-2000-ans","status":"publish","type":"post","link":"https:\/\/www.europesays.com\/fr\/308845\/","title":{"rendered":"La question pas si b\u00eate. \u00c0 quoi ressemblait la Seine-Maritime il y a 2000 ans\u00a0?"},"content":{"rendered":"<p>            Par<br \/>\n        <strong><br \/>\n            <a href=\"https:\/\/actu.fr\/auteur\/adrien-filoche\" title=\"Consulter tous les articles de Adrien Filoche\" rel=\"nofollow noopener\" target=\"_blank\">Adrien Filoche<\/a><br \/>\n        <\/strong><\/p>\n<p>        Publi\u00e9 le<\/p>\n<p>            10 ao\u00fbt 2025 \u00e0 7h42        <\/p>\n<p>Avec l\u2019\u00e9t\u00e9 et le calme de l\u2019actualit\u00e9, il faut parfois se creuser les m\u00e9ninges pour s\u2019occuper. Dans la r\u00e9daction de 76actu, une question a \u00e9t\u00e9 pos\u00e9e par l\u2019un de nos journalistes\u2009: mais au fait, <strong>\u00e0 quoi ressemblait la Seine-Maritime il y a 2000 ans\u2009?<\/strong> Alors, on a fait des recherches.<\/p>\n<p>En pleine Gaule romaine<\/p>\n<p class=\" wall-content\">Retournons 2000 ans en arri\u00e8re. Cette fois-ci, pas besoin de DeLorean mais simplement de l\u2019expertise de <strong>Jacques Tanguy, <\/strong>historien local.<\/p>\n<p class=\" wall-content\">En l\u2019an 25, le territoire qui correspond \u00e0 l\u2019actuelle Seine-Maritime fait partie de la Gaule romaine, plus pr\u00e9cis\u00e9ment de la province de Gallia Lugdunensis. Cela fait environ 75 ans que la r\u00e9gion \u00e9tait sous domination romaine, depuis la guerre des Gaules qui a eu lieu entre 58 et 51 av. JC.<\/p>\n<p class=\" wall-content\">\u00ab\u2009\u00c0 l\u2019\u00e9poque, les deux villes les plus importantes sont Rotomagus (Rouen) et Juliobona (Lillebonne). Dans le nord du d\u00e9partement, du c\u00f4t\u00e9 de la r\u00e9gion d\u2019Eu, il y a aussi la ville de Briga dont on a d\u00e9couvert un site arch\u00e9ologique\u2009\u00bb, souligne l\u2019historien.<\/p>\n<p class=\" wall-content\">Jacques Tanguy pr\u00e9cise aussi qu\u2019il y a d\u2019autres centres plus petits, appel\u00e9s villas, ce qui a donn\u00e9 le nom de village. \u00ab\u2009C\u2019\u00e9tait g\u00e9n\u00e9ralement des exploitations agricoles\u2009\u00bb, explique-t-il.<\/p>\n<p>Les peuples gaulois celtiques en cours de romanisation<\/p>\n<p class=\" wall-content\">D\u00e8s cette \u00e9poque, marqu\u00e9e par l\u2019empreinte romaine, on voit ainsi l\u2019apparition des premi\u00e8res structures caract\u00e9ristiques de l\u2019empire (th\u00e9\u00e2tre, therme, etc.). Il y a aussi la construction des routes, les via romana. \u00ab\u2009Le r\u00e9seau a commenc\u00e9 \u00e0 se densifier \u00e0 cette p\u00e9riode-l\u00e0\u2009\u00bb, pr\u00e9cise Jacques Tanguy.<\/p>\n<p class=\" wall-content\">Concernant les populations, on retrouve diff\u00e9rents peuples gaulois celtiques. \u00ab\u2009La r\u00e9gion \u00e9tait divis\u00e9e en cit\u00e9s. Il y a les <strong>Cal\u00e8tes<\/strong>, du c\u00f4t\u00e9 de l\u2019actuel pays de Caux, les <strong>V\u00e9liocasses<\/strong> dans la r\u00e9gion du V\u00e9xin, pr\u00e8s de Rouen\u2009\u00bb, pr\u00e9cise l\u2019historien. Et \u00e0 l\u2019\u00e9chelle de la Normandie, on retrouve \u00e9galement\u00a0les <strong>Aulerques <\/strong>vers Elbeuf ou encore les <strong>Lexoviens<\/strong> du c\u00f4t\u00e9 de Lisieux. Ce sont des peuples alors en cours de romanisation.<\/p>\n<p class=\" wall-content\">Enfin, d\u00e9j\u00e0 en l\u2019an 25, la Seine est d\u00e9j\u00e0 \u00e9tablie comme un axe structurant pour le commerce de marchandises mais aussi le transport des hommes et des femmes.<\/p>\n<p>Suivez l\u2019actualit\u00e9 de Rouen sur <a href=\"https:\/\/www.whatsapp.com\/channel\/0029VaKfnf99hXF2ddApFB1D\" rel=\"nofollow noopener\" target=\"_blank\">notre cha\u00eene WhatsApp<\/a> et sur <a href=\"https:\/\/www.tiktok.com\/@76actu.fr?lang=fr\" rel=\"nofollow noopener\" target=\"_blank\">notre compte Tik Tok<\/a>Suivez l\u2019actualit\u00e9 du\u00a0Havre sur <a href=\"https:\/\/www.whatsapp.com\/channel\/0029VaFqJYE8aKvLBwVrEe0o\" rel=\"nofollow noopener\" target=\"_blank\">notre cha\u00eene WhatsApp<\/a> et sur <a href=\"https:\/\/www.tiktok.com\/@76actu.fr?lang=fr\" rel=\"nofollow noopener\" target=\"_blank\">notre compte TikTok<\/a><\/p>\n<p class=\" wall-content\">Suivez toute l\u2019actualit\u00e9 de vos villes et m\u00e9dias favoris en vous inscrivant \u00e0 <a href=\"https:\/\/moncompte.actu.fr\" title=\"D\u00e9couvez Mon Actu\" rel=\"nofollow noopener\" data-trk=\"{&quot;cta&quot;:{&quot;action&quot;:&quot;https:\\\/\\\/moncompte.actu.fr&quot;,&quot;category&quot;:&quot;mon compte&quot;,&quot;from&quot;:&quot;article footer&quot;,&quot;name&quot;:&quot;Mon actu&quot;,&quot;type&quot;:&quot;cta&quot;}}\" target=\"_blank\">Mon Actu<\/a>.<\/p>\n<p>                    <script async src=\"\/\/www.tiktok.com\/embed.js\"><\/script><\/p>\n","protected":false},"excerpt":{"rendered":"Par Adrien Filoche Publi\u00e9 le 10 ao\u00fbt 2025 \u00e0 7h42 Avec l\u2019\u00e9t\u00e9 et le calme de l\u2019actualit\u00e9, il&hellip;\n","protected":false},"author":2,"featured_media":308846,"comment_status":"","ping_status":"","sticky":false,"template":"","format":"standard","meta":{"footnotes":""},"categories":[9587],"tags":[1111,11,1777,674,1011,27,937,1757,12,5161,2551,25,9590],"class_list":{"0":"post-308845","1":"post","2":"type-post","3":"status-publish","4":"format-standard","5":"has-post-thumbnail","7":"category-rouen","8":"tag-actu","9":"tag-actualites","10":"tag-eu","11":"tag-europe","12":"tag-fr","13":"tag-france","14":"tag-histoire","15":"tag-insolite","16":"tag-news","17":"tag-normandie","18":"tag-patrimoine","19":"tag-republique-francaise","20":"tag-rouen"},"share_on_mastodon":{"url":"https:\/\/pubeurope.com\/@fr\/115002999157424236","error":""},"_links":{"self":[{"href":"https:\/\/www.europesays.com\/fr\/wp-json\/wp\/v2\/posts\/308845","targetHints":{"allow":["GET"]}}],"collection":[{"href":"https:\/\/www.europesays.com\/fr\/wp-json\/wp\/v2\/posts"}],"about":[{"href":"https:\/\/www.europesays.com\/fr\/wp-json\/wp\/v2\/types\/post"}],"author":[{"embeddable":true,"href":"https:\/\/www.europesays.com\/fr\/wp-json\/wp\/v2\/users\/2"}],"replies":[{"embeddable":true,"href":"https:\/\/www.europesays.com\/fr\/wp-json\/wp\/v2\/comments?post=308845"}],"version-history":[{"count":0,"href":"https:\/\/www.europesays.com\/fr\/wp-json\/wp\/v2\/posts\/308845\/revisions"}],"wp:featuredmedia":[{"embeddable":true,"href":"https:\/\/www.europesays.com\/fr\/wp-json\/wp\/v2\/media\/308846"}],"wp:attachment":[{"href":"https:\/\/www.europesays.com\/fr\/wp-json\/wp\/v2\/media?parent=308845"}],"wp:term":[{"taxonomy":"category","embeddable":true,"href":"https:\/\/www.europesays.com\/fr\/wp-json\/wp\/v2\/categories?post=308845"},{"taxonomy":"post_tag","embeddable":true,"href":"https:\/\/www.europesays.com\/fr\/wp-json\/wp\/v2\/tags?post=308845"}],"curies":[{"name":"wp","href":"https:\/\/api.w.org\/{rel}","templated":true}]}}