{"id":308847,"date":"2025-08-10T06:14:32","date_gmt":"2025-08-10T06:14:32","guid":{"rendered":"https:\/\/www.europesays.com\/fr\/308847\/"},"modified":"2025-08-10T06:14:32","modified_gmt":"2025-08-10T06:14:32","slug":"herve-barbereau-hypnose-tournee-rouen-date-horaires-tarifs","status":"publish","type":"post","link":"https:\/\/www.europesays.com\/fr\/308847\/","title":{"rendered":"Herv\u00e9 Barbereau &#8211; Hypnose, Tourn\u00e9e Rouen : date, horaires, tarifs"},"content":{"rendered":"<p class=\"intro\">Herv\u00e9 Barbereau &#8211; Hypnose, Tourn\u00e9e, un spectacle \u00e0 voir \u00e0 Rouen (Th\u00e9\u00e2tre \u00e0 l&rsquo;Ouest ), le 24 octobre 2025. Toutes les informations pratiques (tarifs, billetterie, plan de salle) pour ce spectacle sont \u00e0 retrouver sur cette page. R\u00e9servez d\u00e8s maintenant vos places pour assister \u00e0 ce <a href=\"https:\/\/www.jds.fr\/rouen\/agenda\/sorties-culturelles-spectacles-expositions-cinema-470_B\" rel=\"nofollow noopener\" target=\"_blank\">spectacle \u00e0 Rouen<\/a>\u00a0!<\/p>\n<p><img decoding=\"async\" loading=\"lazy\" src=\"https:\/\/www.europesays.com\/fr\/wp-content\/uploads\/2025\/08\/herv--barbereau-tickets_400339_3320926_222x222.jpg\" alt=\"Herv\u00e9 Barbereau - Hypnose, Tourn\u00e9e\" class=\"border\"\/><\/p>\n<p>Le spectacle de Herv\u00e9 Barbereau \u00e0 Rouen en 2025<\/p>\n<p class=\"mise_en_avant\">Herv\u00e9 Barbereau en spectacle \u00e0 Rouen vendredi 24 Octobre 2025 \u00e0 21h. Ce spectacle aura lieu dans une salle bien connue dans la r\u00e9gion\u00a0: <a href=\"https:\/\/www.jds.fr\/rouen\/salle-de-concert-et-de-spectacle\/theatre-a-l-ouest-17277_L\" class=\"tde-underline\" rel=\"nofollow noopener\" target=\"_blank\">Th\u00e9\u00e2tre \u00e0 l&rsquo;Ouest &#8211; Rouen<\/a>, un lieu qui accueille r\u00e9guli\u00e8rement des spectacles comme celui de Herv\u00e9 Barbereau.<\/p>\n<p>Herv\u00e9 Barbereau est un hypnotiseur renomm\u00e9, captivant les audiences avec ses spectacles fascinants d&rsquo;hypnose. Fort de son exp\u00e9rience, il propose des performances dynamiques, alliant humour et interaction avec le public. \u00c0 travers ses spectacles, Herv\u00e9 transforme la sc\u00e8ne en un espace o\u00f9 l&rsquo;imagination et la r\u00e9alit\u00e9 se rencontrent, offrant une exp\u00e9rience inoubliable aux spectateurs. Gr\u00e2ce \u00e0 son savoir-faire, il cr\u00e9e une atmosph\u00e8re unique, propice \u00e0 la participation et au divertissement. Suivant une approche respectueuse et bienveillante, Herv\u00e9 Barbereau assure que ses spectacles restent m\u00e9morables tout en d\u00e9voilant les myst\u00e8res de l&rsquo;hypnose avec talent et expertise.<\/p>\n<p>D\u2019autres dates sont pr\u00e9vues pour ce spectacle\u00a0: retrouvez l\u2019ensemble des dates de la <a href=\"https:\/\/www.jds.fr\/artistes\/herve-barbereau-804_N\" rel=\"nofollow noopener\" target=\"_blank\">tourn\u00e9e de Herv\u00e9 Barbereau en 2025<\/a>.<\/p>\n<p>Billetterie pour le spectacle de Herv\u00e9 Barbereau \u00e0 Rouen<\/p>\n<p>Les places pour le prochain spectacle de Herv\u00e9 Barbereau \u00e0 Rouen sont en vente sur la billetterie en ligne. R\u00e9servez vos billets d\u00e8s maintenant pour d\u00e9couvrir sur sc\u00e8ne ce spectacle\u00a0!<\/p>\n<p><a class=\"btn btn-lg shadow-lg btn-primary rounded-pill fnac_link\" data-fnac=\"in_article\" href=\"https:\/\/www.awin1.com\/pclick.php?p=41285674912&amp;a=634278&amp;m=12494&amp;clickref=in_article-A-desktop\" target=\"_blank\" rel=\"nofollow noopener\"> Acheter des billets<\/a><\/p>\n<p>Les <strong>tarifs des billets pour assister au spectacle de Herv\u00e9 Barbereau \u00e0 Rouen<\/strong> d\u00e9marrent \u00e0 partir de 23\u00a0\u20ac. Diff\u00e9rentes cat\u00e9gories de places peuvent \u00eatre \u00e0 la vente, selon le placement dans la salle. Les prix peuvent donc \u00eatre diff\u00e9rents d&rsquo;une cat\u00e9gorie \u00e0 l&rsquo;autre.<\/p>\n<p>Vous pouvez aussi r\u00e9server vos places pour le spectacle de <a href=\"https:\/\/www.jds.fr\/caen\/spectacles\/herve-barbereau-hypnose-tournee-1121924_A\" rel=\"nofollow noopener\" target=\"_blank\">Herv\u00e9 Barbereau \u00e0 Caen &#8211; Th\u00e9\u00e2tre \u00e0 l&rsquo;Ouest<\/a> (14).<\/p>\n<p>Herv\u00e9 Barbereau &#8211; Hypnose, Tourn\u00e9e<\/p>\n<p><strong>Croyances, Myst\u00e8res et Ph\u00e9nom\u00e8nes \u00c9tranges<\/strong><\/p>\n<p>Dans le pr\u00e9c\u00e9dent spectacle, L\u2019Hypnose \u00c0 Travers Le Temps, Herv\u00e9 parcourait les grandes \u00e9tapes de l\u2019\u00e9volution de l\u2019hypnose, des origines jusqu\u2019\u00e0 son utilisation au 21\u00e8me si\u00e8cle, jusqu\u2019\u00e0 la reconnaissance de toutes ses vertus.<\/p>\n<p>Aujourd\u2019hui, pour beaucoup encore, l\u2019hypnose reste une supercherie ou rev\u00eat une dimension mystique, voire paranormale. L\u2019hypnose intrigue et est l\u2019objet de toutes les croyances. C\u2019est de cela que traite ce nouveau chapitre, et de cela aussi, on peut en rire\u2026<\/p>\n<p class=\"font-size-30 fw-bold lh-1 mt-0 mb-4\">Je trouve les meilleures sorties dans ma ville<\/p>\n","protected":false},"excerpt":{"rendered":"Herv\u00e9 Barbereau &#8211; Hypnose, Tourn\u00e9e, un spectacle \u00e0 voir \u00e0 Rouen (Th\u00e9\u00e2tre \u00e0 l&rsquo;Ouest ), le 24 octobre&hellip;\n","protected":false},"author":2,"featured_media":308848,"comment_status":"","ping_status":"","sticky":false,"template":"","format":"standard","meta":{"footnotes":""},"categories":[9587],"tags":[1111,11,1777,674,1011,27,12,5161,25,9590],"class_list":{"0":"post-308847","1":"post","2":"type-post","3":"status-publish","4":"format-standard","5":"has-post-thumbnail","7":"category-rouen","8":"tag-actu","9":"tag-actualites","10":"tag-eu","11":"tag-europe","12":"tag-fr","13":"tag-france","14":"tag-news","15":"tag-normandie","16":"tag-republique-francaise","17":"tag-rouen"},"share_on_mastodon":{"url":"https:\/\/pubeurope.com\/@fr\/115003002996194971","error":""},"_links":{"self":[{"href":"https:\/\/www.europesays.com\/fr\/wp-json\/wp\/v2\/posts\/308847","targetHints":{"allow":["GET"]}}],"collection":[{"href":"https:\/\/www.europesays.com\/fr\/wp-json\/wp\/v2\/posts"}],"about":[{"href":"https:\/\/www.europesays.com\/fr\/wp-json\/wp\/v2\/types\/post"}],"author":[{"embeddable":true,"href":"https:\/\/www.europesays.com\/fr\/wp-json\/wp\/v2\/users\/2"}],"replies":[{"embeddable":true,"href":"https:\/\/www.europesays.com\/fr\/wp-json\/wp\/v2\/comments?post=308847"}],"version-history":[{"count":0,"href":"https:\/\/www.europesays.com\/fr\/wp-json\/wp\/v2\/posts\/308847\/revisions"}],"wp:featuredmedia":[{"embeddable":true,"href":"https:\/\/www.europesays.com\/fr\/wp-json\/wp\/v2\/media\/308848"}],"wp:attachment":[{"href":"https:\/\/www.europesays.com\/fr\/wp-json\/wp\/v2\/media?parent=308847"}],"wp:term":[{"taxonomy":"category","embeddable":true,"href":"https:\/\/www.europesays.com\/fr\/wp-json\/wp\/v2\/categories?post=308847"},{"taxonomy":"post_tag","embeddable":true,"href":"https:\/\/www.europesays.com\/fr\/wp-json\/wp\/v2\/tags?post=308847"}],"curies":[{"name":"wp","href":"https:\/\/api.w.org\/{rel}","templated":true}]}}