{"id":308849,"date":"2025-08-10T06:16:15","date_gmt":"2025-08-10T06:16:15","guid":{"rendered":"https:\/\/www.europesays.com\/fr\/308849\/"},"modified":"2025-08-10T06:16:15","modified_gmt":"2025-08-10T06:16:15","slug":"tout-le-monde-a-besoin-daller-a-leau","status":"publish","type":"post","link":"https:\/\/www.europesays.com\/fr\/308849\/","title":{"rendered":"Tout le monde a besoin d&rsquo;aller \u00e0 l&rsquo;eau"},"content":{"rendered":"<p>            Par<br \/>\n        <strong><br \/>\n            <a href=\"https:\/\/actu.fr\/auteur\/lisa-rodrigues\" title=\"Consulter tous les articles de Lisa Rodrigues\" target=\"_blank\" rel=\"noopener\">Lisa Rodrigues<\/a><br \/>\n        <\/strong><\/p>\n<p>        Publi\u00e9 le<\/p>\n<p>            10 ao\u00fbt 2025 \u00e0 7h02        <\/p>\n<p>Alors que la <a href=\"https:\/\/actu.fr\/meteo\/canicule-meteo-france-place-l-isere-en-vigilance-orange-les-temperatures-continuent-de-grimper_63011253.html\" target=\"_blank\" rel=\"noopener\">canicule est de retour<\/a> en Is\u00e8re, les communes du lac de Paladru, \u00e0 une quarantaine de minutes de <a href=\"https:\/\/actu.fr\/auvergne-rhone-alpes\/grenoble_38185\" target=\"_blank\" rel=\"noopener\">Grenoble<\/a>, s\u2019attendent \u00e0 une affluence importante de baigneurs. Sur la <strong>plage municipale de Charavines<\/strong>, ils sont tout autant des locaux que des vacanciers et urbains fuyant la chaleur des grandes villes.<br \/>\u00ab\u00a0Le lac de Paladru est \u00e0 la fois un lieu de destination touristique de grand rayonnement et une zone de baignade de proximit\u00e9 de toutes les agglom\u00e9rations voisines, insiste Bruno Guillaud-Bataille, maire de Charavines. On a une plage avec une jauge \u00e0 300 personnes, mais <strong>on peut monter \u00e0 1 000 personnes<\/strong>\u00a0\u00bb les jours de forte affluence.<\/p>\n<p>Gratuit\u00e9 et manque de piscines attirent les familles<\/p>\n<p class=\" wall-content\">Le dernier grand \u00e9pisode de fr\u00e9quentation de Paladru, c\u2019\u00e9tait la premi\u00e8re canicule de l\u2019\u00e9t\u00e9 2025 <a href=\"https:\/\/actu.fr\/auvergne-rhone-alpes\/grenoble_38185\/meteo-la-canicule-est-de-retour-en-isere-l-alerte-declenchee-ou-ca-va-le-plus-chauffer_62833843.html\" target=\"_blank\" rel=\"noopener\">\u00e0 la fin juin<\/a>. M\u00eame si, habituellement, la p\u00e9riode est connue pour attirer les baigneurs, notamment \u00e0 Charavines. \u00ab\u00a0Nos plus fortes fr\u00e9quentations, on les observe en d\u00e9but de saison, quand personne n\u2019est encore parti en vacances et d\u00e8s les premi\u00e8res grosses vagues de chaleurs\u00a0\u00bb, indique Bruno Guillaud-Bataille.<\/p>\n<p class=\" wall-content\">La raison est simple : la plage municipale est <strong>la seule gratuite du lac<\/strong>. \u00ab\u00a0Autrement dit, les milieux populaires, les familles qui ne peuvent pas se permettre de payer \u00e0 chaque entr\u00e9e 5 ou 7 euros pour aller \u00e0 la plage viennent ici.\u00a0\u00bb<\/p>\n<blockquote class=\"ac-article-quote wall-content\">\n<p>Tout le monde a besoin d&rsquo;aller \u00e0 l&rsquo;eau quand il fait chaud. Et comme il y a de plus en plus de piscines ferm\u00e9es, le lac est tr\u00e8s tr\u00e8s fr\u00e9quent\u00e9.<\/p>\n<p>    <strong>Bruno Guillaud-Bataille<\/strong><br \/>\n        Maire de Charavines    <\/p><\/blockquote>\n<p>\u00ab\u00a0Si on met l\u2019entr\u00e9e payante, on cr\u00e9erait une ins\u00e9curit\u00e9\u00a0\u00bb<\/p>\n<p class=\" wall-content\">Cette gratuit\u00e9 de la plage, le maire compte bien la maintenir, malgr\u00e9 les demandes r\u00e9currentes d\u2019une partie de sa population pour en r\u00e9guler l\u2019entr\u00e9e.<\/p>\n<p class=\" wall-content\">\u00ab\u00a0On tient \u00e0 cette gratuit\u00e9 \u00e0 Charavines. Si on met l\u2019entr\u00e9e payante, on cr\u00e9erait une ins\u00e9curit\u00e9, parce que toute cette population qui vient aujourd\u2019hui chez nous <strong>se d\u00e9porterait sur des sites ext\u00e9rieurs<\/strong> non surveill\u00e9s, voire sur des sites dangereux.\u00a0\u00bb<\/p>\n<p class=\" wall-content\">D\u2019autant plus qu\u2019il est utile de rappeler que la baignade dans le lac de Paladru n\u2019est autoris\u00e9e que sur des sites pr\u00e9d\u00e9finis, malgr\u00e9 des<a href=\"https:\/\/actu.fr\/auvergne-rhone-alpes\/charavines_38082\/pres-de-grenoble-le-cadre-tres-flou-de-la-baignade-dans-ce-lac-prise-la-situation-est-atypique_63010315.html\" target=\"_blank\" rel=\"noopener\"> zones d\u2019ombres administratives<\/a>.\u00a0<\/p>\n<p>Un poste de gendarmerie avanc\u00e9 uniquement en \u00e9t\u00e9 \u00e0 Paladru<\/p>\n<p>Qui dit augmentation de la fr\u00e9quentation des lieux dit possibilit\u00e9 d&rsquo;une multiplication de situations \u00e0 risque pour la s\u00e9curit\u00e9 des visiteurs et des locaux.<br \/>Cet \u00e9t\u00e9 encore, la gendarmerie de l&rsquo;Is\u00e8re a ouvert un poste avanc\u00e9 \u00e0 Bilieu, au bord du lac de Paladru, compos\u00e9 de 4 militaires rattach\u00e9s \u00e0 la compagnie de La Tour-du-Pin.<br \/>\u00ab\u00a0Depuis le mois de juillet, on est \u00e0 presque 40 interventions sur les communes du pourtour du lac, et plus de 35 interventions d&rsquo;initiative par les militaires du poste\u00a0\u00bb, pr\u00e9cise le commandant de la compagnie Nicolas Mohamed. Un bilan auquel il faut ajouter \u00ab\u00a0une quarantaine d&rsquo;amendes forfaitaires d\u00e9lictuelles pour de la consommation ou de la d\u00e9tention de stup\u00e9fiants\u00a0\u00bb inflig\u00e9e sur la zone.<\/p>\n<p>R\u00e9guler l\u2019acc\u00e8s au lac ?<\/p>\n<p class=\" wall-content\">La solution pourrait \u00eatre \u00e0 chercher du c\u00f4t\u00e9 de l\u2019accessibilit\u00e9 en r\u00e9gulant le nombre de personnes sur site, comme au <a href=\"https:\/\/actu.fr\/auvergne-rhone-alpes\/aiguebelette-le-lac_73001\/canicule-ce-lac-pres-de-lyon-bonde-de-monde-l-ete-devient-vite-un-enfer-des-regles-fixees_62850894.html\" target=\"_blank\" rel=\"noopener\">lac d\u2019Aiguebelette<\/a> o\u00f9 les acc\u00e8s peuvent \u00eatre ferm\u00e9s en cas de forte affluence.<\/p>\n<p class=\" wall-content\">Une <strong>option balay\u00e9e par les \u00e9lus<\/strong> des communes riveraines contact\u00e9s ces derni\u00e8res semaines par la r\u00e9daction. \u00ab Il n\u2019est pas question de <a href=\"https:\/\/actu.fr\/auvergne-rhone-alpes\/villages-du-lac-de-paladru_38292\/isere-sur-ce-lac-le-comportement-dangereux-de-baigneurs-inquiete-il-y-a-trop-de-personnes_62855108.html\" target=\"_blank\" rel=\"noopener\">fermer les axes routiers<\/a> pour acc\u00e9der au lac\u00a0\u00bb, assurait en juillet Denis Carron, maire de Villages-du-Lac-de-Paladru. M\u00eame position pour Bruno Guillaud-Bataille pour qui une fermeture des acc\u00e8s \u00ab\u00a0emp\u00eacherait les villages du lac de vivre\u00a0\u00bb et p\u00e9naliserait les commerces.<\/p>\n<p class=\" wall-content\">La communaut\u00e9 d\u2019agglom\u00e9ration du Pays Voironnais a tout de m\u00eame lanc\u00e9 des <strong>\u00e9tudes concernant l\u2019accessibilit\u00e9 du lac<\/strong> en p\u00e9riode estivale. Syst\u00e8me de navettes pour aller au lac, stationnements, am\u00e9nagements pi\u00e9tons sur les rives\u2026 Tout est sur la table, mais rien n\u2019est encore d\u00e9cid\u00e9.<\/p>\n<p class=\" wall-content\">Suivez toute l\u2019actualit\u00e9 de vos villes et m\u00e9dias favoris en vous inscrivant \u00e0 <a href=\"https:\/\/moncompte.actu.fr\" title=\"D\u00e9couvez Mon Actu\" rel=\"nofollow noopener\" data-trk=\"{&quot;cta&quot;:{&quot;action&quot;:&quot;https:\\\/\\\/moncompte.actu.fr&quot;,&quot;category&quot;:&quot;mon compte&quot;,&quot;from&quot;:&quot;article footer&quot;,&quot;name&quot;:&quot;Mon actu&quot;,&quot;type&quot;:&quot;cta&quot;}}\" target=\"_blank\">Mon Actu<\/a>.<\/p>\n","protected":false},"excerpt":{"rendered":"Par Lisa Rodrigues Publi\u00e9 le 10 ao\u00fbt 2025 \u00e0 7h02 Alors que la canicule est de retour en&hellip;\n","protected":false},"author":2,"featured_media":308850,"comment_status":"","ping_status":"","sticky":false,"template":"","format":"standard","meta":{"footnotes":""},"categories":[9566],"tags":[1111,11,2430,6698,1777,674,1011,27,2731,12,25,104,602],"class_list":{"0":"post-308849","1":"post","2":"type-post","3":"status-publish","4":"format-standard","5":"has-post-thumbnail","7":"category-grenoble","8":"tag-actu","9":"tag-actualites","10":"tag-auvergne-rhone-alpes","11":"tag-canicule","12":"tag-eu","13":"tag-europe","14":"tag-fr","15":"tag-france","16":"tag-grenoble","17":"tag-news","18":"tag-republique-francaise","19":"tag-societe","20":"tag-tourisme"},"share_on_mastodon":{"url":"https:\/\/pubeurope.com\/@fr\/115003010801057209","error":""},"_links":{"self":[{"href":"https:\/\/www.europesays.com\/fr\/wp-json\/wp\/v2\/posts\/308849","targetHints":{"allow":["GET"]}}],"collection":[{"href":"https:\/\/www.europesays.com\/fr\/wp-json\/wp\/v2\/posts"}],"about":[{"href":"https:\/\/www.europesays.com\/fr\/wp-json\/wp\/v2\/types\/post"}],"author":[{"embeddable":true,"href":"https:\/\/www.europesays.com\/fr\/wp-json\/wp\/v2\/users\/2"}],"replies":[{"embeddable":true,"href":"https:\/\/www.europesays.com\/fr\/wp-json\/wp\/v2\/comments?post=308849"}],"version-history":[{"count":0,"href":"https:\/\/www.europesays.com\/fr\/wp-json\/wp\/v2\/posts\/308849\/revisions"}],"wp:featuredmedia":[{"embeddable":true,"href":"https:\/\/www.europesays.com\/fr\/wp-json\/wp\/v2\/media\/308850"}],"wp:attachment":[{"href":"https:\/\/www.europesays.com\/fr\/wp-json\/wp\/v2\/media?parent=308849"}],"wp:term":[{"taxonomy":"category","embeddable":true,"href":"https:\/\/www.europesays.com\/fr\/wp-json\/wp\/v2\/categories?post=308849"},{"taxonomy":"post_tag","embeddable":true,"href":"https:\/\/www.europesays.com\/fr\/wp-json\/wp\/v2\/tags?post=308849"}],"curies":[{"name":"wp","href":"https:\/\/api.w.org\/{rel}","templated":true}]}}