{"id":308851,"date":"2025-08-10T06:17:13","date_gmt":"2025-08-10T06:17:13","guid":{"rendered":"https:\/\/www.europesays.com\/fr\/308851\/"},"modified":"2025-08-10T06:17:13","modified_gmt":"2025-08-10T06:17:13","slug":"pres-de-rennes-une-voiture-fait-des-tonneaux-puis-senflamme-une-fille-de-17-ans-transportee-en-urgence-absolue-a-lhopital","status":"publish","type":"post","link":"https:\/\/www.europesays.com\/fr\/308851\/","title":{"rendered":"Pr\u00e8s de Rennes, une voiture fait des tonneaux puis s\u2019enflamme\u00a0: une fille de 17 ans transport\u00e9e en urgence absolue \u00e0 l\u2019h\u00f4pital"},"content":{"rendered":"<p>Samedi, peu apr\u00e8s 20 h, une voiture a fait plusieurs tonneaux sur la d\u00e9partementale 812, dans la commune de la Chapelle-Saint-Aubert (35), pr\u00e8s de Foug\u00e8res, \u00e0 hauteur du lieu-dit La Maison Neuve.<\/p>\n<p>Le v\u00e9hicule a ensuite pris feu. Son occupante, une jeune femme de 17 ans, a heureusement pu s\u2019en extirper avant.<\/p>\n<p>Dix-sept pompiers sont intervenus sur place. Class\u00e9e bless\u00e9e en urgence absolue, la victime a \u00e9t\u00e9 transport\u00e9e par h\u00e9licopt\u00e8re \u00e0 l\u2019h\u00f4pital de Pontchaillou, \u00e0 <a href=\"https:\/\/www.letelegramme.fr\/ille-et-vilaine\/rennes-35000\/\" target=\"_blank\" rel=\"nofollow noopener\">Rennes<\/a>.<\/p>\n","protected":false},"excerpt":{"rendered":"Samedi, peu apr\u00e8s 20 h, une voiture a fait plusieurs tonneaux sur la d\u00e9partementale 812, dans la commune&hellip;\n","protected":false},"author":2,"featured_media":308852,"comment_status":"","ping_status":"","sticky":false,"template":"","format":"standard","meta":{"footnotes":""},"categories":[2821],"tags":[3085,1111,11,829,765,1777,674,118,1011,27,848,12,584,25],"class_list":{"0":"post-308851","1":"post","2":"type-post","3":"status-publish","4":"format-standard","5":"has-post-thumbnail","7":"category-rennes","8":"tag-accidents","9":"tag-actu","10":"tag-actualites","11":"tag-bretagne","12":"tag-en-continu","13":"tag-eu","14":"tag-europe","15":"tag-faits-divers","16":"tag-fr","17":"tag-france","18":"tag-ille-et-vilaine","19":"tag-news","20":"tag-rennes","21":"tag-republique-francaise"},"share_on_mastodon":{"url":"https:\/\/pubeurope.com\/@fr\/115003014708091899","error":""},"_links":{"self":[{"href":"https:\/\/www.europesays.com\/fr\/wp-json\/wp\/v2\/posts\/308851","targetHints":{"allow":["GET"]}}],"collection":[{"href":"https:\/\/www.europesays.com\/fr\/wp-json\/wp\/v2\/posts"}],"about":[{"href":"https:\/\/www.europesays.com\/fr\/wp-json\/wp\/v2\/types\/post"}],"author":[{"embeddable":true,"href":"https:\/\/www.europesays.com\/fr\/wp-json\/wp\/v2\/users\/2"}],"replies":[{"embeddable":true,"href":"https:\/\/www.europesays.com\/fr\/wp-json\/wp\/v2\/comments?post=308851"}],"version-history":[{"count":0,"href":"https:\/\/www.europesays.com\/fr\/wp-json\/wp\/v2\/posts\/308851\/revisions"}],"wp:featuredmedia":[{"embeddable":true,"href":"https:\/\/www.europesays.com\/fr\/wp-json\/wp\/v2\/media\/308852"}],"wp:attachment":[{"href":"https:\/\/www.europesays.com\/fr\/wp-json\/wp\/v2\/media?parent=308851"}],"wp:term":[{"taxonomy":"category","embeddable":true,"href":"https:\/\/www.europesays.com\/fr\/wp-json\/wp\/v2\/categories?post=308851"},{"taxonomy":"post_tag","embeddable":true,"href":"https:\/\/www.europesays.com\/fr\/wp-json\/wp\/v2\/tags?post=308851"}],"curies":[{"name":"wp","href":"https:\/\/api.w.org\/{rel}","templated":true}]}}