{"id":308853,"date":"2025-08-10T06:19:24","date_gmt":"2025-08-10T06:19:24","guid":{"rendered":"https:\/\/www.europesays.com\/fr\/308853\/"},"modified":"2025-08-10T06:19:24","modified_gmt":"2025-08-10T06:19:24","slug":"om-excellente-nouvelle-pour-les-marseillais-avant-le-coup-denvoi","status":"publish","type":"post","link":"https:\/\/www.europesays.com\/fr\/308853\/","title":{"rendered":"OM : Excellente nouvelle pour les Marseillais avant le coup d\u2019envoi"},"content":{"rendered":"<p class=\"mb-4 text-lg md:leading-8 break-words\">Le 15 ao\u00fbt, la Ligue 1 saison 2025-2026 va ouvrir ses portes avec un choc all\u00e9chant \u00e0 <a href=\"https:\/\/fr.news.yahoo.com\/sport\/ligue-1-lfp-d%C3%A9voile-nom-083505102.html\" data-ylk=\"slk:l\u2019ouverture avec des matchs \u00e0 suivre sur la cha\u00eene L1+;elm:context_link;itc:0;sec:content-canvas;outcm:mb_qualified_link;_E:mb_qualified_link;ct:story;\" class=\"link  yahoo-link\" target=\"_blank\" rel=\"noopener\">l\u2019ouverture avec des matchs \u00e0 suivre sur la cha\u00eene L1+<\/a>. Vice-champion de France, l\u2019Olympique de Marseille sera en d\u00e9placement Roazhon Park pour d\u00e9fier <a href=\"https:\/\/fr.news.yahoo.com\/sport\/officiel-valentin-rongier-signe-%C3%A0-182148994.html\" data-ylk=\"slk:le Stade Rennais, club \u00e0 qui il a vendu Valentin Rongier et Quentin Merlin cet \u00e9t\u00e9;elm:context_link;itc:0;sec:content-canvas;outcm:mb_qualified_link;_E:mb_qualified_link;ct:story;\" class=\"link  yahoo-link\" target=\"_blank\" rel=\"noopener\">le Stade Rennais, club \u00e0 qui il a vendu Valentin Rongier et Quentin Merlin cet \u00e9t\u00e9<\/a>. Mais avant le coup d\u2019envoi de ce choc, les Phoc\u00e9ens re\u00e7oivent une nouvelle qui va certainement les r\u00e9jouir.<\/p>\n<p>Supporters autoris\u00e9s, un dispositif de s\u00e9curit\u00e9 renforc\u00e9<img alt=\"Supporters autoris\u00e9s, un dispositif de s\u00e9curit\u00e9 renforc\u00e9\" loading=\"lazy\" width=\"960\" height=\"540\" decoding=\"async\" data-nimg=\"1\" class=\"rounded-lg\" style=\"color:transparent\" src=\"https:\/\/www.europesays.com\/fr\/wp-content\/uploads\/2025\/08\/3d0189cb17cff419828ec4d8f09db105.jpeg\"\/><\/p>\n<p>Supporters autoris\u00e9s, un dispositif de s\u00e9curit\u00e9 renforc\u00e9<\/p>\n<p class=\"mb-4 text-lg md:leading-8 break-words\"><a href=\"https:\/\/fr.news.yahoo.com\/sport\/ligue-1-cha%C3%AEne-ligue-1-131523257.html\" data-ylk=\"slk:La Ligue 1 2025-26 d\u00e9butera dans un contexte \u00e9lectrique;elm:context_link;itc:0;sec:content-canvas;outcm:mb_qualified_link;_E:mb_qualified_link;ct:story;\" class=\"link  yahoo-link\" target=\"_blank\" rel=\"noopener\">La Ligue 1 2025-26 d\u00e9butera dans un contexte \u00e9lectrique<\/a>. \u00c0 quelques jours du coup d\u2019envoi, les autorit\u00e9s ont valid\u00e9 la venue de plus d\u2019un millier de supporters marseillais \u00e0 Rennes. Selon <a href=\"https:\/\/rmcsport.bfmtv.com\/football\/ligue-1\/rennes-om-les-supporters-marseillais-autorises-a-se-deplacer-en-nombre-pour-la-reprise-de-la-ligue-1_AV-202508090148.html\" rel=\"nofollow noopener\" target=\"_blank\" data-ylk=\"slk:RMC Sport;elm:context_link;itc:0;sec:content-canvas\" class=\"link \">RMC Sport<\/a>, pas moins de 1 250 membres du peuple olympien garniront le parcage visiteurs du Roazhon Park vendredi soir \u00e0 20h45, pour lancer la saison dans un parfum de grand rendez-vous.<\/p>\n<p class=\"mb-4 text-lg md:leading-8 break-words\">Le voyage des fans phoc\u00e9ens sera encadr\u00e9 du d\u00e9part jusqu\u2019au stade breton. Une escorte polici\u00e8re assurera la s\u00e9curit\u00e9 de ce d\u00e9placement class\u00e9 \u00e0 risque mod\u00e9r\u00e9 (2 sur 5) par la Division nationale de la lutte contre le hooliganisme (DNLH). Cette d\u00e9cision permet aux joueurs de Roberto De Zerbi de compter sur un appui massif d\u00e8s la premi\u00e8re journ\u00e9e, face \u00e0 une formation rennaise toujours difficile \u00e0 man\u0153uvrer sur ses terres.<\/p>\n<p>Une saison pleine d\u2019ambitions<img alt=\"Une saison pleine d\u2019ambitions\" loading=\"lazy\" width=\"960\" height=\"540\" decoding=\"async\" data-nimg=\"1\" class=\"rounded-lg\" style=\"color:transparent\" src=\"https:\/\/www.europesays.com\/fr\/wp-content\/uploads\/2025\/08\/b9076e2d6d097acc09cf351931f74ccd.jpeg\"\/><\/p>\n<p>Une saison pleine d\u2019ambitions<\/p>\n<p class=\"mb-4 text-lg md:leading-8 break-words\"><a href=\"https:\/\/www.goal.com\/fr\/listes\/l-om-dompte-le-havre-et-valide-son-billet-pour-la-ligue-des-champions-1-3\/bltc2a66e8ef5093621\" rel=\"nofollow noopener\" target=\"_blank\" data-ylk=\"slk:Apr\u00e8s avoir termin\u00e9 deuxi\u00e8mes de Ligue 1 la saison pass\u00e9e, l\u2019Olympique de Marseille retrouve la Ligue des champions;elm:context_link;itc:0;sec:content-canvas\" class=\"link \">Apr\u00e8s avoir termin\u00e9 deuxi\u00e8mes de Ligue 1 la saison pass\u00e9e, l\u2019Olympique de Marseille retrouve la Ligue des champions<\/a> et nourrit de grandes ambitions. Les supporters, d\u00e9j\u00e0 survolt\u00e9s par <a href=\"https:\/\/fr.news.yahoo.com\/sport\/aubameyang-%C3%A0-l-om-marseille-103215905.html\" data-ylk=\"slk:l\u2019arriv\u00e9e de recrues comme Pierre-Emerick Aubameyang;elm:context_link;itc:0;sec:content-canvas;outcm:mb_qualified_link;_E:mb_qualified_link;ct:story;\" class=\"link  yahoo-link\" target=\"_blank\" rel=\"noopener\">l\u2019arriv\u00e9e de recrues comme Pierre-Emerick Aubameyang<\/a>, le Br\u00e9silien <a href=\"https:\/\/fr.news.yahoo.com\/sport\/officiel-igor-paixao-rejoint-lom-152428605.html\" data-ylk=\"slk:Igor Paix\u00e3o;elm:context_link;itc:0;sec:content-canvas;outcm:mb_qualified_link;_E:mb_qualified_link;ct:story;\" class=\"link  yahoo-link\" target=\"_blank\" rel=\"noopener\">Igor Paix\u00e3o<\/a> et <a href=\"https:\/\/fr.news.yahoo.com\/sport\/premi%C3%A8re-r%C3%A9action-timothy-weah-arriv%C3%A9-040605652.html\" data-ylk=\"slk:Timothy Weah;elm:context_link;itc:0;sec:content-canvas;outcm:mb_qualified_link;_E:mb_qualified_link;ct:story;\" class=\"link  yahoo-link\" target=\"_blank\" rel=\"noopener\">Timothy Weah<\/a>, ne comptent pas rel\u00e2cher la pression. Le stade V\u00e9lodrome affichera complet ce samedi 9 ao\u00fbt 2025 pour le dernier match amical face \u00e0 Aston Villa (19h), signe que l\u2019attente est immense.<\/p>\n<p>De Zerbi et la ferveur olympienne<img alt=\"De Zerbi et la ferveur olympienne\" loading=\"lazy\" width=\"960\" height=\"540\" decoding=\"async\" data-nimg=\"1\" class=\"rounded-lg\" style=\"color:transparent\" src=\"https:\/\/www.europesays.com\/fr\/wp-content\/uploads\/2025\/08\/f9200ae5ded9217230be2ea470c61f2d.jpeg\"\/><\/p>\n<p>De Zerbi et la ferveur olympienne<\/p>\n<p class=\"mb-4 text-lg md:leading-8 break-words\">Roberto De Zerbi n\u2019a jamais cach\u00e9 l\u2019importance qu\u2019il accorde \u00e0 la passion des supporters. La s\u00e9rie-documentaire du club, \u00ab\u00a0Sans jamais rien l\u00e2cher\u00a0\u00bb, en t\u00e9moigne. Avant un d\u00e9placement \u00e0 Lens en novembre dernier, il avait galvanis\u00e9 ses joueurs : \u00ab\u00a0Soyez g\u00e9n\u00e9reux avec le co\u00e9quipier mais aussi avec les gens qui ont fait des heures de route pour venir ici. \u00c9coutez! Pour les gens qui ont conduit 8-9 heures pour venir ici. Pensez \u00e0 ces choses-l\u00e0!\u00a0\u00bb<\/p>\n<p class=\"mb-4 text-lg md:leading-8 break-words\">Un message qui r\u00e9sonne \u00e0 l\u2019aube de cette nouvelle saison, o\u00f9 chaque match comptera et o\u00f9 l\u2019OM pourra s\u2019appuyer sur son public, m\u00eame loin de Marseille.<\/p>\n","protected":false},"excerpt":{"rendered":"Le 15 ao\u00fbt, la Ligue 1 saison 2025-2026 va ouvrir ses portes avec un choc all\u00e9chant \u00e0 l\u2019ouverture&hellip;\n","protected":false},"author":2,"featured_media":308854,"comment_status":"","ping_status":"","sticky":false,"template":"","format":"standard","meta":{"footnotes":""},"categories":[2821],"tags":[1111,11,784,829,44881,1777,674,1011,27,17090,12,39795,584,25,968,3087,44882,44160,40284],"class_list":{"0":"post-308853","1":"post","2":"type-post","3":"status-publish","4":"format-standard","5":"has-post-thumbnail","7":"category-rennes","8":"tag-actu","9":"tag-actualites","10":"tag-aston-villa","11":"tag-bretagne","12":"tag-coup-denvoi","13":"tag-eu","14":"tag-europe","15":"tag-fr","16":"tag-france","17":"tag-lolympique-de-marseille","18":"tag-news","19":"tag-quentin-merlin","20":"tag-rennes","21":"tag-republique-francaise","22":"tag-roberto-de-zerbi","23":"tag-stade-rennais","24":"tag-supporters-marseillais","25":"tag-timothy-weah","26":"tag-valentin-rongier"},"share_on_mastodon":{"url":"https:\/\/pubeurope.com\/@fr\/115003022770161923","error":""},"_links":{"self":[{"href":"https:\/\/www.europesays.com\/fr\/wp-json\/wp\/v2\/posts\/308853","targetHints":{"allow":["GET"]}}],"collection":[{"href":"https:\/\/www.europesays.com\/fr\/wp-json\/wp\/v2\/posts"}],"about":[{"href":"https:\/\/www.europesays.com\/fr\/wp-json\/wp\/v2\/types\/post"}],"author":[{"embeddable":true,"href":"https:\/\/www.europesays.com\/fr\/wp-json\/wp\/v2\/users\/2"}],"replies":[{"embeddable":true,"href":"https:\/\/www.europesays.com\/fr\/wp-json\/wp\/v2\/comments?post=308853"}],"version-history":[{"count":0,"href":"https:\/\/www.europesays.com\/fr\/wp-json\/wp\/v2\/posts\/308853\/revisions"}],"wp:featuredmedia":[{"embeddable":true,"href":"https:\/\/www.europesays.com\/fr\/wp-json\/wp\/v2\/media\/308854"}],"wp:attachment":[{"href":"https:\/\/www.europesays.com\/fr\/wp-json\/wp\/v2\/media?parent=308853"}],"wp:term":[{"taxonomy":"category","embeddable":true,"href":"https:\/\/www.europesays.com\/fr\/wp-json\/wp\/v2\/categories?post=308853"},{"taxonomy":"post_tag","embeddable":true,"href":"https:\/\/www.europesays.com\/fr\/wp-json\/wp\/v2\/tags?post=308853"}],"curies":[{"name":"wp","href":"https:\/\/api.w.org\/{rel}","templated":true}]}}