{"id":308855,"date":"2025-08-10T06:20:18","date_gmt":"2025-08-10T06:20:18","guid":{"rendered":"https:\/\/www.europesays.com\/fr\/308855\/"},"modified":"2025-08-10T06:20:18","modified_gmt":"2025-08-10T06:20:18","slug":"de-nouvelles-perturbations-a-prevoir-des-lundi-voici-le-detail","status":"publish","type":"post","link":"https:\/\/www.europesays.com\/fr\/308855\/","title":{"rendered":"de nouvelles perturbations \u00e0 pr\u00e9voir d\u00e8s lundi, voici le d\u00e9tail"},"content":{"rendered":"<p>            Par<br \/>\n        <strong><br \/>\n            <a href=\"https:\/\/actu.fr\/auteur\/redaction-strasbourg\" title=\"Consulter tous les articles de R\u00e9daction Strasbourg\" target=\"_blank\" rel=\"noopener\">R\u00e9daction Strasbourg<\/a><br \/>\n        <\/strong><\/p>\n<p>        Publi\u00e9 le<\/p>\n<p>            10 ao\u00fbt 2025 \u00e0 7h42        <\/p>\n<p>Dans le cadre du <strong>r\u00e9am\u00e9nagement du quartier des Halles<\/strong> et de l\u2019am\u00e9nagement multimodal de la M351 et M35, la phase 2 de transformation de la bretelle des Halles \u00e0<a href=\"https:\/\/actu.fr\/strasbourg\/\" target=\"_blank\" rel=\"noopener\"> Strasbourg<\/a> d\u00e9butera \u00e0 partir du 11\u00a0ao\u00fbt et durera pr\u00e8s de trois semaines.<\/p>\n<p class=\" wall-content\">D\u00e9couvrez les <strong>perturbations en d\u00e9tail.<\/strong><\/p>\n<p>Plusieurs rues ferm\u00e9es \u00e0 la circulation<\/p>\n<p class=\" wall-content\">Du 11 au 29\u00a0ao\u00fbt, plusieurs rues seront ferm\u00e9es et des d\u00e9viations seront mises en place pour acc\u00e9der \u00e0 la place des Halles et \u00e0 la gare.<\/p>\n<p class=\" wall-content\">Voici les rues qui seront ferm\u00e9es durant pr\u00e8s de trois semaines\u2009:<\/p>\n<ul class=\" wall-content\">\n<li>La<strong> rue du Bataillon de Marche n\u00b0\u00a024\u2009:<\/strong> une nouvelle<strong> piste cyclable<\/strong> y sera construite et la plateforme en b\u00e9ton du Bus \u00e0 haut niveau de service (BHNS) sera d\u00e9truite. Des travaux de canalisation seront \u00e9galement r\u00e9alis\u00e9s.<\/li>\n<li>La rue et le tunnel Wodli<\/li>\n<li><a href=\"https:\/\/actu.fr\/grand-est\/strasbourg_67482\/strasbourg-deux-rues-du-quartier-des-halles-fermees-a-la-circulation-en-aout-le-detail-des-perturbations_62979165.html\" target=\"_blank\" rel=\"noopener\">La Petite rue des Magasins <\/a>en direction du centre-ville.<\/li>\n<\/ul>\n<p class=\" wall-content\">Enfin, le passage cycliste Robic sera lui ferm\u00e9 \u00e0 partir du 18\u00a0ao\u00fbt.<\/p>\n<p>Un chantier en lien avec le TSPO<\/p>\n<p class=\" wall-content\">Ces travaux se font dans le cadre de l\u2019am\u00e9nagement multimodal, qui consiste en la cr\u00e9ation de voies r\u00e9serv\u00e9es aux cars express et stations d\u2019arr\u00eat pour le Transport en <a href=\"https:\/\/actu.fr\/grand-est\/strasbourg_67482\/tram-velo-train-5-projets-qui-vont-bouleverser-vos-deplacements-dans-l-eurometropole-de-strasbourg-en-2025_62222798.html\" target=\"_blank\" rel=\"noopener\">Site Propre de l\u2019Ouest strasbourgeois (TSPO)<\/a>. La bretelle des Halles qui permet l\u2019acc\u00e8s \u00e0 la M35 \u00e9tant ferm\u00e9e \u00e0 la circulation depuis juillet et ce jusque novembre\u00a02025.<\/p>\n<p class=\" wall-content\">Les travaux se font de mani\u00e8re conjointe et concert\u00e9e avec le chantier de la rue des Magasins et de la rue du Marais-Vert qui a rouvert \u00e0 la circulation le 8\u00a0ao\u00fbt.<\/p>\n<p class=\" wall-content\">Suivez toute l\u2019actualit\u00e9 de vos villes et m\u00e9dias favoris en vous inscrivant \u00e0 <a href=\"https:\/\/moncompte.actu.fr\" title=\"D\u00e9couvez Mon Actu\" rel=\"nofollow noopener\" data-trk=\"{&quot;cta&quot;:{&quot;action&quot;:&quot;https:\\\/\\\/moncompte.actu.fr&quot;,&quot;category&quot;:&quot;mon compte&quot;,&quot;from&quot;:&quot;article footer&quot;,&quot;name&quot;:&quot;Mon actu&quot;,&quot;type&quot;:&quot;cta&quot;}}\" target=\"_blank\">Mon Actu<\/a>.<\/p>\n","protected":false},"excerpt":{"rendered":"Par R\u00e9daction Strasbourg Publi\u00e9 le 10 ao\u00fbt 2025 \u00e0 7h42 Dans le cadre du r\u00e9am\u00e9nagement du quartier des&hellip;\n","protected":false},"author":2,"featured_media":308856,"comment_status":"","ping_status":"","sticky":false,"template":"","format":"standard","meta":{"footnotes":""},"categories":[2820],"tags":[1111,11,1777,674,1011,27,775,12,25,104,640,2086],"class_list":{"0":"post-308855","1":"post","2":"type-post","3":"status-publish","4":"format-standard","5":"has-post-thumbnail","7":"category-strasbourg","8":"tag-actu","9":"tag-actualites","10":"tag-eu","11":"tag-europe","12":"tag-fr","13":"tag-france","14":"tag-grand-est","15":"tag-news","16":"tag-republique-francaise","17":"tag-societe","18":"tag-strasbourg","19":"tag-travaux"},"share_on_mastodon":{"url":"https:\/\/pubeurope.com\/@fr\/115003026506060113","error":""},"_links":{"self":[{"href":"https:\/\/www.europesays.com\/fr\/wp-json\/wp\/v2\/posts\/308855","targetHints":{"allow":["GET"]}}],"collection":[{"href":"https:\/\/www.europesays.com\/fr\/wp-json\/wp\/v2\/posts"}],"about":[{"href":"https:\/\/www.europesays.com\/fr\/wp-json\/wp\/v2\/types\/post"}],"author":[{"embeddable":true,"href":"https:\/\/www.europesays.com\/fr\/wp-json\/wp\/v2\/users\/2"}],"replies":[{"embeddable":true,"href":"https:\/\/www.europesays.com\/fr\/wp-json\/wp\/v2\/comments?post=308855"}],"version-history":[{"count":0,"href":"https:\/\/www.europesays.com\/fr\/wp-json\/wp\/v2\/posts\/308855\/revisions"}],"wp:featuredmedia":[{"embeddable":true,"href":"https:\/\/www.europesays.com\/fr\/wp-json\/wp\/v2\/media\/308856"}],"wp:attachment":[{"href":"https:\/\/www.europesays.com\/fr\/wp-json\/wp\/v2\/media?parent=308855"}],"wp:term":[{"taxonomy":"category","embeddable":true,"href":"https:\/\/www.europesays.com\/fr\/wp-json\/wp\/v2\/categories?post=308855"},{"taxonomy":"post_tag","embeddable":true,"href":"https:\/\/www.europesays.com\/fr\/wp-json\/wp\/v2\/tags?post=308855"}],"curies":[{"name":"wp","href":"https:\/\/api.w.org\/{rel}","templated":true}]}}