{"id":308859,"date":"2025-08-10T06:22:09","date_gmt":"2025-08-10T06:22:09","guid":{"rendered":"https:\/\/www.europesays.com\/fr\/308859\/"},"modified":"2025-08-10T06:22:09","modified_gmt":"2025-08-10T06:22:09","slug":"pres-de-nice-les-douaniers-inspectent-tous-les-recoins-dun-camion-cest-le-jackpot","status":"publish","type":"post","link":"https:\/\/www.europesays.com\/fr\/308859\/","title":{"rendered":"Pr\u00e8s de Nice. Les douaniers inspectent tous les recoins d&rsquo;un camion, c&rsquo;est le jackpot"},"content":{"rendered":"<p>            Par<br \/>\n        <strong><br \/>\n            <a href=\"https:\/\/actu.fr\/auteur\/redaction-nice\" title=\"Consulter tous les articles de R\u00e9daction Nice\" rel=\"nofollow noopener\" target=\"_blank\">R\u00e9daction Nice<\/a><br \/>\n        <\/strong><\/p>\n<p>        Publi\u00e9 le<\/p>\n<p>            10 ao\u00fbt 2025 \u00e0 7h12        <\/p>\n<p>Ils voulaient contr\u00f4ler la remorque, c\u2019est finalement dans l\u2019habitacle que le butin a \u00e9t\u00e9 d\u00e9couvert. Le 5\u00a0juin 2025, des agents de la <strong>brigade des douanes<\/strong>, install\u00e9s sur une aire d\u2019autoroute de l\u2019<strong>A8<\/strong>, \u00e0 Menton (Alpes-Maritimes), pr\u00e8s de <a href=\"https:\/\/actu.fr\/nice\/\" rel=\"nofollow noopener\" target=\"_blank\">Nice<\/a>, interceptent un camion immatricul\u00e9 en Slovaquie.<\/p>\n<p>Dans le plafond de la cabine<\/p>\n<p class=\" wall-content\">Au volant, le chauffeur routier affirme venir d\u2019Espagne et aller en direction de l\u2019Italie. Les douaniers se penchent sur sa remorque, \u00e0 la recherche de marchandises frauduleuses.<\/p>\n<p class=\" wall-content\">C\u2019est finalement dans la cabine du v\u00e9hicule qu\u2019ils d\u00e9couvrent des sachets plastiques contenant 215 kilos de cannabis. En d\u00e9montant le plafond, pr\u00e8s de <strong>200 kilos de r\u00e9sine et 15 kilos d\u2019herbe sont trouv\u00e9s<\/strong>, dissimul\u00e9s au niveau du syst\u00e8me de climatisation.<\/p>\n<p>Condamn\u00e9 \u00e0 3\u00a0ans de prison<\/p>\n<p class=\" wall-content\">L\u2019individu, d\u00e9favorablement connu des services douaniers, a avou\u00e9 avoir \u00e9t\u00e9 contact\u00e9 par une organisation de fraude afin de transporter des stup\u00e9fiants. Jug\u00e9 en comparution imm\u00e9diate, d\u00e8s le lendemain, par le tribunal de Grasse, il a \u00e9t\u00e9<strong> condamn\u00e9 \u00e0 3\u00a0ans d\u2019emprisonnement<\/strong>, \u00e0 une interdiction d\u00e9finitive de pr\u00e9sence sur le territoire fran\u00e7ais et \u00e0 une amende douani\u00e8re de plus de 700\u2009000\u00a0euros.<\/p>\n<p class=\" wall-content\">En 2024, 3,3 tonnes de stup\u00e9fiants ont \u00e9t\u00e9 saisies par les douaniers des Alpes-Maritimes, dont 192\u00a0kg de coca\u00efne.<\/p>\n<p class=\" wall-content\"><strong>Par Florine Amenta<\/strong><\/p>\n<p class=\" wall-content\">Suivez toute l\u2019actualit\u00e9 de vos villes et m\u00e9dias favoris en vous inscrivant \u00e0 <a href=\"https:\/\/moncompte.actu.fr\" title=\"D\u00e9couvez Mon Actu\" rel=\"nofollow noopener\" data-trk=\"{&quot;cta&quot;:{&quot;action&quot;:&quot;https:\\\/\\\/moncompte.actu.fr&quot;,&quot;category&quot;:&quot;mon compte&quot;,&quot;from&quot;:&quot;article footer&quot;,&quot;name&quot;:&quot;Mon actu&quot;,&quot;type&quot;:&quot;cta&quot;}}\" target=\"_blank\">Mon Actu<\/a>.<\/p>\n","protected":false},"excerpt":{"rendered":"Par R\u00e9daction Nice Publi\u00e9 le 10 ao\u00fbt 2025 \u00e0 7h12 Ils voulaient contr\u00f4ler la remorque, c\u2019est finalement dans&hellip;\n","protected":false},"author":2,"featured_media":308860,"comment_status":"","ping_status":"","sticky":false,"template":"","format":"standard","meta":{"footnotes":""},"categories":[2819],"tags":[1111,11,1052,1777,674,118,1011,27,12,2401,882,25],"class_list":{"0":"post-308859","1":"post","2":"type-post","3":"status-publish","4":"format-standard","5":"has-post-thumbnail","7":"category-nice","8":"tag-actu","9":"tag-actualites","10":"tag-drogue","11":"tag-eu","12":"tag-europe","13":"tag-faits-divers","14":"tag-fr","15":"tag-france","16":"tag-news","17":"tag-nice","18":"tag-provence-alpes-cote-dazur","19":"tag-republique-francaise"},"share_on_mastodon":{"url":"https:\/\/pubeurope.com\/@fr\/115003034692398381","error":""},"_links":{"self":[{"href":"https:\/\/www.europesays.com\/fr\/wp-json\/wp\/v2\/posts\/308859","targetHints":{"allow":["GET"]}}],"collection":[{"href":"https:\/\/www.europesays.com\/fr\/wp-json\/wp\/v2\/posts"}],"about":[{"href":"https:\/\/www.europesays.com\/fr\/wp-json\/wp\/v2\/types\/post"}],"author":[{"embeddable":true,"href":"https:\/\/www.europesays.com\/fr\/wp-json\/wp\/v2\/users\/2"}],"replies":[{"embeddable":true,"href":"https:\/\/www.europesays.com\/fr\/wp-json\/wp\/v2\/comments?post=308859"}],"version-history":[{"count":0,"href":"https:\/\/www.europesays.com\/fr\/wp-json\/wp\/v2\/posts\/308859\/revisions"}],"wp:featuredmedia":[{"embeddable":true,"href":"https:\/\/www.europesays.com\/fr\/wp-json\/wp\/v2\/media\/308860"}],"wp:attachment":[{"href":"https:\/\/www.europesays.com\/fr\/wp-json\/wp\/v2\/media?parent=308859"}],"wp:term":[{"taxonomy":"category","embeddable":true,"href":"https:\/\/www.europesays.com\/fr\/wp-json\/wp\/v2\/categories?post=308859"},{"taxonomy":"post_tag","embeddable":true,"href":"https:\/\/www.europesays.com\/fr\/wp-json\/wp\/v2\/tags?post=308859"}],"curies":[{"name":"wp","href":"https:\/\/api.w.org\/{rel}","templated":true}]}}