{"id":308862,"date":"2025-08-10T06:24:21","date_gmt":"2025-08-10T06:24:21","guid":{"rendered":"https:\/\/www.europesays.com\/fr\/308862\/"},"modified":"2025-08-10T06:24:21","modified_gmt":"2025-08-10T06:24:21","slug":"une-mysterieuse-serie-dagressions-homophobes-mobilise-la-police-depuis-le-debut-de-lete","status":"publish","type":"post","link":"https:\/\/www.europesays.com\/fr\/308862\/","title":{"rendered":"une myst\u00e9rieuse s\u00e9rie d\u2019agressions homophobes mobilise la police depuis le d\u00e9but de l\u2019\u00e9t\u00e9"},"content":{"rendered":"<p>Dans la nuit de mercredi \u00e0 jeudi, \u00e0 Rez\u00e9, un homme s\u2019est fait agresser \u00e0 coups de marteau en arrivant \u00e0 son rendez-vous galant. Plusieurs faits similaires ont lieu depuis le d\u00e9but de l\u2019\u00e9t\u00e9 dans l\u2019agglom\u00e9ration nantaise.<\/p>\n<p class=\"fig-paragraph\">Plusieurs guets-apens visant des homosexuels ont lieu depuis le d\u00e9but de l\u2019\u00e9t\u00e9 dans l\u2019agglom\u00e9ration nantaise. La derni\u00e8re en date s\u2019est d\u00e9roul\u00e9e dans la nuit de mercredi \u00e0 jeudi, \u00e0\u00a0<a href=\"http:\/\/www.lefigaro.fr\/nantes\/symbole-d-une-epoque-ou-la-voiture-etait-reine-l-autopont-de-reze-porte-d-entree-de-nantes-a-ete-demoli-20250408\" target=\"_blank\" data-fig-type=\"NewsFlash\" rel=\"noopener nofollow\" data-gtm-custom-categorie=\"navigation\" data-gtm-custom-action=\"crossclick\" data-gtm-custom-label=\"Contextuel\" data-gtm-event=\"customEventSPE\" data-fig-domain=\"LEFIGARO\">Rez\u00e9<\/a>\u00a0(Loire-Atlantique). Selon\u00a0<a href=\"https:\/\/www.francebleu.fr\/infos\/faits-divers-justice\/une-agression-homophobe-en-pleine-nuit-dans-un-parc-de-reze-un-homme-d-une-trentaine-d-annees-attaque-au-marteau-4067775\" target=\"_blank\" rel=\"noopener nofollow\" data-gtm-custom-categorie=\"navigation\" data-gtm-custom-action=\"crossclick\" data-gtm-custom-label=\"Contextuel\" data-gtm-event=\"customEventSPE\">Ici Loire Oc\u00e9an<\/a>, vers 1h du matin, un trentenaire s\u2019est rendu au parc de Praud, apr\u00e8s avoir \u00e9chang\u00e9 sur Snapchat avec un autre homme. Or, en arrivant sur place, il s\u2019est retrouv\u00e9 face \u00e0 plusieurs individus qui l\u2019ont agress\u00e9 \u00e0 coups de marteau et d\u00e9pouill\u00e9 de ses affaires. La victime, en \u00e9tat de choc, a port\u00e9 plainte. Pour l\u2019heure, les auteurs qui \u00e9taient au moins trois n\u2019ont pas \u00e9t\u00e9 interpell\u00e9s.<\/p>\n<p class=\"fig-paragraph\">Selon le service communication de la police nationale de Loire-Atlantique, le caract\u00e8re \u00abhomophobe\u00bb de ce guet-apens est v\u00e9rifi\u00e9. Une enqu\u00eate a \u00e9t\u00e9 ouverte afin de faire la lumi\u00e8re sur cette actualit\u00e9, d\u2019autant qu\u2019un cas similaire a d\u00e9j\u00e0 eu lieu au m\u00eame endroit au cours de l\u2019\u00e9t\u00e9. Les enqu\u00eateurs tentent de savoir s\u2019il existe un lien entre ces cas et d\u2019autres agressions estivales du m\u00eame type.<\/p>\n<p>                                    <a class=\"fig-a11y-skip a11y-hidden\" href=\"#fig-a11y-skip-main-inarticle\"><br \/>\n        Passer la publicit\u00e9<br \/>\n    <\/a><\/p>\n<p>Deux interpellations cet \u00e9t\u00e9<\/p>\n<p class=\"fig-paragraph\">Dans le parc de Beaulieu (ex-Crapa), sur l\u2019\u00eele de Nantes, un jeune majeur a ainsi \u00e9t\u00e9 interpell\u00e9 le 19 juillet en flagrant d\u00e9lit apr\u00e8s avoir agress\u00e9 un homme.\u00a0<a href=\"http:\/\/www.lefigaro.fr\/nantes\/nantes-un-jeune-de-18-ans-mis-en-examen-apres-avoir-agresse-8-hommes-dans-un-parc-20250722\" target=\"_blank\" data-fig-type=\"NewsFlash\" rel=\"noopener nofollow\" data-gtm-custom-categorie=\"navigation\" data-gtm-custom-action=\"crossclick\" data-gtm-custom-label=\"Contextuel\" data-gtm-event=\"customEventSPE\" data-fig-domain=\"LEFIGARO\">Il a \u00e9t\u00e9 mis en examen<\/a>\u00a0et \u00e9crou\u00e9 pour \u00abvols avec violences\u00bb et \u00abviolences commises en raison de l\u2019orientation sexuelle\u00bb, apr\u00e8s le d\u00e9p\u00f4t de huit plaintes, d\u2019hommes \u00e2g\u00e9s de 33 \u00e0 62 ans.<\/p>\n<p class=\"fig-paragraph\">Un peu plus au nord de la ville, au parc floral de la Roseraie, un homme qui avait pris un rendez-vous sur l\u2019application de rencontre Grindr s\u2019est \u00e9galement fait pi\u00e9ger sur le parking dans la nuit du 27 juillet. Tentant de fuir, il s\u2019est fait prendre \u00e0 partie par des individus encapuch\u00e9s sortant de buissons avant de se faire gazer. D\u2019autres agressions avaient d\u00e9j\u00e0 \u00e9t\u00e9 signal\u00e9es au d\u00e9but de l\u2019\u00e9t\u00e9 \u00e0 La Roseraie, conduisant d\u00e9j\u00e0 \u00e0 l\u2019interpellation d\u2019un individu.<\/p>\n<p class=\"fig-paragraph\">Dans ce contexte, la police a lanc\u00e9 un message de pr\u00e9vention. \u00abNous appelons \u00e0 la plus grande vigilance les personnes qui se rendent dans ces lieux isol\u00e9s. La personne que vous attendez n\u2019a peut-\u00eatre pas les m\u00eames intentions que vous\u00bb, ont publi\u00e9 sur les r\u00e9seaux sociaux les forces de l\u2019ordre. \u00abNotre objectif est d\u2019emp\u00eacher que \u00e7a continue et que \u00e7a s\u2019aggrave\u00bb, indique une source, qui pr\u00e9cise que la police passe r\u00e9guli\u00e8rement sur les lieux et met en place des dispositifs de surveillance. Il est aussi recommand\u00e9 de passer un appel vid\u00e9o avant de se rendre \u00e0 un rendez-vous, pour \u00e9viter de se faire pi\u00e9ger par de fausses photos.<\/p>\n<p class=\"fig-paragraph\">La semaine prochaine, des policiers vont rencontrer l\u2019association Nosig, le centre LGBTI+ de Nantes, afin de sensibiliser les victimes. En mars, la police de Loire-Atlantique avait d\u00e9j\u00e0 appel\u00e9 les utilisateurs d\u2019applications \u00e0 \u00eatre vigilants, apr\u00e8s l\u2019agression de deux hommes, \u00e0 48 heures d\u2019intervalle, tomb\u00e9s eux aussi dans des\u00a0<a href=\"http:\/\/www.lefigaro.fr\/nantes\/saint-nazaire-des-guets-apens-hyperviolents-sous-couvert-de-rendez-vous-galants-20250307\" target=\"_blank\" data-fig-type=\"NewsFlash\" rel=\"noopener nofollow\" data-gtm-custom-categorie=\"navigation\" data-gtm-custom-action=\"crossclick\" data-gtm-custom-label=\"Contextuel\" data-gtm-event=\"customEventSPE\" data-fig-domain=\"LEFIGARO\">guets-apens hyperviolents \u00e0 Saint-Nazaire<\/a>.<\/p>\n","protected":false},"excerpt":{"rendered":"Dans la nuit de mercredi \u00e0 jeudi, \u00e0 Rez\u00e9, un homme s\u2019est fait agresser \u00e0 coups de marteau&hellip;\n","protected":false},"author":2,"featured_media":308863,"comment_status":"","ping_status":"","sticky":false,"template":"","format":"standard","meta":{"footnotes":""},"categories":[2818],"tags":[1111,11,1120,1777,674,1011,27,8717,766,12,2636,25],"class_list":{"0":"post-308862","1":"post","2":"type-post","3":"status-publish","4":"format-standard","5":"has-post-thumbnail","7":"category-nantes","8":"tag-actu","9":"tag-actualites","10":"tag-agression","11":"tag-eu","12":"tag-europe","13":"tag-fr","14":"tag-france","15":"tag-homophobie","16":"tag-nantes","17":"tag-news","18":"tag-pays-de-la-loire","19":"tag-republique-francaise"},"share_on_mastodon":{"url":"https:\/\/pubeurope.com\/@fr\/115003042306712770","error":""},"_links":{"self":[{"href":"https:\/\/www.europesays.com\/fr\/wp-json\/wp\/v2\/posts\/308862","targetHints":{"allow":["GET"]}}],"collection":[{"href":"https:\/\/www.europesays.com\/fr\/wp-json\/wp\/v2\/posts"}],"about":[{"href":"https:\/\/www.europesays.com\/fr\/wp-json\/wp\/v2\/types\/post"}],"author":[{"embeddable":true,"href":"https:\/\/www.europesays.com\/fr\/wp-json\/wp\/v2\/users\/2"}],"replies":[{"embeddable":true,"href":"https:\/\/www.europesays.com\/fr\/wp-json\/wp\/v2\/comments?post=308862"}],"version-history":[{"count":0,"href":"https:\/\/www.europesays.com\/fr\/wp-json\/wp\/v2\/posts\/308862\/revisions"}],"wp:featuredmedia":[{"embeddable":true,"href":"https:\/\/www.europesays.com\/fr\/wp-json\/wp\/v2\/media\/308863"}],"wp:attachment":[{"href":"https:\/\/www.europesays.com\/fr\/wp-json\/wp\/v2\/media?parent=308862"}],"wp:term":[{"taxonomy":"category","embeddable":true,"href":"https:\/\/www.europesays.com\/fr\/wp-json\/wp\/v2\/categories?post=308862"},{"taxonomy":"post_tag","embeddable":true,"href":"https:\/\/www.europesays.com\/fr\/wp-json\/wp\/v2\/tags?post=308862"}],"curies":[{"name":"wp","href":"https:\/\/api.w.org\/{rel}","templated":true}]}}