{"id":308872,"date":"2025-08-10T06:29:12","date_gmt":"2025-08-10T06:29:12","guid":{"rendered":"https:\/\/www.europesays.com\/fr\/308872\/"},"modified":"2025-08-10T06:29:12","modified_gmt":"2025-08-10T06:29:12","slug":"40-c-a-avignon-38-c-a-toulouse-ou-fera-t-il-le-plus-chaud-ce-dimanche","status":"publish","type":"post","link":"https:\/\/www.europesays.com\/fr\/308872\/","title":{"rendered":"40\u00a0\u00b0C \u00e0 Avignon, 38\u00a0\u00b0C \u00e0 Toulouse\u2026 o\u00f9 fera-t-il le plus chaud ce dimanche\u00a0?"},"content":{"rendered":"<p>La deuxi\u00e8me vague de chaleur de l\u2019\u00e9t\u00e9 s\u2019\u00e9tend ce dimanche, avec 42 d\u00e9partements plac\u00e9s en vigilance orange canicule par <a href=\"https:\/\/vigilance.meteofrance.fr\/fr\/canicule\" target=\"_blank\" rel=\"noopener\">M\u00e9t\u00e9o-France<\/a>. <strong>Le thermom\u00e8tre va \u00ab\u00a0fr\u00e9quemment\u00a0\u00bb atteindre les 40\u00a0\u00b0C, voire les \u00ab\u00a0d\u00e9passer\u00a0\u00bb dans l\u2019H\u00e9rault, le Var et le sud des d\u00e9partements de l\u2019Ard\u00e8che et de la Dr\u00f4me\u00a0\u00bb.<\/strong><\/p>\n<p>\u00ab\u00a0Dimanche, dans la continuit\u00e9 des jours pr\u00e9c\u00e9dents, la chaleur va encore monter d\u2019un cran dans le Sud\u00a0\u00bb, a pr\u00e9venu samedi le service national de pr\u00e9visions. Ce matin, les temp\u00e9ratures seront comprises entre 19 et 24\u00a0\u00b0C sur la moiti\u00e9 nord, et de 26 \u00e0 32\u00a0\u00b0C sur la moiti\u00e9 sud.<\/p>\n<p>Le bassin aquitain, <a href=\"https:\/\/www.laprovence.com\/article\/societe\/3816466660021814\/alerte-canicule-toute-la-region-paca-et-42-departements-en-vigilance-orange-ce-dimanche-10-aout\" target=\"_blank\" rel=\"noopener\">l\u2019arri\u00e8re-pays m\u00e9diterran\u00e9en<\/a> et le sud de l\u2019Auvergne Rh\u00f4ne-Alpes enregistreront les chaleurs les plus extr\u00eames. Au plus chaud de la journ\u00e9e, il fera <strong>38\u00a0\u00b0C \u00e0 Toulouse, Mont\u00e9limar ou encore Bordeaux<\/strong>. Le mercure grimpera \u00e0<strong> 40\u00a0\u00b0C dans l\u2019apr\u00e8s-midi \u00e0 Perpignan<\/strong>, jusqu\u2019\u00e0 <strong>41\u00a0\u00b0C \u00e0 Montpellier<\/strong> et <strong>42\u00b0C \u00e0 N\u00eemes<\/strong>. Il fera <strong>40\u00a0\u00b0C \u00e0 Avignon<\/strong> et <strong>35\u00b0C \u00e0 Marseille<\/strong>.<\/p>\n<p>Pic de chaleur en d\u00e9but de semaine<\/p>\n<p>La vague de chaleur se poursuivra lundi, avec 46 d\u00e9partements centraux de la partie Sud plac\u00e9s en vigilance orange. \u00ab\u00a0<strong>Le pic est attendu entre lundi et mardi<\/strong>\u00a0\u00bb pour cette canicule, qui \u00ab\u00a0<strong>devrait durer jusqu\u2019en fin de semaine prochaine<\/strong>\u00ab\u00a0, a \u00e9crit M\u00e9t\u00e9o-France.<\/p>\n<p>Les Deux-S\u00e8vres, la Vienne, la Creuse et la Haute-Corse passeront \u00e0 ce niveau d\u2019alerte d\u00e8s dimanche midi. Seule la Corse-du-Sud est annonc\u00e9e en jaune dans la moiti\u00e9 sud de l\u2019Hexagone.<\/p>\n<p>Selon le pr\u00e9visionniste de M\u00e9t\u00e9o-France, qui observe <strong>\u00ab\u00a0une acc\u00e9l\u00e9ration de la survenue des vagues de chaleur\u00a0\u00bb li\u00e9e au changement climatique<\/strong>, le pays n\u2019a connu que deux \u00e9t\u00e9s sans ce type d\u2019\u00e9pisode au cours des 16 derni\u00e8res ann\u00e9es.<\/p>\n<p>L\u2019institut a parall\u00e8lement class\u00e9 <strong>le Vaucluse en risque \u00ab\u00a0<a href=\"https:\/\/www.laprovence.com\/article\/societe\/3816466660021814\/alerte-canicule-toute-la-region-paca-et-42-departements-en-vigilance-orange-ce-dimanche-10-aout\" target=\"_blank\" rel=\"noopener\">tr\u00e8s \u00e9lev\u00e9<\/a>\u00a0\u00bb pour les incendies dimanche<\/strong>. Dix d\u00e9partements du pourtour m\u00e9diterran\u00e9en et de son arri\u00e8re-pays, et cinq autres du Centre-Ouest, seront en danger \u00ab\u00a0\u00e9lev\u00e9\u00a0\u00bb.<\/p>\n","protected":false},"excerpt":{"rendered":"La deuxi\u00e8me vague de chaleur de l\u2019\u00e9t\u00e9 s\u2019\u00e9tend ce dimanche, avec 42 d\u00e9partements plac\u00e9s en vigilance orange canicule&hellip;\n","protected":false},"author":2,"featured_media":308873,"comment_status":"","ping_status":"","sticky":false,"template":"","format":"standard","meta":{"footnotes":""},"categories":[2816],"tags":[17,44884,44883,1111,11,6184,6100,436,1777,674,44885,1011,27,12,2680,378,25,2312],"class_list":{"0":"post-308872","1":"post","2":"type-post","3":"status-publish","4":"format-standard","5":"has-post-thumbnail","7":"category-toulouse","8":"tag-17","9":"tag-38-c","10":"tag-40-c","11":"tag-actu","12":"tag-actualites","13":"tag-avignon","14":"tag-chaud","15":"tag-environnement","16":"tag-eu","17":"tag-europe","18":"tag-fera-t-il","19":"tag-fr","20":"tag-france","21":"tag-news","22":"tag-occitanie","23":"tag-plus","24":"tag-republique-francaise","25":"tag-toulouse"},"share_on_mastodon":{"url":"https:\/\/pubeurope.com\/@fr\/115003061999969621","error":""},"_links":{"self":[{"href":"https:\/\/www.europesays.com\/fr\/wp-json\/wp\/v2\/posts\/308872","targetHints":{"allow":["GET"]}}],"collection":[{"href":"https:\/\/www.europesays.com\/fr\/wp-json\/wp\/v2\/posts"}],"about":[{"href":"https:\/\/www.europesays.com\/fr\/wp-json\/wp\/v2\/types\/post"}],"author":[{"embeddable":true,"href":"https:\/\/www.europesays.com\/fr\/wp-json\/wp\/v2\/users\/2"}],"replies":[{"embeddable":true,"href":"https:\/\/www.europesays.com\/fr\/wp-json\/wp\/v2\/comments?post=308872"}],"version-history":[{"count":0,"href":"https:\/\/www.europesays.com\/fr\/wp-json\/wp\/v2\/posts\/308872\/revisions"}],"wp:featuredmedia":[{"embeddable":true,"href":"https:\/\/www.europesays.com\/fr\/wp-json\/wp\/v2\/media\/308873"}],"wp:attachment":[{"href":"https:\/\/www.europesays.com\/fr\/wp-json\/wp\/v2\/media?parent=308872"}],"wp:term":[{"taxonomy":"category","embeddable":true,"href":"https:\/\/www.europesays.com\/fr\/wp-json\/wp\/v2\/categories?post=308872"},{"taxonomy":"post_tag","embeddable":true,"href":"https:\/\/www.europesays.com\/fr\/wp-json\/wp\/v2\/tags?post=308872"}],"curies":[{"name":"wp","href":"https:\/\/api.w.org\/{rel}","templated":true}]}}