{"id":308874,"date":"2025-08-10T06:30:19","date_gmt":"2025-08-10T06:30:19","guid":{"rendered":"https:\/\/www.europesays.com\/fr\/308874\/"},"modified":"2025-08-10T06:30:19","modified_gmt":"2025-08-10T06:30:19","slug":"dans-loeil-du-photographe-hernan-ameijeiras-roubaix-comme-vous-ne-lavez-jamais-vue","status":"publish","type":"post","link":"https:\/\/www.europesays.com\/fr\/308874\/","title":{"rendered":"Dans l\u2019\u0153il du photographe Hernan Ameijeiras, Roubaix comme vous ne l\u2019avez jamais vue"},"content":{"rendered":"<p>            Par<br \/>\n        <strong><br \/>\n            <a href=\"https:\/\/actu.fr\/auteur\/annesophie-2\" title=\"Consulter tous les articles de Anne-Sophie Hourdeaux\" target=\"_blank\" rel=\"noopener\">Anne-Sophie Hourdeaux<\/a><br \/>\n        <\/strong><\/p>\n<p>        Publi\u00e9 le<\/p>\n<p>            10 ao\u00fbt 2025 \u00e0 7h30        <\/p>\n<p><b>100 photos pour raconter Roubaix autrement<\/b>, c\u2019est le pari d\u2019un <b>photographe, Hernan Ameijeiras<\/b>. Pourquoi Roubaix\u2009? Parce qu\u2019il y habite\u2009! Et aussi parce qu\u2019<b>il aime cette ville souvent stigmatis\u00e9e.<\/b> Nous l\u2019avons rencontr\u00e9 \u00e0 l\u2019occasion de la <b>sortie de son livre photos,<\/b> qu\u2019il pr\u00e9sentera \u00e0 la <b>m\u00e9diath\u00e8que de Roubaix samedi 13 septembre 2025.<\/b><\/p>\n<p>Marcher, pour rencontrer<\/p>\n<p class=\" wall-content\">Il aime arpenter les rues de Roubaix avec son appareil photo pour saisir la vie au vol. Hernan Ameijeiras est un photographe \u00ab\u2009marcheur\u2009\u00bb, ses pieds travaillent autant que ses yeux pour saisir le meilleur clich\u00e9. On le voit aussi souvent \u00e0 v\u00e9lo traverser la ville\u2009! C\u2019est son c\u00f4t\u00e9 \u00e9colo. C\u2019est peut-\u00eatre \u00e7a, le \u00ab\u2009slow journalisme\u2009\u00bb, rencontrer les gens dans la rue, prendre le temps de ce dialogue. Justement, on devine, on imagine, dans chaque clich\u00e9, la rencontre qui a pr\u00e9c\u00e9d\u00e9 le moment photographique.<\/p>\n<p>    <img   decoding=\"async\" loading=\"lazy\" class=\"size-large\" src=\"https:\/\/www.europesays.com\/fr\/wp-content\/uploads\/2025\/08\/66a0331a2c586caa0331a2c581fa03v-960x640.jpg\" alt=\"hernan ameijeiras roubaix\" width=\"960\" height=\"640\"\/><br \/>\n    Le livre photos d\u2019Hernan Ameijeiras compte une centaine de photos, \u00e9mouvantes, tendres, dr\u00f4les, sans gommer les difficult\u00e9s de la ville. Avec beaucoup de visages de Roubaisiens des quartiers populaires. \u00a9AS Hourdeaux\/Croix du NordPing-pong, poules, bi\u00e8re, valises\u2026<\/p>\n<p class=\" wall-content\">Une table de ping-pong sur le trottoir, des poules traversant la rue, une voiture br\u00fbl\u00e9e, un canap\u00e9 abandonn\u00e9, des religieuses, des femmes voil\u00e9es, un moine bouddhiste, des jeunes \u00e0 la f\u00eate foraine, faisant un foot, ou encore un mariage et des musiciens. Des pieds, des mains, des regards. Des animaux aussi\u2009: des poules, un lapin, un perroquet, un ours en peluche aussi\u2009! Des objets\u2009: un ballon, un verre de bi\u00e8re, des drapeaux, des valises. Des trottoirs, des briques, mais aussi de la nature, des arbres.<\/p>\n<p>    <img   decoding=\"async\" loading=\"lazy\" class=\"size-large\" src=\"https:\/\/www.europesays.com\/fr\/wp-content\/uploads\/2025\/08\/d220796084986c620796084989a207v-960x640.jpg\" alt=\"Hernan Ameijeiras roubaix livre\" width=\"960\" height=\"640\"\/><br \/>\n    Extrait du livre \u00ab\u2009Roubaix Pop\u2009\u00bb. \u00a9Hernan Ameijeiras<\/p>\n<p class=\" wall-content\">Le Roubaix d\u00e9voil\u00e9 par Hernan est color\u00e9, contrast\u00e9, po\u00e9tique, irr\u00e9el, insolite, parfois bizarre et d\u00e9cal\u00e9. Vous croyez conna\u00eetre cette ville\u2009? Les photos d\u2019Hernan Ameijeiras vont vous surprendre\u2009!<\/p>\n<p class=\"ac-article-content__question wall-content\">-Qui \u00eates-vous\u2009? Quel a \u00e9t\u00e9 votre parcours\u2009?<\/p>\n<p class=\" wall-content\">Je suis journaliste, vid\u00e9aste et photographe. Je suis originaire d\u2019Argentine, d\u2019o\u00f9 mon accent\u2009! J\u2019ai travaill\u00e9 dans mon pays pour plusieurs m\u00e9dias comme la Nation, avec des reportages en Europe, en Asie. J\u2019ai r\u00e9alis\u00e9 des vid\u00e9os pour le National Geographic. Puis, j\u2019ai rencontr\u00e9 l\u2019amour, une Dunkerquoise\u2009! C\u2019est comme cela que je me suis retrouv\u00e9 en France. On a v\u00e9cu d\u2019abord \u00e0 Lille. Roubaix, c\u2019\u00e9tait une ville \u2018interdite\u2019 dans l\u2019imaginaire. Puis, finalement, on a emm\u00e9nag\u00e9 dans le quartier de l\u2019Epeule en 2014, et j\u2019ai d\u00e9couvert \u00ab\u2009un chaos adorable\u2009\u00bb, le vrai monde quoi. Je m\u2019y retrouve bien, je suis comme beaucoup de Roubaisiens, je viens d\u2019ailleurs. Ici, je suis journaliste ind\u00e9pendant, je travaille pour des agences de presse, le programme Areli, le Louvre Lens Ballet\u2026<\/p>\n<p>    <img   decoding=\"async\" loading=\"lazy\" class=\"size-large\" src=\"https:\/\/www.europesays.com\/fr\/wp-content\/uploads\/2025\/08\/88a3d960849863ca3d9608498ffa3dv-960x640.jpg\" alt=\"Hernan Ameijeiras roubaix livre\" width=\"960\" height=\"640\"\/><br \/>\n    Extrait du livre \u00ab\u2009Roubaix Pop\u2009\u00bb. \u00a9Hernan Ameijeiras<\/p>\n<p class=\"ac-article-content__question wall-content\">-Pr\u00e9sentez-vous votre livre\u2009: pourquoi avoir choisi de mettre en photos Roubaix\u2009?<\/p>\n<p class=\" wall-content\">J\u2019avais l\u2019impression d\u2019avoir quelque chose \u00e0 raconter de diff\u00e9rent de ce qu\u2019on montre de cette ville. Oui, il y a le mus\u00e9e La Piscine et le street art, mais Roubaix, c\u2019est bien plus que \u00e7a\u2009! Pour moi, c\u2019est surtout les classes populaires, les quartiers.<\/p>\n<p>    <img   decoding=\"async\" loading=\"lazy\" class=\"size-large\" src=\"https:\/\/www.europesays.com\/fr\/wp-content\/uploads\/2025\/08\/2df1f960849862102f96084980502fv-960x640.jpg\" alt=\"Hernan Ameijeiras roubaix livre\" width=\"960\" height=\"640\"\/><br \/>\n    Extrait du livre \u00ab\u2009Roubaix Pop\u2009\u00bb. \u00a9Hernan Ameijeiras<\/p>\n<p class=\" wall-content\">J\u2019aime cette ville et les gens, j\u2019ai fait un tri dans cinq ann\u00e9es de photos. C\u2019est un livre positif, m\u00eame s\u2019il y a des choses dures. Je ne cache pas les difficult\u00e9s, l\u2019alcoolisme, la pauvret\u00e9, les d\u00e9chets\u2026 Mais je montre que m\u00eame dans des situations complexes, on peut \u00eatre heureux dans cette ville. Mon livre d\u00e9gage une \u00e9nergie, un espoir.<\/p>\n<p class=\"ac-article-content__question wall-content\">-Pourquoi ce titre, Roubaix Pop\u2009?<\/p>\n<p class=\" wall-content\">Il y a un jeu de mots humoristique entre le mot \u2018populaire\u2019 et le mouvement artistique \u2018pop\u2019, port\u00e9 par Warhol, m\u00eame si Roubaix en est loin. Par l\u00e0, je veux montrer mon regard artistique.<\/p>\n<p>    <img   decoding=\"async\" loading=\"lazy\" class=\"size-large\" src=\"https:\/\/www.europesays.com\/fr\/wp-content\/uploads\/2025\/08\/6d75b960849865185b96084981585bv-960x640.jpg\" alt=\"Hernan Ameijeiras roubaix livre\" width=\"960\" height=\"640\"\/><br \/>\n    Extrait du livre \u00ab\u2009Roubaix Pop\u2009\u00bb. \u00a9Hernan Ameijeiras<\/p>\n<p class=\"ac-article-content__question wall-content\">-Il y a beaucoup de portraits, avez-vous toujours bon accueil\u2009? Car pas toujours facile d\u2019aborder les gens avec un appareil photo\u2026<\/p>\n<p class=\" wall-content\">Je photographie le plus difficile, les quartiers, c\u2019est vrai. Mais je n\u2019ai presque jamais de probl\u00e8me\u2009! Les gens me connaissent, ils me font confiance, m\u00eame les dealers\u2009! Je suis accept\u00e9 car cela fait plus de 10\u00a0ans que je sillonne les rues. Quand on me le demande, j\u2019envoie les photos aux gens concern\u00e9s par mail. Ils ressentent que je suis comme eux, mon accent, \u00e7a aide beaucoup\u2009!<\/p>\n<p class=\"ac-article-content__question wall-content\">-Que repr\u00e9sente la photo pour vous\u2009?<\/p>\n<p class=\" wall-content\">C\u2019est comme respirer\u2009! J\u2019aime regarder autour de moi. Avec la photo, on construit le monde qu\u2019on veut, on le \u2018cadre\u2019. La photo est aussi une excuse pour rencontrer les gens. Tu sors ton appareil photo, et tu parles\u2009!<\/p>\n<p class=\"ac-article-content__question wall-content\">-Y a-t-il un message \u00e0 travers votre ouvrage\u2009? Cherchez-vous \u00e0 donner une autre image de Roubaix, plus positive\u2009?<\/p>\n<p class=\" wall-content\">Ce serait pr\u00e9tentieux de dire cela. Ce n\u2019est pas mon intention, je raconte juste la ville que j\u2019aime, avec ses vertus et ses d\u00e9fauts. Par exemple le voile, c\u2019est souvent pr\u00e9sent\u00e9 comme inqui\u00e9tant, moi, j\u2019ai une bienveillance \u00e0 ce sujet.<\/p>\n<p class=\"ac-article-content__question wall-content\">-Avez-vous un autre projet d\u2019ouvrage\u2009?<\/p>\n<p class=\" wall-content\">Oui, j\u2019ai un 2e livre photos en pr\u00e9paration, qui sortira en novembre\u00a02025. Le th\u00e8me sera le Ramadan, mais avec un certain point de vue\u2009: de l\u2019int\u00e9rieur, ce qui n\u2019existe pas comme ouvrage. Je l\u2019ai v\u00e9cu avec des familles du quartier de l\u2019Epeule, dans 2 mosqu\u00e9es de Roubaix, des bars, des magasins\u2026 On y trouvera 150 photos dont 16 portraits, avec quelques paroles fortes. L\u2019esprit maghr\u00e9bin, m\u00e9diterran\u00e9en, je m\u2019en sens tr\u00e8s proche. On crie, on exag\u00e8re, on bouge les bras, je suis comme \u00e7a\u2009!<\/p>\n<p>Il pr\u00e9sentera son livre \u00e0 la M\u00e9diath\u00e8que de Roubaix samedi 13\u00a0septembre 2025 \u00e0 16\u2009h. Livre \u00e0 vendre au prix d\u2019environ 35\u00a0\u20ac (prix libre) \u00e0 la librairie Combo avenue J. Lebas, au magasin du Mus\u00e9e La Piscine, et aupr\u00e8s du photographe lui-m\u00eame sur son profil facebook\u2009: facebook.com\/HernanAmei<\/p>\n<p class=\" wall-content\">Suivez toute l\u2019actualit\u00e9 de vos villes et m\u00e9dias favoris en vous inscrivant \u00e0 <a href=\"https:\/\/moncompte.actu.fr\" title=\"D\u00e9couvez Mon Actu\" rel=\"nofollow noopener\" data-trk=\"{&quot;cta&quot;:{&quot;action&quot;:&quot;https:\\\/\\\/moncompte.actu.fr&quot;,&quot;category&quot;:&quot;mon compte&quot;,&quot;from&quot;:&quot;article footer&quot;,&quot;name&quot;:&quot;Mon actu&quot;,&quot;type&quot;:&quot;cta&quot;}}\" target=\"_blank\">Mon Actu<\/a>.<\/p>\n","protected":false},"excerpt":{"rendered":"Par Anne-Sophie Hourdeaux Publi\u00e9 le 10 ao\u00fbt 2025 \u00e0 7h30 100 photos pour raconter Roubaix autrement, c\u2019est le&hellip;\n","protected":false},"author":2,"featured_media":308875,"comment_status":"","ping_status":"","sticky":false,"template":"","format":"standard","meta":{"footnotes":""},"categories":[2815],"tags":[1111,11,1777,674,1011,27,811,1307,1380,12,9026,25,104],"class_list":{"0":"post-308874","1":"post","2":"type-post","3":"status-publish","4":"format-standard","5":"has-post-thumbnail","7":"category-lille","8":"tag-actu","9":"tag-actualites","10":"tag-eu","11":"tag-europe","12":"tag-fr","13":"tag-france","14":"tag-hauts-de-france","15":"tag-lille","16":"tag-livres","17":"tag-news","18":"tag-portrait","19":"tag-republique-francaise","20":"tag-societe"},"share_on_mastodon":{"url":"https:\/\/pubeurope.com\/@fr\/115003066136197008","error":""},"_links":{"self":[{"href":"https:\/\/www.europesays.com\/fr\/wp-json\/wp\/v2\/posts\/308874","targetHints":{"allow":["GET"]}}],"collection":[{"href":"https:\/\/www.europesays.com\/fr\/wp-json\/wp\/v2\/posts"}],"about":[{"href":"https:\/\/www.europesays.com\/fr\/wp-json\/wp\/v2\/types\/post"}],"author":[{"embeddable":true,"href":"https:\/\/www.europesays.com\/fr\/wp-json\/wp\/v2\/users\/2"}],"replies":[{"embeddable":true,"href":"https:\/\/www.europesays.com\/fr\/wp-json\/wp\/v2\/comments?post=308874"}],"version-history":[{"count":0,"href":"https:\/\/www.europesays.com\/fr\/wp-json\/wp\/v2\/posts\/308874\/revisions"}],"wp:featuredmedia":[{"embeddable":true,"href":"https:\/\/www.europesays.com\/fr\/wp-json\/wp\/v2\/media\/308875"}],"wp:attachment":[{"href":"https:\/\/www.europesays.com\/fr\/wp-json\/wp\/v2\/media?parent=308874"}],"wp:term":[{"taxonomy":"category","embeddable":true,"href":"https:\/\/www.europesays.com\/fr\/wp-json\/wp\/v2\/categories?post=308874"},{"taxonomy":"post_tag","embeddable":true,"href":"https:\/\/www.europesays.com\/fr\/wp-json\/wp\/v2\/tags?post=308874"}],"curies":[{"name":"wp","href":"https:\/\/api.w.org\/{rel}","templated":true}]}}