{"id":308878,"date":"2025-08-10T06:35:11","date_gmt":"2025-08-10T06:35:11","guid":{"rendered":"https:\/\/www.europesays.com\/fr\/308878\/"},"modified":"2025-08-10T06:35:11","modified_gmt":"2025-08-10T06:35:11","slug":"lyon-premiere-ville-mondiale-de-ce-classement-etonnant-devant-de-tres-grandes-metropoles","status":"publish","type":"post","link":"https:\/\/www.europesays.com\/fr\/308878\/","title":{"rendered":"Lyon premi\u00e8re ville mondiale de ce classement \u00e9tonnant, devant de tr\u00e8s grandes m\u00e9tropoles"},"content":{"rendered":"<p>            Par<br \/>\n        <strong><br \/>\n            <a href=\"https:\/\/actu.fr\/auteur\/emma-ressegaire\" title=\"Consulter tous les articles de Emma Ressegaire\" rel=\"nofollow noopener\" target=\"_blank\">Emma Ressegaire<\/a><br \/>\n        <\/strong><\/p>\n<p>        Publi\u00e9 le<\/p>\n<p>            10 ao\u00fbt 2025 \u00e0 8h02        <\/p>\n<p>On dit que la ville lyonnaise est la capitale mondiale de la gastronomie. D\u00e9sormais, on peut aussi dire que Lyon est la <strong>capitale mondiale du d\u00e9bit internet<\/strong> !<\/p>\n<p class=\" wall-content\">En effet, dans son dernier classement des meilleures connexions par pays et par ville, Speedtest Global Index a sacr\u00e9 Lyon comme la ville ayant le d\u00e9bit internet filaire <strong>le plus rapide au monde<\/strong>.<\/p>\n<p class=\" wall-content\">Une premi\u00e8re place, <strong>loin devant d\u2019autres tr\u00e8s grosses villes<\/strong>, avec un d\u00e9bit en moyenne de <strong>347,52 Mb\/s<\/strong>. La ville brille donc pour son efficacit\u00e9 num\u00e9rique. Abu Dhabi, aux \u00c9mirats arabes unis, arrive \u00e0 la deuxi\u00e8me place avec une moyenne de 344,34 Mb\/s. Enfin, Valparaiso, au Chili, compl\u00e8te le podium \u00e0 330,57 Mb\/s.<\/p>\n<p>La France \u00e0 la troisi\u00e8me place<\/p>\n<p class=\" wall-content\">La <strong>deuxi\u00e8me ville fran\u00e7aise<\/strong> n\u2019est autre que Paris qui se situe \u00e0 la 23e place. La capitale a notamment perdu quatre places sur un an, \u00e0 238,51 Mb\/s.<\/p>\n<p class=\" wall-content\">Au niveau des \u00e9tats, la<strong> France ne d\u00e9m\u00e9rite pas en arrivant \u00e0 la troisi\u00e8me place<\/strong>. L\u2019Hexagone n\u2019est devanc\u00e9 que par des \u00ab villes-\u00c9tats \u00bb, avec Singapour \u00e0 la premi\u00e8re marche du podium et Hong Kong sur la seconde. Ainsi, le d\u00e9bit moyen des Fran\u00e7ais est de 319,43 Mbps. Une belle position pour un pays qui encore compte <strong>quelques zones blanches<\/strong>.<\/p>\n<p class=\" wall-content\">Suivez toute l\u2019actualit\u00e9 de vos villes et m\u00e9dias favoris en vous inscrivant \u00e0 <a href=\"https:\/\/moncompte.actu.fr\" title=\"D\u00e9couvez Mon Actu\" rel=\"nofollow noopener\" data-trk=\"{&quot;cta&quot;:{&quot;action&quot;:&quot;https:\\\/\\\/moncompte.actu.fr&quot;,&quot;category&quot;:&quot;mon compte&quot;,&quot;from&quot;:&quot;article footer&quot;,&quot;name&quot;:&quot;Mon actu&quot;,&quot;type&quot;:&quot;cta&quot;}}\" target=\"_blank\">Mon Actu<\/a>.<\/p>\n","protected":false},"excerpt":{"rendered":"Par Emma Ressegaire Publi\u00e9 le 10 ao\u00fbt 2025 \u00e0 8h02 On dit que la ville lyonnaise est la&hellip;\n","protected":false},"author":2,"featured_media":308879,"comment_status":"","ping_status":"","sticky":false,"template":"","format":"standard","meta":{"footnotes":""},"categories":[1889],"tags":[1111,11,2430,33,1777,674,960,1011,27,142,2428,12,25],"class_list":{"0":"post-308878","1":"post","2":"type-post","3":"status-publish","4":"format-standard","5":"has-post-thumbnail","7":"category-lyon","8":"tag-actu","9":"tag-actualites","10":"tag-auvergne-rhone-alpes","11":"tag-economie","12":"tag-eu","13":"tag-europe","14":"tag-fibre-optique","15":"tag-fr","16":"tag-france","17":"tag-high-tech","18":"tag-lyon","19":"tag-news","20":"tag-republique-francaise"},"share_on_mastodon":{"url":"https:\/\/pubeurope.com\/@fr\/115003085672438613","error":""},"_links":{"self":[{"href":"https:\/\/www.europesays.com\/fr\/wp-json\/wp\/v2\/posts\/308878","targetHints":{"allow":["GET"]}}],"collection":[{"href":"https:\/\/www.europesays.com\/fr\/wp-json\/wp\/v2\/posts"}],"about":[{"href":"https:\/\/www.europesays.com\/fr\/wp-json\/wp\/v2\/types\/post"}],"author":[{"embeddable":true,"href":"https:\/\/www.europesays.com\/fr\/wp-json\/wp\/v2\/users\/2"}],"replies":[{"embeddable":true,"href":"https:\/\/www.europesays.com\/fr\/wp-json\/wp\/v2\/comments?post=308878"}],"version-history":[{"count":0,"href":"https:\/\/www.europesays.com\/fr\/wp-json\/wp\/v2\/posts\/308878\/revisions"}],"wp:featuredmedia":[{"embeddable":true,"href":"https:\/\/www.europesays.com\/fr\/wp-json\/wp\/v2\/media\/308879"}],"wp:attachment":[{"href":"https:\/\/www.europesays.com\/fr\/wp-json\/wp\/v2\/media?parent=308878"}],"wp:term":[{"taxonomy":"category","embeddable":true,"href":"https:\/\/www.europesays.com\/fr\/wp-json\/wp\/v2\/categories?post=308878"},{"taxonomy":"post_tag","embeddable":true,"href":"https:\/\/www.europesays.com\/fr\/wp-json\/wp\/v2\/tags?post=308878"}],"curies":[{"name":"wp","href":"https:\/\/api.w.org\/{rel}","templated":true}]}}