{"id":308880,"date":"2025-08-10T06:36:14","date_gmt":"2025-08-10T06:36:14","guid":{"rendered":"https:\/\/www.europesays.com\/fr\/308880\/"},"modified":"2025-08-10T06:36:14","modified_gmt":"2025-08-10T06:36:14","slug":"lyon-des-voitures-radars-privees-vont-bientot-flasher-sur-les-routes-du-rhone","status":"publish","type":"post","link":"https:\/\/www.europesays.com\/fr\/308880\/","title":{"rendered":"Lyon. Des voitures radars priv\u00e9es vont bient\u00f4t flasher sur les routes du Rh\u00f4ne"},"content":{"rendered":"<p>            Par<br \/>\n        <strong><br \/>\n            <a href=\"https:\/\/actu.fr\/auteur\/julien-sournies\" title=\"Consulter tous les articles de Julien Sournies\" target=\"_blank\" rel=\"noopener\">Julien Sournies<\/a><br \/>\n        <\/strong><\/p>\n<p>        Publi\u00e9 le<\/p>\n<p>            10 ao\u00fbt 2025 \u00e0 7h40        <\/p>\n<p>Il va falloir \u00eatre encore plus vigilant sur les routes prochainement \u00e0 <a href=\"https:\/\/actu.fr\/lyon\/\" target=\"_blank\" rel=\"noopener\">Lyon<\/a> et dans le <a href=\"https:\/\/actu.fr\/auvergne-rhone-alpes\/rhone_69\" target=\"_blank\" rel=\"noopener\">Rh\u00f4ne<\/a>. Depuis plusieurs au sein de la r\u00e9gion Auvergne-Rh\u00f4ne-Alpes, des <a href=\"https:\/\/actu.fr\/auvergne-rhone-alpes\/lyon_69123\/les-voitures-radars-privees-arrivent-a-lyon-et-en-auvergne-rhone-alpes_62115973.html\" target=\"_blank\" rel=\"noopener\">voitures radars priv\u00e9es et banalis\u00e9es<\/a> flashent \u00e0 tour de bras les fous du volant.<\/p>\n<p class=\" wall-content\">Si ce dispositif, appel\u00e9 <strong>\u00ab\u2009Dexter\u2009\u00bb<\/strong> et d\u00e9j\u00e0 pr\u00e9sent dans huit autres r\u00e9gions en France, est d\u00e9j\u00e0 op\u00e9rationnel dans le Puy-de-D\u00f4me (mi-mai), dans l\u2019Ain (d\u00e9but juillet), dans la Dr\u00f4me (1\u1d49\u02b3 ao\u00fbt) et prochainement dans la <a href=\"https:\/\/actu.fr\/auvergne-rhone-alpes\/saint-etienne_42218\/loire-les-voitures-radars-privees-vont-flasher-sur-ces-routes-voici-les-zones-de-controle_62993965.html\" target=\"_blank\" rel=\"noopener\">Loire<\/a> (16\u00a0ao\u00fbt), aucune date officielle n\u2019a encore \u00e9t\u00e9 communiqu\u00e9e au sujet du Rh\u00f4ne.<\/p>\n<p>Une mise en service \u00e0 la rentr\u00e9e dans le Rh\u00f4ne\u2009?<\/p>\n<p class=\" wall-content\">Contact\u00e9e par actu Lyon, la pr\u00e9fecture du d\u00e9partement annonce qu\u2019une \u00ab\u2009phase de reconnaissance est toujours en cours dans le Rh\u00f4ne\u2009\u00bb.<\/p>\n<p class=\" wall-content\">Si aucune date n\u2019est donc encore arr\u00eat\u00e9e, les services de l\u2019\u00c9tat envisagent la mise en service de ces voitures radars priv\u00e9es aux alentours de la <strong>rentr\u00e9e<\/strong>, \u00ab\u2009mais cela peut \u00eatre d\u00e9cal\u00e9 en attente de validation par la Direction d\u00e9partementale des territoires\u2009\u00bb, nous dit-on.<\/p>\n<p>D\u00e9j\u00e0 34 morts sur les routes<\/p>\n<p class=\" wall-content\">Dans le d\u00e9tail, ce programme a pour objectif de faire <strong>respecter les limitations de vitesse dans la dur\u00e9e<\/strong> en allongeant les plages horaires de circulation des voitures radars sur les routes les plus accidentog\u00e8nes.<\/p>\n<p class=\" wall-content\">Il permet par ailleurs de <strong>lib\u00e9rer du temps<\/strong> que les forces de l\u2019ordre pourront consacrer \u00e0 leurs missions d\u2019intervention, d\u2019enqu\u00eate et de pr\u00e9vention, tout en renfor\u00e7ant la protection des usagers de la route.<\/p>\n<p class=\" wall-content\">Un dispositif qui tombe donc \u00e0 pic dans le d\u00e9partement rhodanien. Pour cause\u2009: derni\u00e8rement, la pr\u00e9fecture a enregistr\u00e9 pas moins de <a href=\"https:\/\/actu.fr\/auvergne-rhone-alpes\/lyon_69123\/rhone-les-accidents-de-la-route-explosent-en-2025-la-prefecture-appelle-a-la-vigilance_63002975.html\" target=\"_blank\" rel=\"noopener\">880 accidents corporels en 2025<\/a>, soit une hausse de 35\u2009% par rapport \u00e0 la m\u00eame p\u00e9riode en 2024. Des accidents qui ont co\u00fbt\u00e9 la vie \u00e0 34\u00a0personnes.<\/p>\n<p class=\" wall-content\">Suivez toute l\u2019actualit\u00e9 de vos villes et m\u00e9dias favoris en vous inscrivant \u00e0 <a href=\"https:\/\/moncompte.actu.fr\" title=\"D\u00e9couvez Mon Actu\" rel=\"nofollow noopener\" data-trk=\"{&quot;cta&quot;:{&quot;action&quot;:&quot;https:\\\/\\\/moncompte.actu.fr&quot;,&quot;category&quot;:&quot;mon compte&quot;,&quot;from&quot;:&quot;article footer&quot;,&quot;name&quot;:&quot;Mon actu&quot;,&quot;type&quot;:&quot;cta&quot;}}\" target=\"_blank\">Mon Actu<\/a>.<\/p>\n<ul class=\"ac-article-tag wall-content\">\n<li><a href=\"https:\/\/actu.fr\/tag\/radars\" data-trk=\"{&quot;cta&quot;:{&quot;action&quot;:&quot;Radars&quot;,&quot;category&quot;:&quot;tag&quot;,&quot;from&quot;:&quot;article footer&quot;,&quot;name&quot;:&quot;Radars&quot;,&quot;type&quot;:&quot;cta&quot;}}\" target=\"_blank\" rel=\"noopener\">#Radars<\/a><\/li>\n<li><a href=\"https:\/\/actu.fr\/tag\/securite-routiere\" data-trk=\"{&quot;cta&quot;:{&quot;action&quot;:&quot;S\\u00e9curit\\u00e9 routi\\u00e8re&quot;,&quot;category&quot;:&quot;tag&quot;,&quot;from&quot;:&quot;article footer&quot;,&quot;name&quot;:&quot;S\\u00e9curit\\u00e9 routi\\u00e8re&quot;,&quot;type&quot;:&quot;cta&quot;}}\" target=\"_blank\" rel=\"noopener\">#S\u00e9curit\u00e9 routi\u00e8re<\/a><\/li>\n<\/ul>\n","protected":false},"excerpt":{"rendered":"Par Julien Sournies Publi\u00e9 le 10 ao\u00fbt 2025 \u00e0 7h40 Il va falloir \u00eatre encore plus vigilant sur&hellip;\n","protected":false},"author":2,"featured_media":308881,"comment_status":"","ping_status":"","sticky":false,"template":"","format":"standard","meta":{"footnotes":""},"categories":[1889],"tags":[1111,11,2430,1777,674,1011,27,2428,12,6957,25,5009,104],"class_list":{"0":"post-308880","1":"post","2":"type-post","3":"status-publish","4":"format-standard","5":"has-post-thumbnail","7":"category-lyon","8":"tag-actu","9":"tag-actualites","10":"tag-auvergne-rhone-alpes","11":"tag-eu","12":"tag-europe","13":"tag-fr","14":"tag-france","15":"tag-lyon","16":"tag-news","17":"tag-radars","18":"tag-republique-francaise","19":"tag-securite-routiere","20":"tag-societe"},"share_on_mastodon":{"url":"https:\/\/pubeurope.com\/@fr\/115003089449725230","error":""},"_links":{"self":[{"href":"https:\/\/www.europesays.com\/fr\/wp-json\/wp\/v2\/posts\/308880","targetHints":{"allow":["GET"]}}],"collection":[{"href":"https:\/\/www.europesays.com\/fr\/wp-json\/wp\/v2\/posts"}],"about":[{"href":"https:\/\/www.europesays.com\/fr\/wp-json\/wp\/v2\/types\/post"}],"author":[{"embeddable":true,"href":"https:\/\/www.europesays.com\/fr\/wp-json\/wp\/v2\/users\/2"}],"replies":[{"embeddable":true,"href":"https:\/\/www.europesays.com\/fr\/wp-json\/wp\/v2\/comments?post=308880"}],"version-history":[{"count":0,"href":"https:\/\/www.europesays.com\/fr\/wp-json\/wp\/v2\/posts\/308880\/revisions"}],"wp:featuredmedia":[{"embeddable":true,"href":"https:\/\/www.europesays.com\/fr\/wp-json\/wp\/v2\/media\/308881"}],"wp:attachment":[{"href":"https:\/\/www.europesays.com\/fr\/wp-json\/wp\/v2\/media?parent=308880"}],"wp:term":[{"taxonomy":"category","embeddable":true,"href":"https:\/\/www.europesays.com\/fr\/wp-json\/wp\/v2\/categories?post=308880"},{"taxonomy":"post_tag","embeddable":true,"href":"https:\/\/www.europesays.com\/fr\/wp-json\/wp\/v2\/tags?post=308880"}],"curies":[{"name":"wp","href":"https:\/\/api.w.org\/{rel}","templated":true}]}}