{"id":308886,"date":"2025-08-10T06:43:40","date_gmt":"2025-08-10T06:43:40","guid":{"rendered":"https:\/\/www.europesays.com\/fr\/308886\/"},"modified":"2025-08-10T06:43:40","modified_gmt":"2025-08-10T06:43:40","slug":"le-feu-vert-des-sages","status":"publish","type":"post","link":"https:\/\/www.europesays.com\/fr\/308886\/","title":{"rendered":"le feu vert des sages"},"content":{"rendered":"<p>Fran\u00e7ois Bayrou en avait fait sa priorit\u00e9 des priorit\u00e9s. Valid\u00e9e par l\u2019Assembl\u00e9e et le Parlement, alors que les autres textes soutenus par le gouvernement subissent les tirs crois\u00e9s des oppositions, la proposition de loi sur la r\u00e9forme du mode de scrutin \u00e0 Paris, Lyon et Marseille a re\u00e7u le feu vert, le 7 ao\u00fbt 2025, du Conseil constitutionnel. Elle a \u00e9t\u00e9 valid\u00e9e dans son int\u00e9gralit\u00e9.<\/p>\n<p>Dans les trois plus grandes villes de France, les \u00e9lecteurs d\u00e9signeront l\u2019an prochain leurs conseillers d\u2019arrondissement et leurs conseillers \u00e0 la mairie centrale au cours de deux scrutins distincts qui se d\u00e9rouleront le m\u00eame jour.<\/p>\n<p>A Lyon, ils devront aussi choisir leurs conseillers m\u00e9tropolitains. Il y aura donc, d\u00e9sormais, dans la capitales des Gaules, trois scrutins le m\u00eame jour et trois urnes.\u00a0Pour le maire &#8230;<\/p>\n<p class=\"blocCut__title\">\n\t\t\t\t\t\t\t\t\t[70% reste \u00e0 lire]\n\t\t\t\t\t\t\t<\/p>\n<p class=\"blocCut__title--type2\">Article r\u00e9serv\u00e9 aux abonn\u00e9s<\/p>\n<p class=\"blocCut__title--type3\">Gazette des Communes<\/p>\n<p class=\"blocCut__title--type2\">VOUS N&rsquo;\u00eaTES PAS ABONN\u00e9 ?<\/p>\n<p class=\"blocCut__title--type4\">D\u00e9couvrez nos formules et acc\u00e9dez aux articles en illimit\u00e9<\/p>\n<p>\t\t\t\t\t\t\t\t<a href=\"https:\/\/www.abonnement.infopro-digital.com\/la-gazette-des-communes\/formule\/1111\/CTA-P\" target=\"_blank\" class=\"btn__full buttonTypeA buttonTypeA--1\" rel=\"nofollow noopener\">Je m\u2019abonne<\/a><\/p>\n","protected":false},"excerpt":{"rendered":"Fran\u00e7ois Bayrou en avait fait sa priorit\u00e9 des priorit\u00e9s. Valid\u00e9e par l\u2019Assembl\u00e9e et le Parlement, alors que les&hellip;\n","protected":false},"author":2,"featured_media":308887,"comment_status":"","ping_status":"","sticky":false,"template":"","format":"standard","meta":{"footnotes":""},"categories":[1888],"tags":[47,11,2349,5949,1777,674,1011,27,34030,12,626,25],"class_list":{"0":"post-308886","1":"post","2":"type-post","3":"status-publish","4":"format-standard","5":"has-post-thumbnail","7":"category-paris","8":"tag-actualite","9":"tag-actualites","10":"tag-articles-reserves","11":"tag-elections","12":"tag-eu","13":"tag-europe","14":"tag-fr","15":"tag-france","16":"tag-jbforray","17":"tag-news","18":"tag-paris","19":"tag-republique-francaise"},"share_on_mastodon":{"url":"https:\/\/pubeurope.com\/@fr\/115003117081362287","error":""},"_links":{"self":[{"href":"https:\/\/www.europesays.com\/fr\/wp-json\/wp\/v2\/posts\/308886","targetHints":{"allow":["GET"]}}],"collection":[{"href":"https:\/\/www.europesays.com\/fr\/wp-json\/wp\/v2\/posts"}],"about":[{"href":"https:\/\/www.europesays.com\/fr\/wp-json\/wp\/v2\/types\/post"}],"author":[{"embeddable":true,"href":"https:\/\/www.europesays.com\/fr\/wp-json\/wp\/v2\/users\/2"}],"replies":[{"embeddable":true,"href":"https:\/\/www.europesays.com\/fr\/wp-json\/wp\/v2\/comments?post=308886"}],"version-history":[{"count":0,"href":"https:\/\/www.europesays.com\/fr\/wp-json\/wp\/v2\/posts\/308886\/revisions"}],"wp:featuredmedia":[{"embeddable":true,"href":"https:\/\/www.europesays.com\/fr\/wp-json\/wp\/v2\/media\/308887"}],"wp:attachment":[{"href":"https:\/\/www.europesays.com\/fr\/wp-json\/wp\/v2\/media?parent=308886"}],"wp:term":[{"taxonomy":"category","embeddable":true,"href":"https:\/\/www.europesays.com\/fr\/wp-json\/wp\/v2\/categories?post=308886"},{"taxonomy":"post_tag","embeddable":true,"href":"https:\/\/www.europesays.com\/fr\/wp-json\/wp\/v2\/tags?post=308886"}],"curies":[{"name":"wp","href":"https:\/\/api.w.org\/{rel}","templated":true}]}}