{"id":308890,"date":"2025-08-10T06:46:17","date_gmt":"2025-08-10T06:46:17","guid":{"rendered":"https:\/\/www.europesays.com\/fr\/308890\/"},"modified":"2025-08-10T06:46:17","modified_gmt":"2025-08-10T06:46:17","slug":"une-ong-revele-un-catalogue-russe-denfants-ukrainiens-voles","status":"publish","type":"post","link":"https:\/\/www.europesays.com\/fr\/308890\/","title":{"rendered":"Une ONG r\u00e9v\u00e8le un \u00ab catalogue \u00bb russe d\u2019enfants ukrainiens vol\u00e9s"},"content":{"rendered":"<p>                                            Monde\n                                                                            <\/p>\n<p>\n                                            Class\u00e9s par \u00e2ge, couleur des yeux ou \u00ab niveau d\u2019ob\u00e9issance \u00bb, pr\u00e8s de 300 enfants ukrainiens vol\u00e9s seraient mis en vitrine sur un site russe, d\u00e9nonce l\u2019ONG Save Ukraine.                                        <\/p>\n<p>                                                Publi\u00e9 le 9 ao\u00fbt 2025 \u00e0 18h54                                                                                            <\/p>\n<p>                                            <img loading=\"lazy\" width=\"1024\" height=\"683\" src=\"https:\/\/www.europesays.com\/fr\/wp-content\/uploads\/2025\/08\/SIPA_sipa60043949_000021-1-min.jpg\" class=\"attachment-post-thumbnail size-post-thumbnail wp-post-image lazy\" alt=\"l\u2019Ukraine affirme que pr\u00e8s de 20 000 enfants ont \u00e9t\u00e9 transf\u00e9r\u00e9s de force en Russie. Sebastian Willnow\/DPA\/SIPA\" decoding=\"async\"  data-\/><\/p>\n<p>                                            l\u2019Ukraine affirme que pr\u00e8s de 20 000 enfants ont \u00e9t\u00e9 transf\u00e9r\u00e9s de force en Russie. Sebastian Willnow\/DPA\/SIPA<\/p>\n<p>Pr\u00e8s de 300 <a href=\"https:\/\/www.valeursactuelles.com\/monde\/un-presentateur-de-la-chaine-russe-rt-ecarte-de-lantenne-pour-avoir-appele-a-bruler-les-enfants-ukrainiens\" target=\"_blank\" rel=\"noopener\">enfants ukrainiens<\/a> apparaissent dans un \u00ab catalogue \u00bb en ligne, photographi\u00e9s, class\u00e9s par \u00e2ge, couleur des yeux, \u00e9tat de sant\u00e9 ou m\u00eame \u00ab niveau d\u2019ob\u00e9issance \u00bb. Sur X, le fondateur de l\u2019ONG Save Ukraine, Mykola Kuleba, a r\u00e9v\u00e9l\u00e9 l\u2019existence, vendredi 7 ao\u00fbt, de ce site h\u00e9berg\u00e9 par l\u2019administration prorusse de Louhansk. Certains de ces <a href=\"https:\/\/www.valeursactuelles.com\/monde\/guerre-en-ukraine-242-enfants-tues-depuis-le-debut-de-linvasion-russe-affirme-kiev\" target=\"_blank\" rel=\"noopener\">enfants <\/a>sont orphelins, d\u2019autres ont \u00e9t\u00e9 enlev\u00e9s \u00e0 leurs familles, et tous sont pr\u00e9sent\u00e9s \u00ab comme des produits dans une boutique en ligne \u00bb.<\/p>\n<p><a href=\"https:\/\/www.valeursactuelles.com\/monde\/guerre-en-ukraine-les-femmes-les-enfants-et-les-personnes-agees-evacues-dazovstal-selon-kiev\" class=\"h-flex h-align-items-center h-border-tb h-ptb-15\" target=\"_blank\" rel=\"noopener\">A\u00a0LIRE\u00a0Guerre en Ukraine : les femmes, les enfants et les personnes \u00e2g\u00e9es \u00e9vacu\u00e9s d\u2019Azovstal, selon Kiev<\/a><\/p>\n<blockquote class=\"twitter-tweet\">\n<p dir=\"ltr\" lang=\"en\">Russia isn\u2019t even trying to hide it anymore. It\u2019s openly trafficking Ukrainian children.<\/p>\n<p>On official platforms, Ukrainian orphans are displayed like products in an online marketplace.<\/p>\n<p>Full-face photos. Age. Eye color. Health status. Even \u201cobedience level.\u201d Filterable. Sortable.\u2026 <a href=\"https:\/\/t.co\/SYcRxlx0JD\">pic.twitter.com\/SYcRxlx0JD<\/a><\/p>\n<p>\u2014 Mykola Kuleba (@MykolaKuleba) <a href=\"https:\/\/twitter.com\/MykolaKuleba\/status\/1953507503695688126?ref_src=twsrc%5Etfw\" target=\"_blank\" rel=\"noopener\">August 7, 2025<\/a><\/p>\n<\/blockquote>\n<p>\u00ab Il ne s\u2019agit pas d\u2019adoption ou de soins, mais d\u2019un trafic num\u00e9rique d\u2019enfants, d\u00e9guis\u00e9 en bureaucratie \u00bb, accuse Mykola Kuleba. Selon l\u2019ONG, certains mineurs sont r\u00e9enregistr\u00e9s avec de nouveaux papiers, rendant plus difficile toute tentative de rapatriement. L\u2019objectif serait de les int\u00e9grer dans des familles russes, de les exposer \u00e0 la propagande anti-ukrainienne et d\u2019effacer leur identit\u00e9 d\u2019origine.<\/p>\n<p>Un crime de guerre d\u00e9nonc\u00e9 \u00e0 l\u2019international<a href=\"https:\/\/www.valeursactuelles.com\/monde\/guerre-en-ukraine-97-sont-morts-depuis-le-debut-de-linvasion-russe\" class=\"h-flex h-align-items-center h-border-tb h-ptb-15\" target=\"_blank\" rel=\"noopener\">A\u00a0LIRE\u00a0Guerre en Ukraine : 97 enfants sont morts depuis le d\u00e9but de l\u2019invasion russe<\/a><\/p>\n<p>Depuis 2014, l\u2019Ukraine affirme que pr\u00e8s de 20 000 enfants ont \u00e9t\u00e9 transf\u00e9r\u00e9s de force en Russie ou dans les territoires occup\u00e9s. Selon les autorit\u00e9s, le nombre r\u00e9el d\u2019enfants vol\u00e9s pourrait \u00eatre dix fois sup\u00e9rieur \u00e0 celui annonc\u00e9. Ces enl\u00e8vements massifs ont conduit la Cour p\u00e9nale internationale \u00e0 inculper Vladimir Poutine et Maria Lvova-Belova, commissaire aux droits de l\u2019enfant, pour crimes de guerre. Selon <a href=\"https:\/\/kyivindependent.com\/ukraine-secures-return-of-11-children-from-russian-occupied-territories\/?utm_source=chatgpt.com\" target=\"_blank\" rel=\"nofollow noopener\">The Kyiv Independent<\/a>, seuls 1 480 enfants ont pu \u00eatre rapatri\u00e9s \u00e0 ce jour.<\/p>\n<p>Des voix internationales alertent \u00e9galement sur cette r\u00e9alit\u00e9 alarmante. Le Haut-Commissariat aux droits de l\u2019homme de l\u2019ONU a estim\u00e9 que le transfert forc\u00e9 d\u2019enfants ukrainiens vers la Russie constitue une violation claire du droit international humanitaire, et peut \u00eatre assimil\u00e9 \u00e0 un crime de guerre. <a href=\"https:\/\/www.europarl.europa.eu\/doceo\/document\/TA-10-2025-0096_FR.html?utm_source=chatgpt.com\" target=\"_blank\" rel=\"nofollow noopener\">Le Parlement europ\u00e9en<\/a>, de son c\u00f4t\u00e9, a reconnu ces actes comme contraires aux conventions fondamentales relatives aux droits de l\u2019enfant et au droit de la guerre.<\/p>\n<p>                                                                    <script async src=\"https:\/\/platform.twitter.com\/widgets.js\" charset=\"utf-8\"><\/script><\/p>\n","protected":false},"excerpt":{"rendered":"Monde Class\u00e9s par \u00e2ge, couleur des yeux ou \u00ab niveau d\u2019ob\u00e9issance \u00bb, pr\u00e8s de 300 enfants ukrainiens vol\u00e9s&hellip;\n","protected":false},"author":2,"featured_media":308891,"comment_status":"","ping_status":"","sticky":false,"template":"","format":"standard","meta":{"footnotes":""},"categories":[1591],"tags":[11,847,2716,1887,131,12,1885,1886,132,220],"class_list":{"0":"post-308890","1":"post","2":"type-post","3":"status-publish","4":"format-standard","5":"has-post-thumbnail","7":"category-russie","8":"tag-actualites","9":"tag-enfant","10":"tag-enlevement","11":"tag-federation-de-russie","12":"tag-guerre-en-ukraine","13":"tag-news","14":"tag-russia","15":"tag-russian-federation","16":"tag-russie","17":"tag-ukraine"},"share_on_mastodon":{"url":"https:\/\/pubeurope.com\/@fr\/115003128847721303","error":""},"_links":{"self":[{"href":"https:\/\/www.europesays.com\/fr\/wp-json\/wp\/v2\/posts\/308890","targetHints":{"allow":["GET"]}}],"collection":[{"href":"https:\/\/www.europesays.com\/fr\/wp-json\/wp\/v2\/posts"}],"about":[{"href":"https:\/\/www.europesays.com\/fr\/wp-json\/wp\/v2\/types\/post"}],"author":[{"embeddable":true,"href":"https:\/\/www.europesays.com\/fr\/wp-json\/wp\/v2\/users\/2"}],"replies":[{"embeddable":true,"href":"https:\/\/www.europesays.com\/fr\/wp-json\/wp\/v2\/comments?post=308890"}],"version-history":[{"count":0,"href":"https:\/\/www.europesays.com\/fr\/wp-json\/wp\/v2\/posts\/308890\/revisions"}],"wp:featuredmedia":[{"embeddable":true,"href":"https:\/\/www.europesays.com\/fr\/wp-json\/wp\/v2\/media\/308891"}],"wp:attachment":[{"href":"https:\/\/www.europesays.com\/fr\/wp-json\/wp\/v2\/media?parent=308890"}],"wp:term":[{"taxonomy":"category","embeddable":true,"href":"https:\/\/www.europesays.com\/fr\/wp-json\/wp\/v2\/categories?post=308890"},{"taxonomy":"post_tag","embeddable":true,"href":"https:\/\/www.europesays.com\/fr\/wp-json\/wp\/v2\/tags?post=308890"}],"curies":[{"name":"wp","href":"https:\/\/api.w.org\/{rel}","templated":true}]}}