{"id":308894,"date":"2025-08-10T06:48:10","date_gmt":"2025-08-10T06:48:10","guid":{"rendered":"https:\/\/www.europesays.com\/fr\/308894\/"},"modified":"2025-08-10T06:48:10","modified_gmt":"2025-08-10T06:48:10","slug":"message-du-president-de-la-republique-darmenie-vahagn-khachaturyan-a-loccasion-de-la-signature-de-la-declaration-trilaterale-entre-larmenie-lazerbaidjan-et-les-etats-unis","status":"publish","type":"post","link":"https:\/\/www.europesays.com\/fr\/308894\/","title":{"rendered":"Message du pr\u00e9sident de la R\u00e9publique d&rsquo;Arm\u00e9nie, Vahagn Khachaturyan, \u00e0 l&rsquo;occasion de la signature de la d\u00e9claration trilat\u00e9rale entre l&rsquo;Arm\u00e9nie, l&rsquo;Azerba\u00efdjan et les \u00c9tats-Unis."},"content":{"rendered":"<p>\u00ab Chers compatriotes,<br \/>Chers coll\u00e8gues et amis,<br \/>Le 8 ao\u00fbt restera grav\u00e9 dans l\u2019histoire de notre peuple et de toute la r\u00e9gion comme le jour o\u00f9 la voie vers la paix a pris une tournure claire et irr\u00e9versible.<br \/>La R\u00e9publique d\u2019Arm\u00e9nie, la R\u00e9publique d\u2019Azerba\u00efdjan et les \u00c9tats-Unis d\u2019Am\u00e9rique ont sign\u00e9 une d\u00e9claration commune affirmant que les contradictions du pass\u00e9 peuvent et doivent \u00eatre remplac\u00e9es par les id\u00e9es de respect mutuel, de bon voisinage et de d\u00e9veloppement commun.<br \/>Cette \u00e9tape prouve que la volont\u00e9 politique, la foi et la vision peuvent transformer la r\u00e9alit\u00e9. Elle repose sur le respect ind\u00e9fectible des principes fondamentaux du droit international : la souverainet\u00e9 des \u00c9tats, l\u2019int\u00e9grit\u00e9 territoriale et l\u2019\u00e9galit\u00e9 des droits.<br \/>La signature du trait\u00e9 de paix n\u2019est pas seulement un document diplomatique, mais aussi une d\u00e9claration pour la s\u00e9curit\u00e9, la stabilit\u00e9 et la prosp\u00e9rit\u00e9 de la r\u00e9gion. C\u2019est un message \u00e0 nos peuples et aux g\u00e9n\u00e9rations futures que la coexistence pacifique est possible si nous sommes guid\u00e9s par la confiance, la compr\u00e9hension mutuelle et la recherche du bien commun.<br \/>L\u2019Arm\u00e9nie reste fermement engag\u00e9e \u00e0 continuer de construire des ponts de confiance, \u00e0 r\u00e9tablir les liens \u00e9conomiques, culturels et humains, et \u00e0 cr\u00e9er un environnement o\u00f9 la concurrence est remplac\u00e9e par la coop\u00e9ration et l\u2019opposition par le progr\u00e8s commun.<br \/>Aujourd\u2019hui, nous tournons non seulement une nouvelle page politique, mais nous adoptons \u00e9galement une nouvelle fa\u00e7on de penser. Nous prouvons que la paix n\u2019est pas seulement un trait\u00e9, mais un choix audacieux pour la vie, l\u2019avenir et la dignit\u00e9 humaine.<br \/>Je tiens \u00e0 remercier le Premier ministre de la R\u00e9publique d\u2019Arm\u00e9nie, le gouvernement et toutes les personnes qui ont particip\u00e9 au processus de n\u00e9gociation et qui, par leur sens des responsabilit\u00e9s, leur patience et leur travail inlassable, ont contribu\u00e9 \u00e0 la r\u00e9alisation de cette importante entreprise. Leur courage, leur d\u00e9termination et leur volont\u00e9 politique ont jou\u00e9 un r\u00f4le cl\u00e9 dans la progression vers la paix.<br \/>J\u2019exprime \u00e9galement ma gratitude \u00e0 tous les \u00c9tats, partenaires internationaux et individus qui ont soutenu ce processus important par leurs efforts constants et sinc\u00e8res. Ce chemin ne sera pas facile, mais ensemble, nous pouvons surmonter les d\u00e9fis et faire de l\u2019id\u00e9e de paix une r\u00e9alit\u00e9. \u00bb<\/p>\n","protected":false},"excerpt":{"rendered":"\u00ab Chers compatriotes,Chers coll\u00e8gues et amis,Le 8 ao\u00fbt restera grav\u00e9 dans l\u2019histoire de notre peuple et de toute&hellip;\n","protected":false},"author":2,"featured_media":308895,"comment_status":"","ping_status":"","sticky":false,"template":"","format":"standard","meta":{"footnotes":""},"categories":[1589],"tags":[11,73,1866,12,1864,1865,1863,308],"class_list":{"0":"post-308894","1":"post","2":"type-post","3":"status-publish","4":"format-standard","5":"has-post-thumbnail","7":"category-etats-unis","8":"tag-actualites","9":"tag-etats-unis","10":"tag-etats-unis-damerique","11":"tag-news","12":"tag-united-states","13":"tag-united-states-of-america","14":"tag-us","15":"tag-usa"},"share_on_mastodon":{"url":"https:\/\/pubeurope.com\/@fr\/115003137631732136","error":""},"_links":{"self":[{"href":"https:\/\/www.europesays.com\/fr\/wp-json\/wp\/v2\/posts\/308894","targetHints":{"allow":["GET"]}}],"collection":[{"href":"https:\/\/www.europesays.com\/fr\/wp-json\/wp\/v2\/posts"}],"about":[{"href":"https:\/\/www.europesays.com\/fr\/wp-json\/wp\/v2\/types\/post"}],"author":[{"embeddable":true,"href":"https:\/\/www.europesays.com\/fr\/wp-json\/wp\/v2\/users\/2"}],"replies":[{"embeddable":true,"href":"https:\/\/www.europesays.com\/fr\/wp-json\/wp\/v2\/comments?post=308894"}],"version-history":[{"count":0,"href":"https:\/\/www.europesays.com\/fr\/wp-json\/wp\/v2\/posts\/308894\/revisions"}],"wp:featuredmedia":[{"embeddable":true,"href":"https:\/\/www.europesays.com\/fr\/wp-json\/wp\/v2\/media\/308895"}],"wp:attachment":[{"href":"https:\/\/www.europesays.com\/fr\/wp-json\/wp\/v2\/media?parent=308894"}],"wp:term":[{"taxonomy":"category","embeddable":true,"href":"https:\/\/www.europesays.com\/fr\/wp-json\/wp\/v2\/categories?post=308894"},{"taxonomy":"post_tag","embeddable":true,"href":"https:\/\/www.europesays.com\/fr\/wp-json\/wp\/v2\/tags?post=308894"}],"curies":[{"name":"wp","href":"https:\/\/api.w.org\/{rel}","templated":true}]}}