{"id":308898,"date":"2025-08-10T06:50:10","date_gmt":"2025-08-10T06:50:10","guid":{"rendered":"https:\/\/www.europesays.com\/fr\/308898\/"},"modified":"2025-08-10T06:50:10","modified_gmt":"2025-08-10T06:50:10","slug":"la-production-industrielle-allemande-au-plus-bas-depuis-2020-comment-lexpliquer","status":"publish","type":"post","link":"https:\/\/www.europesays.com\/fr\/308898\/","title":{"rendered":"la production industrielle allemande au plus bas depuis 2020, comment l&rsquo;expliquer ?"},"content":{"rendered":"<p class=\"intro \">La production industrielle allemande conna\u00eet une p\u00e9riode difficile, en atteignant en juin son niveau le plus bas depuis mai 2020. Une baisse de 2% en un mois, et pr\u00e8s de 4% en un an. Un effet Trump, d&rsquo;apr\u00e8s les sp\u00e9cialistes. Plusieurs secteurs sont durement touch\u00e9s. Mais lesquels ?<\/p>\n<p>Coup dur pour l&rsquo;\u00e9conomie allemande. Cette derni\u00e8re baisse de 2% en un mois, et de pr\u00e8s de 4% en un an. Plusieurs secteurs d&rsquo;activit\u00e9s sont touch\u00e9s : les industries pharmaceutiques, alimentaires et automobiles. Certains sp\u00e9cialistes y voient un effet <a href=\"https:\/\/www.europe1.fr\/dossiers\/donald-trump\" target=\"_blank\" rel=\"nofollow noopener\">Trump<\/a>.<\/p>\n<p>    La suite apr\u00e8s cette publicit\u00e9<\/p>\n<p>    La suite apr\u00e8s cette publicit\u00e9<\/p>\n<p>\u00ab\u00a0C&rsquo;est plut\u00f4t un retour au bercail\u00a0\u00bb<\/p>\n<p>Les exportations allemandes vers les \u00c9tats-Unis ont atteint leur niveau le plus bas depuis plus de trois ans. Ce qui inqui\u00e8te l&rsquo;\u00e9conomiste et professeur au CNAM, Laurent Cappelleti.<\/p>\n<p>\u00ab\u00a0L&rsquo;<a href=\"https:\/\/www.europe1.fr\/dossiers\/allemagne\" target=\"_blank\" rel=\"nofollow noopener\">Allemagne<\/a> se met \u00e0 tousser au niveau de sa production industrielle. En fait, ce sont nos rapports commerciaux avec les \u00c9tats-Unis qui toussent \u00e9galement. La solution que semble adopter les industriels allemands, notamment de l&rsquo;automobile, en termes de strat\u00e9gie, c&rsquo;est le r\u00e9tr\u00e9cissement. Donc on annonce des plans de licenciement massif en Allemagne\u00a0\u00bb, a-t-il expliqu\u00e9.<\/p>\n<p>    La suite apr\u00e8s cette publicit\u00e9<\/p>\n<p>    La suite apr\u00e8s cette publicit\u00e9<\/p>\n<p>Selon lui, la strat\u00e9gie adopt\u00e9e n&rsquo;est pas la bonne. \u00ab\u00a0Au lieu d&rsquo;avoir des strat\u00e9gies d&rsquo;investissement aux <a href=\"https:\/\/www.europe1.fr\/dossiers\/amerique\" target=\"_blank\" rel=\"nofollow noopener\">\u00c9tats-Unis<\/a> pour produire sur place et donc ne pas souffrir des droits de douane, c&rsquo;est plut\u00f4t un retour au bercail\u00a0\u00bb, explique-t-il.<\/p>\n<p>Car en effet, dans un r\u00e9cent sondage, plus de deux tiers des entreprises allemandes consid\u00e8rent que les march\u00e9s europ\u00e9ens et asiatiques devraient gagner en importance d\u00e8s les prochains mois au d\u00e9triment du march\u00e9 am\u00e9ricain.<\/p>\n","protected":false},"excerpt":{"rendered":"La production industrielle allemande conna\u00eet une p\u00e9riode difficile, en atteignant en juin son niveau le plus bas depuis&hellip;\n","protected":false},"author":2,"featured_media":308899,"comment_status":"","ping_status":"","sticky":false,"template":"","format":"standard","meta":{"footnotes":""},"categories":[1587],"tags":[11,672,1804,1805,1803,1777,674,1801,12,1802],"class_list":{"0":"post-308898","1":"post","2":"type-post","3":"status-publish","4":"format-standard","5":"has-post-thumbnail","7":"category-allemagne","8":"tag-actualites","9":"tag-allemagne","10":"tag-bundesrepublik-deutschland","11":"tag-de","12":"tag-deutschland","13":"tag-eu","14":"tag-europe","15":"tag-germany","16":"tag-news","17":"tag-republique-federale-dallemagne"},"share_on_mastodon":{"url":"","error":""},"_links":{"self":[{"href":"https:\/\/www.europesays.com\/fr\/wp-json\/wp\/v2\/posts\/308898","targetHints":{"allow":["GET"]}}],"collection":[{"href":"https:\/\/www.europesays.com\/fr\/wp-json\/wp\/v2\/posts"}],"about":[{"href":"https:\/\/www.europesays.com\/fr\/wp-json\/wp\/v2\/types\/post"}],"author":[{"embeddable":true,"href":"https:\/\/www.europesays.com\/fr\/wp-json\/wp\/v2\/users\/2"}],"replies":[{"embeddable":true,"href":"https:\/\/www.europesays.com\/fr\/wp-json\/wp\/v2\/comments?post=308898"}],"version-history":[{"count":0,"href":"https:\/\/www.europesays.com\/fr\/wp-json\/wp\/v2\/posts\/308898\/revisions"}],"wp:featuredmedia":[{"embeddable":true,"href":"https:\/\/www.europesays.com\/fr\/wp-json\/wp\/v2\/media\/308899"}],"wp:attachment":[{"href":"https:\/\/www.europesays.com\/fr\/wp-json\/wp\/v2\/media?parent=308898"}],"wp:term":[{"taxonomy":"category","embeddable":true,"href":"https:\/\/www.europesays.com\/fr\/wp-json\/wp\/v2\/categories?post=308898"},{"taxonomy":"post_tag","embeddable":true,"href":"https:\/\/www.europesays.com\/fr\/wp-json\/wp\/v2\/tags?post=308898"}],"curies":[{"name":"wp","href":"https:\/\/api.w.org\/{rel}","templated":true}]}}