{"id":308905,"date":"2025-08-10T06:54:12","date_gmt":"2025-08-10T06:54:12","guid":{"rendered":"https:\/\/www.europesays.com\/fr\/308905\/"},"modified":"2025-08-10T06:54:12","modified_gmt":"2025-08-10T06:54:12","slug":"un-pyromane-presume-reconnait-trois-departs-de-feux","status":"publish","type":"post","link":"https:\/\/www.europesays.com\/fr\/308905\/","title":{"rendered":"Un pyromane pr\u00e9sum\u00e9 reconna\u00eet trois d\u00e9parts de feux"},"content":{"rendered":"<p>L\u2019enqu\u00eate avance apr\u00e8s <a href=\"https:\/\/www.20minutes.fr\/faits_divers\/4167322-20250809-herault-incendiaire-arrete-alors-train-allumer-feu\" target=\"_blank\" class=\"color-ultramarine c-link\" rel=\"nofollow noopener\">l\u2019arrestation d\u2019un incendiaire dans l\u2019H\u00e9rault<\/a>. Cet homme de 39 ans a \u00e9t\u00e9 mis en examen et plac\u00e9 en d\u00e9tention provisoire, suspect\u00e9 d\u2019\u00eatre \u00e0 l\u2019origine de plusieurs d\u00e9parts de <a href=\"https:\/\/www.20minutes.fr\/dossier\/incendie\" target=\"_blank\" class=\"color-ultramarine c-link\" rel=\"nofollow noopener\">feux<\/a> \u00e0 B\u00e9darieux, a annonc\u00e9 samedi le procureur de B\u00e9ziers Rapha\u00ebl Balland.<\/p>\n<p>L\u2019homme, \u00ab\u00a0fortement alcoolis\u00e9\u00a0\u00bb, avait \u00e9t\u00e9 interpell\u00e9 jeudi soir alors qu\u2019il \u00ab\u00a0tentait d\u2019incendier la v\u00e9g\u00e9tation \u00e0 l\u2019aide d\u2019un briquet\u00a0\u00bb, a pr\u00e9cis\u00e9 le procureur. Il avait \u00e9t\u00e9 pris en flagrant d\u00e9lit par un riverain qui avait d\u00e9cid\u00e9 de \u00ab\u00a0surveiller la zone sur laquelle dans la m\u00eame apr\u00e8s-midi, deux d\u00e9parts d\u2019incendie avaient \u00e9t\u00e9 interrompus\u00a0\u00bb.<\/p>\n<p>Le suspect se dit alcoolique<\/p>\n<p>Les investigations ont permis aux gendarmes de faire le lien avec la destruction par incendie d\u2019un garage fin juillet dans la commune de 5.000 habitants dans le centre rural de l\u2019<a href=\"https:\/\/www.20minutes.fr\/societe\/herault\/\" target=\"_blank\" class=\"color-ultramarine c-link\" rel=\"nofollow noopener\">H\u00e9rault<\/a>, le suspect \u00e9tant sur place \u00e0 l\u2019arriv\u00e9e des secours. L\u2019homme a reconnu \u00eatre \u00e0 l\u2019origine des trois d\u00e9parts de feux successifs d\u00e9clench\u00e9s jeudi soir, mais a r\u00e9fut\u00e9 \u00eatre l\u2019auteur de l\u2019incendie du garage.<\/p>\n<\/p>\n<p>L\u2019incendiaire, qui \u00ab\u00a0se disait alcoolique depuis une dizaine d\u2019ann\u00e9es\u00a0\u00bb et \u00ab\u00a0envisageait de mettre fin \u00e0 ses jours\u00a0\u00bb, est \u00e9galement suspect\u00e9 d\u2019\u00eatre l\u2019auteur d\u2019un autre d\u00e9but d\u2019incendie d\u00e9clench\u00e9 en Is\u00e8re en d\u00e9cembre\u00a02023. \u00ab\u00a0Faute de preuves suffisantes, la proc\u00e9dure avait \u00e9t\u00e9 class\u00e9e sans suite\u00a0\u00bb, a fait savoir le procureur.<\/p>\n<p>Un terrible incendie dans l\u2019Aude<\/p>\n<p>Le pyromane pr\u00e9sum\u00e9, condamn\u00e9 \u00e0 quatre reprises depuis\u00a02014 \u00ab\u00a0essentiellement pour des d\u00e9lits en \u00e9tat d\u2019ivresse\u00a0\u00bb, encourt la peine maximale de 10 ans d\u2019emprisonnement et sera soumis \u00e0 une expertise psychiatrique.<\/p>\n<p><a href=\"https:\/\/www.20minutes.fr\/dossier\/incendie\" target=\"_blank\" class=\"c-link c-btn c-btn--primary\" rel=\"nofollow noopener\">Notre dossier sur les Incendies en France<\/a><\/p>\n<p>La France a enregistr\u00e9 cet \u00e9t\u00e9 son pire incendie depuis au moins 50 ans sur son pourtour m\u00e9diterran\u00e9en, un feu qui a parcouru quelque 16.000 hectares dans le massif des Corbi\u00e8res dans l\u2019Aude.<\/p>\n","protected":false},"excerpt":{"rendered":"L\u2019enqu\u00eate avance apr\u00e8s l\u2019arrestation d\u2019un incendiaire dans l\u2019H\u00e9rault. Cet homme de 39 ans a \u00e9t\u00e9 mis en examen&hellip;\n","protected":false},"author":2,"featured_media":308906,"comment_status":"","ping_status":"","sticky":false,"template":"","format":"standard","meta":{"footnotes":""},"categories":[2],"tags":[47,11,118,1312,1011,27,7089,1310,2681,12,2680,44333,25,133],"class_list":{"0":"post-308905","1":"post","2":"type-post","3":"status-publish","4":"format-standard","5":"has-post-thumbnail","7":"category-actualites","8":"tag-actualite","9":"tag-actualites","10":"tag-faits-divers","11":"tag-feu","12":"tag-fr","13":"tag-france","14":"tag-herault","15":"tag-incendie","16":"tag-languedoc-roussillon","17":"tag-news","18":"tag-occitanie","19":"tag-pyromane","20":"tag-republique-francaise","21":"tag-video"},"share_on_mastodon":{"url":"https:\/\/pubeurope.com\/@fr\/115003160263485859","error":""},"_links":{"self":[{"href":"https:\/\/www.europesays.com\/fr\/wp-json\/wp\/v2\/posts\/308905","targetHints":{"allow":["GET"]}}],"collection":[{"href":"https:\/\/www.europesays.com\/fr\/wp-json\/wp\/v2\/posts"}],"about":[{"href":"https:\/\/www.europesays.com\/fr\/wp-json\/wp\/v2\/types\/post"}],"author":[{"embeddable":true,"href":"https:\/\/www.europesays.com\/fr\/wp-json\/wp\/v2\/users\/2"}],"replies":[{"embeddable":true,"href":"https:\/\/www.europesays.com\/fr\/wp-json\/wp\/v2\/comments?post=308905"}],"version-history":[{"count":0,"href":"https:\/\/www.europesays.com\/fr\/wp-json\/wp\/v2\/posts\/308905\/revisions"}],"wp:featuredmedia":[{"embeddable":true,"href":"https:\/\/www.europesays.com\/fr\/wp-json\/wp\/v2\/media\/308906"}],"wp:attachment":[{"href":"https:\/\/www.europesays.com\/fr\/wp-json\/wp\/v2\/media?parent=308905"}],"wp:term":[{"taxonomy":"category","embeddable":true,"href":"https:\/\/www.europesays.com\/fr\/wp-json\/wp\/v2\/categories?post=308905"},{"taxonomy":"post_tag","embeddable":true,"href":"https:\/\/www.europesays.com\/fr\/wp-json\/wp\/v2\/tags?post=308905"}],"curies":[{"name":"wp","href":"https:\/\/api.w.org\/{rel}","templated":true}]}}