{"id":30891,"date":"2025-04-17T05:23:18","date_gmt":"2025-04-17T05:23:18","guid":{"rendered":"https:\/\/www.europesays.com\/fr\/30891\/"},"modified":"2025-04-17T05:23:18","modified_gmt":"2025-04-17T05:23:18","slug":"ils-nous-ont-jete-des-tomates-le-patron-du-groupe-safran-en-veut-aux-elus-ecologistes-de-rennes","status":"publish","type":"post","link":"https:\/\/www.europesays.com\/fr\/30891\/","title":{"rendered":"\u00ab\u00a0Ils nous ont jet\u00e9 des tomates\u00a0\u00bb\u00a0: le patron du groupe Safran en veut aux \u00e9lus \u00e9cologistes de Rennes"},"content":{"rendered":"<p>L\u2019annonce, le 28 f\u00e9vrier 2024, de la construction de ce site, qui produira des pi\u00e8ces de moteurs d\u2019avions civils et militaires, <a href=\"https:\/\/www.letelegramme.fr\/ille-et-vilaine\/rennes-35000\/le-projet-dusine-safran-a-rennes-met-presque-tout-le-monde-daccord-6538343.php\" target=\"_blank\" rel=\"noopener\">avait \u00e9t\u00e9 largement salu\u00e9e sur le territoire<\/a>. \u00c0 l\u2019exception notable des \u00e9cologistes alli\u00e9s \u00e0 la pr\u00e9sidente de la M\u00e9tropole Nathalie App\u00e9r\u00e9, elle-m\u00eame tr\u00e8s favorable \u00e0 cet investissement de 80 millions. \u00ab L\u2019aviation n\u2019est pas un secteur d\u2019avenir \u00bb, estimaient ces contempteurs de l\u2019avion, f\u00e2ch\u00e9s de ne pas avoir \u00e9t\u00e9 consult\u00e9s par la patronne PS de la collectivit\u00e9, au nom du secret des n\u00e9gociations. Une \u00ab rupture de confiance \u00bb, selon leurs mots. Et, \u00e0 la cl\u00e9, une crise majeure dans la majorit\u00e9 municipale, qui n\u2019a toutefois pas remis en cause le projet.<\/p>\n<p>\u00ab Attitude \u00e9go\u00efste \u00bb et oubli \u00ab de l\u2019int\u00e9r\u00eat national \u00bb<\/p>\n<p>Plus d\u2019un an apr\u00e8s, le patron de Safran est donc revenu sur l\u2019\u00e9pisode avec des mots peu am\u00e8nes \u00e0 l\u2019\u00e9gard des \u00e9cologistes rennais. \u00ab Nous avons bien travaill\u00e9 avec la maire socialiste de Rennes et le conseil r\u00e9gional. Nous avions pr\u00e9par\u00e9 un bon dossier. Nous avons respect\u00e9 totalement le Z\u00e9ro artificialisation nette. Et puis les \u00e9cologistes nous ont jet\u00e9 des tomates sur le th\u00e8me : c\u2019est scandaleux, c\u2019est l\u2019avion, ils vont polluer\u00a0\u00bb. Je vais \u00eatre tr\u00e8s clair (\u2026). Chaque fois que j\u2019aurai un choix de localisation, je bannirai une offre faite par une ville d\u00e9tenue par une majorit\u00e9 \u00e9cologiste. Ce n\u2019est pas politique. Mais \u00e0 partir du moment o\u00f9 on oublie l\u2019int\u00e9r\u00eat national, o\u00f9 on a une attitude \u00e9go\u00efste et o\u00f9 on ne comprend pas que 500 emplois sont importants pour le territoire et la vie des personnes, je dis que ce n\u2019est pas la peine. \u00bb<\/p>\n<p>La mise en service dans cette nouvelle usine \u00ab vitrine \u00bb de la Janais est pr\u00e9vue pour 2027. Objectif : fabriquer 500 000 aubes \u00e0 turbines par an pour les moteurs nouvelle g\u00e9n\u00e9ration LEAP, moins polluant selon le groupe. Lequel vante par ailleurs un projet majeur pour la souverainet\u00e9 de la France, puisqu\u2019il permettra d\u2019internaliser une partie de la production, aujourd\u2019hui assur\u00e9e par des fournisseurs am\u00e9ricains. Du site rennais sortiront \u00e9galement des pi\u00e8ces pour les moteurs de Rafale.<\/p>\n<p>Contact\u00e9s, les \u00e9lus \u00e9cologistes de Rennes m\u00e9tropole n\u2019ont pas donn\u00e9 suite \u00e0 nos sollicitations.<\/p>\n","protected":false},"excerpt":{"rendered":"L\u2019annonce, le 28 f\u00e9vrier 2024, de la construction de ce site, qui produira des pi\u00e8ces de moteurs d\u2019avions&hellip;\n","protected":false},"author":2,"featured_media":30892,"comment_status":"","ping_status":"","sticky":false,"template":"","format":"standard","meta":{"footnotes":""},"categories":[2821],"tags":[1111,11,829,33,765,1777,674,1011,27,848,12,3364,584,25],"class_list":{"0":"post-30891","1":"post","2":"type-post","3":"status-publish","4":"format-standard","5":"has-post-thumbnail","7":"category-rennes","8":"tag-actu","9":"tag-actualites","10":"tag-bretagne","11":"tag-economie","12":"tag-en-continu","13":"tag-eu","14":"tag-europe","15":"tag-fr","16":"tag-france","17":"tag-ille-et-vilaine","18":"tag-news","19":"tag-politique-a-rennes","20":"tag-rennes","21":"tag-republique-francaise"},"share_on_mastodon":{"url":"https:\/\/pubeurope.com\/@fr\/114351636749446085","error":""},"_links":{"self":[{"href":"https:\/\/www.europesays.com\/fr\/wp-json\/wp\/v2\/posts\/30891","targetHints":{"allow":["GET"]}}],"collection":[{"href":"https:\/\/www.europesays.com\/fr\/wp-json\/wp\/v2\/posts"}],"about":[{"href":"https:\/\/www.europesays.com\/fr\/wp-json\/wp\/v2\/types\/post"}],"author":[{"embeddable":true,"href":"https:\/\/www.europesays.com\/fr\/wp-json\/wp\/v2\/users\/2"}],"replies":[{"embeddable":true,"href":"https:\/\/www.europesays.com\/fr\/wp-json\/wp\/v2\/comments?post=30891"}],"version-history":[{"count":0,"href":"https:\/\/www.europesays.com\/fr\/wp-json\/wp\/v2\/posts\/30891\/revisions"}],"wp:featuredmedia":[{"embeddable":true,"href":"https:\/\/www.europesays.com\/fr\/wp-json\/wp\/v2\/media\/30892"}],"wp:attachment":[{"href":"https:\/\/www.europesays.com\/fr\/wp-json\/wp\/v2\/media?parent=30891"}],"wp:term":[{"taxonomy":"category","embeddable":true,"href":"https:\/\/www.europesays.com\/fr\/wp-json\/wp\/v2\/categories?post=30891"},{"taxonomy":"post_tag","embeddable":true,"href":"https:\/\/www.europesays.com\/fr\/wp-json\/wp\/v2\/tags?post=30891"}],"curies":[{"name":"wp","href":"https:\/\/api.w.org\/{rel}","templated":true}]}}