{"id":308914,"date":"2025-08-10T07:02:12","date_gmt":"2025-08-10T07:02:12","guid":{"rendered":"https:\/\/www.europesays.com\/fr\/308914\/"},"modified":"2025-08-10T07:02:12","modified_gmt":"2025-08-10T07:02:12","slug":"max-verstappen-la-plus-grande-bete-de-la-f1-faconne-par-son-pere-pur-dur","status":"publish","type":"post","link":"https:\/\/www.europesays.com\/fr\/308914\/","title":{"rendered":"Max Verstappen, \u00ab\u00a0la plus grande b\u00eate\u00a0\u00bb de la F1, fa\u00e7onn\u00e9 par son p\u00e8re \u00ab\u00a0pur dur\u00a0\u00bb"},"content":{"rendered":"<p itemprop=\"description\">Un proche du clan Verstappen vient de<br \/>\nlivrer des confidences saisissantes sur la relation entre Max<br \/>\nVerstappen et son p\u00e8re Jos, mettant en lumi\u00e8re une \u00e9ducation rude<br \/>\nmais efficace, qui a forg\u00e9 l\u2019un des plus grands talents de la<br \/>\nFormule 1 moderne.<\/p>\n<p data-start=\"517\" data-end=\"1130\">Jos Verstappen n\u2019a jamais eu la<br \/>\nr\u00e9putation d\u2019un p\u00e8re tendre lorsqu\u2019il s\u2019agissait d\u2019encadrer la<br \/>\ncarri\u00e8re de son fils. Ancien pilote de F1, il a appliqu\u00e9 une<br \/>\nm\u00e9thode de formation implacable, misant sur la discipline, la<br \/>\nduret\u00e9 et un travail constant.<\/p>\n<p data-start=\"517\" data-end=\"1130\">Pour Gino Rosato, ami proche<br \/>\ndes deux hommes et figure historique du paddock avec plus de 30 ans<br \/>\nd\u2019exp\u00e9rience, Jos est tout simplement \u00ab\u00a0un pur dur\u00a0\u00bb \u2014 une<br \/>\npersonnalit\u00e9 directe, honn\u00eate et \u00e0 l\u2019ancienne. Selon lui, il ne<br \/>\nfaut pas chercher \u00e0 le contredire ou \u00e0 l\u2019amadouer : \u00ab\u00a0Jos, c\u2019est<br \/>\ndu vrai, et il a fa\u00e7onn\u00e9 l\u2019un des plus grands pilotes que la F1 ait<br \/>\nconnus.\u00a0\u00bb<\/p>\n<p>Une \u00e9cole de vie loin de la<br \/>\nsurprotection<\/p>\n<p data-start=\"1179\" data-end=\"1721\">Rosato raconte que Jos<br \/>\nn\u2019h\u00e9sitait pas \u00e0 laisser Max seul sur les circuits pour qu\u2019il<br \/>\napprenne \u00e0 se d\u00e9brouiller. Pas question de c\u00e9der \u00e0 la mode des<br \/>\nparents surprotecteurs : \u00ab\u00a0Tu veux \u00eatre le meilleur ? Alors<br \/>\nvoici ce qu\u2019il faut faire.\u00a0\u00bb<\/p>\n<p data-start=\"1179\" data-end=\"1721\">Cette approche a inculqu\u00e9 \u00e0<br \/>\nMax une mentalit\u00e9 de comp\u00e9titeur acharn\u00e9, capable de g\u00e9rer la<br \/>\npression et de se surpasser. Pour Rosato, c\u2019est exactement ce que<br \/>\nla soci\u00e9t\u00e9 actuelle a perdu : le go\u00fbt de l\u2019effort et la capacit\u00e9 \u00e0<br \/>\naffronter les difficult\u00e9s sans attendre qu\u2019on vienne tout r\u00e9soudre<br \/>\n\u00e0 sa place.<\/p>\n<p>Max Verstappen, un g\u00e9ant sur<br \/>\net en dehors de la piste<\/p>\n<p data-start=\"1782\" data-end=\"2259\">Quatre fois champion du monde,<br \/>\nMax est aujourd\u2019hui d\u00e9crit comme \u00ab\u00a0le plus grand animal\u00a0\u00bb de<br \/>\nla F1, au sens de force et de domination. Mais Rosato insiste :<br \/>\nderri\u00e8re le pilote redoutable, il y a un homme respectueux, droit<br \/>\net fid\u00e8le en amiti\u00e9.<\/p>\n<p data-start=\"1782\" data-end=\"2259\">\u00ab\u00a0Je peux lui envoyer un<br \/>\nmessage, il r\u00e9pond dans les deux minutes. Il est rest\u00e9 simple,<br \/>\ncomme son p\u00e8re.\u00a0\u00bb<\/p>\n<p data-start=\"1782\" data-end=\"2259\">Il compare d\u2019ailleurs Max \u00e0<br \/>\nKimi R\u00e4ikk\u00f6nen pour son authenticit\u00e9, m\u00eame si le N\u00e9erlandais est<br \/>\nplus expressif que le Finlandais.<\/p>\n<p>Un duo p\u00e8re-fils<br \/>\nindissociable<\/p>\n<p data-start=\"2297\" data-end=\"2668\">Aux critiques sur la duret\u00e9 de<br \/>\nJos, Rosato r\u00e9pond sans d\u00e9tour : \u00ab\u00a0Quand vous \u00eates au sommet,<br \/>\ntout le monde cherche la petite b\u00eate. Mais apr\u00e8s Schumacher, Max<br \/>\nest le meilleur pilote, point.\u00a0\u00bb<\/p>\n<p data-start=\"2297\" data-end=\"2668\">Pour lui, les Verstappen<br \/>\nincarnent une histoire familiale r\u00e9ussie : un p\u00e8re qui transmet \u00e0<br \/>\nson fils la r\u00e9alit\u00e9 du monde, et un fils qui en tire la force de<br \/>\ndevenir une l\u00e9gende.<\/p>\n","protected":false},"excerpt":{"rendered":"Un proche du clan Verstappen vient de livrer des confidences saisissantes sur la relation entre Max Verstappen et&hellip;\n","protected":false},"author":2,"featured_media":308915,"comment_status":"","ping_status":"","sticky":false,"template":"","format":"standard","meta":{"footnotes":""},"categories":[1412],"tags":[1451,1452,1453,1454,1455,1011,27,44887,2236,60],"class_list":{"0":"post-308914","1":"post","2":"type-post","3":"status-publish","4":"format-standard","5":"has-post-thumbnail","7":"category-f1","8":"tag-f1","9":"tag-formula-1","10":"tag-formula1","11":"tag-formule-1","12":"tag-formule1","13":"tag-fr","14":"tag-france","15":"tag-jos-verstappen","16":"tag-max-verstappen","17":"tag-sports"},"share_on_mastodon":{"url":"https:\/\/pubeurope.com\/@fr\/115003191777908969","error":""},"_links":{"self":[{"href":"https:\/\/www.europesays.com\/fr\/wp-json\/wp\/v2\/posts\/308914","targetHints":{"allow":["GET"]}}],"collection":[{"href":"https:\/\/www.europesays.com\/fr\/wp-json\/wp\/v2\/posts"}],"about":[{"href":"https:\/\/www.europesays.com\/fr\/wp-json\/wp\/v2\/types\/post"}],"author":[{"embeddable":true,"href":"https:\/\/www.europesays.com\/fr\/wp-json\/wp\/v2\/users\/2"}],"replies":[{"embeddable":true,"href":"https:\/\/www.europesays.com\/fr\/wp-json\/wp\/v2\/comments?post=308914"}],"version-history":[{"count":0,"href":"https:\/\/www.europesays.com\/fr\/wp-json\/wp\/v2\/posts\/308914\/revisions"}],"wp:featuredmedia":[{"embeddable":true,"href":"https:\/\/www.europesays.com\/fr\/wp-json\/wp\/v2\/media\/308915"}],"wp:attachment":[{"href":"https:\/\/www.europesays.com\/fr\/wp-json\/wp\/v2\/media?parent=308914"}],"wp:term":[{"taxonomy":"category","embeddable":true,"href":"https:\/\/www.europesays.com\/fr\/wp-json\/wp\/v2\/categories?post=308914"},{"taxonomy":"post_tag","embeddable":true,"href":"https:\/\/www.europesays.com\/fr\/wp-json\/wp\/v2\/tags?post=308914"}],"curies":[{"name":"wp","href":"https:\/\/api.w.org\/{rel}","templated":true}]}}