{"id":308920,"date":"2025-08-10T07:05:16","date_gmt":"2025-08-10T07:05:16","guid":{"rendered":"https:\/\/www.europesays.com\/fr\/308920\/"},"modified":"2025-08-10T07:05:16","modified_gmt":"2025-08-10T07:05:16","slug":"secret-story-2025-avec-ses-105-000-euros-romy-a-une-idee-precise-de-ce-quelle-va-soffrir-et-cest-etrange","status":"publish","type":"post","link":"https:\/\/www.europesays.com\/fr\/308920\/","title":{"rendered":"Secret Story 2025 : avec ses 105.000 euros, Romy a une id\u00e9e pr\u00e9cise de ce qu\u2019elle va s\u2019offrir (et c\u2019est \u00e9trange)"},"content":{"rendered":"<p>Jeudi 7 ao\u00fbt 2025, <a href=\"https:\/\/www.closermag.fr\/people\/heureusement-que-iris-mittenaere-se-fait-tailler-un-costard-par-christophe-beaugrand-3568917\" target=\"_blank\" rel=\"noopener\"><br \/>\nChristophe Beaugrand<\/a> a pr\u00e9sent\u00e9 la grande finale de <a href=\"https:\/\/www.telestar.fr\/tele_realite\/secret-story-2025-aimed-laffirme-sa-saison-a-ete-un-vrai-carnage-1733614\" target=\"_blank\" rel=\"noopener\"><br \/>\nSecret Story<\/a> sur TFX. \u00c0 l\u00a0\u00bbissue du programme, c&rsquo;est finalement<br \/>\n<a href=\"https:\/\/www.closermag.fr\/tv_tele_realite\/dans-lamitie-il-y-a-aussi-romy-cash-sur-sa-vraie-relation-avec-mayer-le-duo-de-secret-story-2025-3570085\" target=\"_blank\" rel=\"noopener\"><br \/>\nRomy<\/a> qui a remport\u00e9 une victoire \u00e9crasante sur ses adversaires.<br \/>\nEn effet, la jeune femme a \u00e9t\u00e9 d\u00e9sign\u00e9e grande gagnante de<br \/>\nl&rsquo;\u00e9mission avec 72% des voix. <strong>Elle a ainsi d\u00e9croch\u00e9 un<br \/>\nch\u00e8que de 105.000 euros<\/strong>. Dans une interview accord\u00e9e au<br \/>\n<a href=\"https:\/\/www.leparisien.fr\/culture-loisirs\/tv\/romy-gagnante-de-secret-story-je-nai-jamais-subi-de-racisme-dans-la-maison-08-08-2025-E65O57XKNZE3ZGVKJYMBS7JTTE.php\" target=\"_blank\" rel=\"noopener\"><br \/>\nParisien<\/a>. Romy a r\u00e9v\u00e9l\u00e9 ce qu&rsquo;elle comptait faire de<br \/>\ncet argent.<\/p>\n<p>\u00ab\u00a0Je vais partir en vacances. Partager une bonne petite<br \/>\npartie avec ma maman. <strong>Et profiter de mes 30 ans<br \/>\ntranquillement.<\/strong> Investir peut-\u00eatre, acheter une petite<br \/>\nvoiture allemande\u2026 Il y a plein de projets\u00a0\u00bb, a ainsi d\u00e9clar\u00e9<br \/>\nla grande gagnante de Secret Story 2025. Durant ce m\u00eame entretien,<br \/>\nRomy est aussi revenue sur sa victoire indiscutable.<\/p>\n<p>Secret Story 2025 : Romy ne s&rsquo;attendait pas du tout \u00e0 remporter<br \/>\nl&rsquo;\u00e9mission<\/p>\n<p>\u00ab\u00a0En arrivant dans le jeu le 10 juin, je ne me suis jamais<br \/>\ndit que c\u2019\u00e9tait possible. Avec mon secret, je pensais faire deux<br \/>\nsemaines. Et finalement, j\u2019ai fait les huit semaines pr\u00e9vues et<br \/>\nj\u2019ai gagn\u00e9. C\u2019est exceptionnel. D\u2019ailleurs, jeudi soir, quand<br \/>\nChristophe Beaugrand l\u2019annonce, <strong>j\u2019ai l\u2019impression de ne pas<br \/>\nentendre mon pr\u00e9nom.<\/strong> Ce n\u2019est que lorsque l\u2019on m\u2019a tendu<br \/>\nle ch\u00e8que que j\u2019ai r\u00e9alis\u00e9\u00a0\u00bb, a premi\u00e8rement indiqu\u00e9 l&rsquo;ancienne<br \/>\ncandidate de Secret Story.<\/p>\n<p>\u00ab\u00a0D\u00e8s l\u2019entr\u00e9e, <strong>j\u2019ai voulu rester moi-m\u00eame, car je ne<br \/>\nsais pas faire semblant.<\/strong> M\u00eame si ma t\u00eate me dit d\u2019essayer,<br \/>\nmon visage montre le contraire. Apr\u00e8s, nous \u00e9tions dans un cocon,<br \/>\nbien prot\u00e9g\u00e9s et en s\u00e9curit\u00e9. \u00catre avec <a href=\"https:\/\/www.closermag.fr\/tv_tele_realite\/secret-story-2025-mayer-partage-une-photo-avec-romy-au-petit-matin-un-geste-revelateur-apres-sa-victoire-ecrasante-3569841\" target=\"_blank\" rel=\"noopener\"><br \/>\n13 autres personnes<\/a> avec lesquelles il fallait s\u2019adapter,<br \/>\nc\u2019\u00e9tait une exp\u00e9rience de vie. Et en r\u00e9alit\u00e9, n\u2019\u00e9tant pas accro au<br \/>\nt\u00e9l\u00e9phone, cela ne m\u2019a pas g\u00ean\u00e9e de ne pas l\u2019avoir. Cela peut<br \/>\npara\u00eetre fou mais ce qui m\u2019a manqu\u00e9, c\u2019est de conduire\u00a0\u00bb, a<br \/>\naussi ajout\u00e9 la gagnante de Secret Story 2025.<\/p>\n<p>Romy : \u00ab\u00a0Je ne ferme pas la porte \u00e0 une<br \/>\nautre \u00e9mission de t\u00e9l\u00e9-r\u00e9alit\u00e9\u00a0\u00bb<\/p>\n","protected":false},"excerpt":{"rendered":"Jeudi 7 ao\u00fbt 2025, Christophe Beaugrand a pr\u00e9sent\u00e9 la grande finale de Secret Story sur TFX. \u00c0 l\u00a0\u00bbissue&hellip;\n","protected":false},"author":2,"featured_media":308921,"comment_status":"","ping_status":"","sticky":false,"template":"","format":"standard","meta":{"footnotes":""},"categories":[1359],"tags":[548,58,59,1011,27,973,199],"class_list":{"0":"post-308920","1":"post","2":"type-post","3":"status-publish","4":"format-standard","5":"has-post-thumbnail","7":"category-people","8":"tag-article-simple","9":"tag-divertissement","10":"tag-entertainment","11":"tag-fr","12":"tag-france","13":"tag-people","14":"tag-tf1"},"share_on_mastodon":{"url":"https:\/\/pubeurope.com\/@fr\/115003203604801822","error":""},"_links":{"self":[{"href":"https:\/\/www.europesays.com\/fr\/wp-json\/wp\/v2\/posts\/308920","targetHints":{"allow":["GET"]}}],"collection":[{"href":"https:\/\/www.europesays.com\/fr\/wp-json\/wp\/v2\/posts"}],"about":[{"href":"https:\/\/www.europesays.com\/fr\/wp-json\/wp\/v2\/types\/post"}],"author":[{"embeddable":true,"href":"https:\/\/www.europesays.com\/fr\/wp-json\/wp\/v2\/users\/2"}],"replies":[{"embeddable":true,"href":"https:\/\/www.europesays.com\/fr\/wp-json\/wp\/v2\/comments?post=308920"}],"version-history":[{"count":0,"href":"https:\/\/www.europesays.com\/fr\/wp-json\/wp\/v2\/posts\/308920\/revisions"}],"wp:featuredmedia":[{"embeddable":true,"href":"https:\/\/www.europesays.com\/fr\/wp-json\/wp\/v2\/media\/308921"}],"wp:attachment":[{"href":"https:\/\/www.europesays.com\/fr\/wp-json\/wp\/v2\/media?parent=308920"}],"wp:term":[{"taxonomy":"category","embeddable":true,"href":"https:\/\/www.europesays.com\/fr\/wp-json\/wp\/v2\/categories?post=308920"},{"taxonomy":"post_tag","embeddable":true,"href":"https:\/\/www.europesays.com\/fr\/wp-json\/wp\/v2\/tags?post=308920"}],"curies":[{"name":"wp","href":"https:\/\/api.w.org\/{rel}","templated":true}]}}