{"id":308924,"date":"2025-08-10T07:07:14","date_gmt":"2025-08-10T07:07:14","guid":{"rendered":"https:\/\/www.europesays.com\/fr\/308924\/"},"modified":"2025-08-10T07:07:14","modified_gmt":"2025-08-10T07:07:14","slug":"cest-con-a-dire-mais-cest-quand-la-vie-tremble-que-tu-as-des-choses-a-raconter","status":"publish","type":"post","link":"https:\/\/www.europesays.com\/fr\/308924\/","title":{"rendered":"\u00ab\u00a0C\u2019est con \u00e0 dire, mais c\u2019est quand la vie tremble que tu as des choses \u00e0 raconter \u00bb"},"content":{"rendered":"<p>Seuls quelques intimes \u00e9taient au courant. Quand <a href=\"https:\/\/www.parismatch.com\/culture\/livres\/le-goncourt-des-animaux-attribue-cedric-sapin-defour-pour-son-odeur-apres-la-pluie-231662\" rel=\"nofollow noopener\" target=\"_blank\">C\u00e9dric Sapin-Defour<\/a>\u00a0prenait le train pour Paris afin de pr\u00e9senter \u00e0 son \u00e9diteur \u00ab\u00a0Son odeur apr\u00e8s la pluie\u00a0\u00bb, il menait aussi une tout autre bataille. D\u2019ordre priv\u00e9 cette fois. Car, \u00e0 l\u2019\u00e9t\u00e9 2022, ce qui ne devait \u00eatre qu\u2019un simple vol en <a href=\"https:\/\/www.parismatch.com\/Actu\/Sport\/Eliot-Nochez-sportif-outdoor-hors-norme-1254989\" rel=\"nofollow noopener\" target=\"_blank\">parapente<\/a> avec Mathilde, son \u00e9pouse, se transforma en drame. Quelques minutes apr\u00e8s avoir d\u00e9coll\u00e9, cette derni\u00e8re fut projet\u00e9e au sol par un mauvais coup de vent, se retrouvant entre la vie et la mort. Pendant des mois, C\u00e9dric Sapin-Defour a mis son existence entre parenth\u00e8ses, accompagnant Mathilde, polytraumatis\u00e9e, dans son parcours de soins.<\/p>\n<p>Celle-ci a peu \u00e0 peu d\u00e9jou\u00e9 les pronostics, retrouvant d\u2019abord de l\u2019autonomie, puis l\u2019usage de ses jambes, s\u2019\u00e9loignant des traumatismes psychiques. Et c\u2019est via l\u2019\u00e9criture que C\u00e9dric Sapin-Defour a pu transformer ses angoisses en mots. Il a couch\u00e9 sur le papier ses souvenirs avec Ubac, son chien, puis a racont\u00e9 de sa plume le calvaire que traversait sa femme. Voil\u00e0 donc \u00ab\u00a0O\u00f9 les \u00e9toiles tombent\u00a0\u00bb, r\u00e9cit bouleversant d\u2019une chute puis d\u2019une reconstruction. \u00c9crit la peur au ventre mais avec la conviction que la vie m\u00e9ritait qu\u2019on se batte jusqu\u2019au dernier souffle. Rencontre \u00e0 domicile, dans les montagnes du Beaufortain.<\/p>\n<blockquote class=\"citation\">\n<p>Je crois tr\u00e8s fort aux \u00e9nergies qu\u2019on se transmet sans n\u00e9cessairement se parler.<\/p>\n<p>C\u00e9dric Sapin-Defou<\/p>\n<\/blockquote>\n<p><strong>Paris Match. En 2023, alors que vous rencontriez un succ\u00e8s immense avec votre livre, vous viviez au m\u00eame moment un drame intime, \u00e0 la suite \u00e0 l\u2019accident de parapente de votre \u00e9pouse. Pourquoi n\u2019en avez-vous pas parl\u00e9 \u00e0 l\u2019\u00e9poque\u00a0?<\/strong><\/p>\n<p><strong>C\u00e9dric Sapin-Defour.<\/strong> Normalement, \u201cSon odeur apr\u00e8s la pluie\u201d n\u2019aurait pas d\u00fb exister. Mais, depuis son lit d\u2019h\u00f4pital, Mathilde me dit \u201cIl faut absolument que tu l\u2019\u00e9crives\u201d, alors, par l\u2019\u00e9lan qu\u2019elle me donne, je poursuis l\u2019\u00e9criture. Et puis l\u2019histoire d\u2019Ubac, c\u2019\u00e9tait aussi un peu la mienne\u2026 Lors de l\u2019accompagnement et de la promotion du livre, je n\u2019ai pas expos\u00e9 la gravit\u00e9 de la situation \u00e0 mes \u00e9diteurs. Je n\u2019avais pas tellement envie de ternir ce moment-l\u00e0 avec de l\u2019apitoiement. Certainement aussi que \u00e7a me faisait du bien. Le succ\u00e8s est venu a\u00e9rer, ventiler et all\u00e9ger ce que je vivais.<\/p>\n<p><strong>Vous n\u2019aviez pas envie de crier au monde ce qui vous arrivait\u00a0?<\/strong><\/p>\n<p>    La suite apr\u00e8s cette publicit\u00e9<\/p>\n<p>Ce n\u2019\u00e9tait pas le sujet. Je me nourrissais de ce que m\u2019apportait le livre, l\u2019enthousiasme autour de moi. Je le partageais avec Mathilde, et \u00e7a lui faisait vraiment du bien. Je crois tr\u00e8s fort aux \u00e9nergies qu\u2019on se transmet sans n\u00e9cessairement se parler. Elle devait bien sentir, quand je revenais de Paris un peu regonfl\u00e9, que cette \u00e9nergie \u00e9tait pour elle aussi. Les premi\u00e8res fois o\u00f9 elle a pu se d\u00e9placer dans des rencontres en librairie, \u00e7a lui donnait des motifs de croire beaucoup \u00e0 la vie, aux possibilit\u00e9s d\u2019\u00eatre heureux et \u00e7a l\u00e9gitimait le combat qu\u2019elle avait men\u00e9 pour vivre.<\/p>\n<p><strong>Revenons au 12\u00a0ao\u00fbt 2022. Ce qui devait \u00eatre un vol en parapente pour le plaisir se transforme en drame. Que s\u2019est-il pass\u00e9\u00a0?<\/strong><\/p>\n<p>Je ne saurai jamais. La seule explication qu\u2019on a, c\u2019est un ph\u00e9nom\u00e8ne a\u00e9rologique impr\u00e9visible. J\u2019ai d\u00e9coll\u00e9 en premier, elle a suivi. Et elle est tomb\u00e9e. Une rafale de vent, probablement. Mathilde ne se souvient de rien.<\/p>\n<p>    <img decoding=\"async\" src=\"https:\/\/www.europesays.com\/fr\/wp-content\/uploads\/2025\/08\/sc_insta7.jpg\" alt=\"Avec sa femme, Mathilde. Photo publi\u00e9e sur son Instagram le 1er janvier 2021.\" loading=\"lazy\"\/><\/p>\n<p>\n      Avec sa femme, Mathilde. Photo publi\u00e9e sur son Instagram le 1er janvier 2021.<\/p>\n<p>                                \u00a9 Instagram<\/p>\n<p><strong>Vous comprenez vite qu\u2019il est arriv\u00e9 quelque chose de grave.<\/strong><\/p>\n<p>Les premiers \u00e9changes que j\u2019ai avec les m\u00e9decins sont compliqu\u00e9s, ils me disent qu\u2019elle est en vie, mais que c\u2019est grave, que si elle survit elle peut \u00eatre tr\u00e8s lourdement handicap\u00e9e. Depuis trente\u202fans, nous avons d\u00e9di\u00e9 l\u2019essentiel de notre existence \u00e0 l\u2019activit\u00e9, au mouvement libre du corps. Je l\u2019imagine d\u00e9j\u00e0 dans un fauteuil roulant, je me demande\u00a0: \u201cQu\u2019est-ce que je lui impose l\u00e0 comme vie.\u201d Je m\u2019\u00e9tais souvent interrog\u00e9 sur le sens de ces activit\u00e9s \u00e0 risque. Je consid\u00e8re qu\u2019il est plus dangereux de rouler sur le p\u00e9riph\u00e9rique lyonnais que d\u2019\u00eatre seul sur la face nord des Grandes Jorasses. On ne prenait pas des risques inconsid\u00e9r\u00e9s pour autant. Parce que j\u2019ai toujours tenu \u00e0 avoir une marge technique par rapport \u00e0 mon propre niveau. Mais tu peux \u00eatre au mauvais endroit au mauvais moment. Et c\u2019est ce qui est arriv\u00e9 \u00e0 Mathilde.<\/p>\n<blockquote class=\"citation\">\n<p>Mathilde n\u2019avait pas envie d\u2019y aller ce jour-l\u00e0. D\u2019o\u00f9 mon \u00e9norme degr\u00e9 de culpabilit\u00e9.<\/p>\n<p>C\u00e9dric Sapin-Defou<\/p>\n<\/blockquote>\n<p><strong>Vous vous sentiez invincible jusqu\u2019alors\u00a0?<\/strong><\/p>\n<p>Non, ce n\u2019\u00e9tait pas de cet ordre-l\u00e0. Pour moi, un des sels de ces activit\u00e9s est de mettre en rapport ce que tu es capable de faire avec ce que tu envisages de faire. Ce dialogue entre ton niveau de pratique, ton niveau d\u2019engagement et l\u2019exposition que tu acceptes \u00e9tait assez passionnant. Quand tu consacres 200\u00a0jours de ta vie par an \u00e0 la pratique de la montagne, n\u00e9cessairement, tu progresses. Et, tout d\u2019un coup, tu d\u00e9couvres des possibilit\u00e9s d\u2019ascension, de r\u00e9alisation qui n\u2019\u00e9taient pas envisageables l\u2019ann\u00e9e d\u2019avant. On est quand m\u00eame dans une forme de mythologie alpine. Il y a des grands sommets, des grandes faces, des grandes voies que tu veux faire\u2026 Tu veux toujours aller plus haut, plus pench\u00e9, plus dur techniquement\u2026<\/p>\n<p>    <img decoding=\"async\" src=\"https:\/\/www.europesays.com\/fr\/wp-content\/uploads\/2025\/08\/sc_insta3.jpg\" alt=\"\u00abJe crois en la beaut\u00e9. Tu vois un coucher de soleil, tu trouves \u00e7a beau \u00e0 en pleurer et \u00e7a te sauve la vie\u00bb dit-il.\" loading=\"lazy\"\/><\/p>\n<p>\n      \u00abJe crois en la beaut\u00e9. Tu vois un coucher de soleil, tu trouves \u00e7a beau \u00e0 en pleurer et \u00e7a te sauve la vie\u00bb dit-il.<\/p>\n<p>                                \u00a9 Instagram<\/p>\n<p><strong>R\u00e9trospectivement, vous dites avoir re\u00e7u pas mal de signes ce matin-l\u00e0\u2026<\/strong><\/p>\n<p>Oui. Mathilde n\u2019avait pas envie d\u2019y aller ce jour-l\u00e0. D\u2019o\u00f9 mon \u00e9norme degr\u00e9 de culpabilit\u00e9. On a beaucoup discut\u00e9 de ce qui s\u2019est pass\u00e9, on en discute toujours. M\u00eame avant l\u2019accident, je lui disais que s\u2019il lui arrivait un jour quelque chose j\u2019aurais du mal \u00e0 vivre avec \u00e7a dans la mesure o\u00f9 c\u2019est moi qui l\u2019ai amen\u00e9e en montagne. Ce \u00e0 quoi elle r\u00e9pondait toujours\u00a0: \u201cOui, mais tu m\u2019as fait d\u00e9couvrir un univers de r\u00e9alisations, d\u2019\u00e9panouissement, de plaisir, d\u2019\u00e9merveillement au milieu de la nature. Quoi qu\u2019il arrive, la balance penchera plus vers la joie que vers la peur.\u201d Donc elle ne m\u2019en veut pas. Et elle dit m\u00eame que je lui ai sauv\u00e9 la vie ce jour-l\u00e0.<\/p>\n<blockquote class=\"citation\">\n<p>Moi je me demande si je n\u2019aurais pas d\u00fb la laisser s\u2019\u00e9teindre tranquillement l\u00e0-haut, dans les rochers. Comme tous les accompagnants, on passe par ce genre de questionnements.<\/p>\n<p>C\u00e9dric Sapin-Defou<\/p>\n<\/blockquote>\n<p><strong>Elle est hospitalis\u00e9e en Italie. Puis \u00e0 Grenoble. Et pendant un an vous \u00eates \u00e0 son chevet.<\/strong><\/p>\n<p>Peu \u00e0 peu elle prend conscience de son \u00e9tat. Elle peut \u00e0 peine parler les premi\u00e8res semaines. Un jour, elle regarde ses jambes et elle me dit\u00a0: \u201cC\u2019est fini.\u201d Elle vit mal la perte d\u2019autonomie. Moi je me demande si je n\u2019aurais pas d\u00fb la laisser s\u2019\u00e9teindre tranquillement l\u00e0-haut, dans les rochers. Comme tous les accompagnants, on passe par ce genre de questionnements.<\/p>\n<p><strong>C\u2019est un questionnement ou c\u2019est une culpabilit\u00e9\u00a0?<\/strong><\/p>\n<p>Tant que tu n\u2019as pas de certitude sur la qualit\u00e9 de la vie future de la personne, d\u2019une forme de d\u00e9cence de son existence, c\u2019est une culpabilit\u00e9. Et puis tu te surprends \u00e0 te dire que, peut-\u00eatre, la vie veut que tu pousses le fauteuil roulant de ta femme et que tu lui donnes \u00e0 manger \u00e0 la petite cuill\u00e8re\u2026 Je me suis battu sans aucune certitude, avec la haute probabilit\u00e9 qu\u2019elle n\u2019aurait pas une vie acceptable.<\/p>\n<blockquote class=\"citation\">\n<p>L\u2019\u00e9criture, c\u2019est un moment qui est pour moi sans aucune intention, sans aucun calcul, sans aucune prise en compte de ce qui pourrait \u00e9ventuellement plaire\u2026<\/p>\n<p>C\u00e9dric Sapin-Defou<\/p>\n<\/blockquote>\n<p><strong>Aujourd\u2019hui comment va Mathilde\u00a0?<\/strong><\/p>\n<p>Elle conduit, marche, parle. L\u2019hiver, elle fait du ski de randonn\u00e9e tranquillement. Elle est heureuse, elle boit un verre de vin. Elle a mal. Elle a beaucoup de difficult\u00e9s \u00e0 mettre en mots sa pens\u00e9e, et \u00e7a, \u00e7a la rend folle. Ce qui lui est arriv\u00e9 interroge les monomanies\u00a0: quand tu as la t\u00eate dans le guidon, tu n\u2019as pas de plan B. \u00c7a ne veut pas dire qu\u2019on \u00e9tait compl\u00e8tement \u00e9tanches \u00e0 ce qui se \u00adpassait dans le monde. On lisait, on discutait beaucoup, on s\u2019informait et tout, mais on n\u2019avait pas d\u2019autre champ passionnel. Donc c\u2019est s\u00fbr que quand, le 12\u00a0ao\u00fbt \u00e0 9\u00a0heures du matin, ta vie, c\u2019est \u201con va faire de la montagne jusqu\u2019\u00e0 90 balais\u201d, et puis qu\u2019\u00e0 11\u00a0heures tu te dis\u00a0: \u201cNon, tes cordes, tes machins, tu peux les ranger, c\u2019est fini\u201d, c\u2019est dur \u00e0 accepter.<\/p>\n<p><strong>\u00c0 quel moment avez-vous d\u00e9cid\u00e9 d\u2019\u00e9crire sur l\u2019accident\u00a0?<\/strong><\/p>\n<p>D\u00e8s le premier jour. Mathilde tenait des carnets de voyage. Son carnet s\u2019est arr\u00eat\u00e9 la veille, elle a juste \u00e9crit\u00a0: \u201cNuit \u00e0 Rio Bianco\u201d. Et moi, le lendemain, vendredi 12\u00a0ao\u00fbt, 17\u00a0heures, j\u2019\u00e9cris. Tout semble vouloir s\u2019arr\u00eater\u00a0: la vie, l\u2019amour, le mouvement. Le seul \u00e9l\u00e9ment sur lequel je peux avoir un tout petit peu de prise, c\u2019est l\u2019\u00e9criture. Comme une lettre destin\u00e9e \u00e0 Mathilde o\u00f9 je lui parle. Dans un deuxi\u00e8me temps, je comprends aussi que je lui donne l\u00e0 des mat\u00e9riaux de m\u00e9moire. En Italie, \u00e0 Grenoble, tous les jours, je lui \u00e9crivais ce qui s\u2019\u00e9tait pass\u00e9 la journ\u00e9e.<\/p>\n<p>    <img decoding=\"async\" src=\"https:\/\/www.europesays.com\/fr\/wp-content\/uploads\/2025\/08\/sc_dsc8960.jpg\" alt=\"C\u00c9DRIC SAPIN-DEFOUR\" loading=\"lazy\"\/><\/p>\n<p>\n      Dans son camping-car, le 26 juin.<\/p>\n<p>                                \u00a9 Alexandre ISARD<\/p>\n<p><strong>Comment est-ce devenu un livre\u00a0?<\/strong><\/p>\n<p>Dans une \u00e9picerie italienne \u00e0 Grenoble\u00a0! J\u2019ai commenc\u00e9 \u00e0 relire les carnets. Et l\u00e0 s\u2019installe une discussion houleuse entre moi et moi. D\u2019un c\u00f4t\u00e9\u00a0: \u201cMais pour qui te prends-tu pour faire un livre sur sa souffrance\u00a0? C\u2019est ind\u00e9cent, ce n\u2019est pas un mat\u00e9riau litt\u00e9raire.\u201d Et de l\u2019autre\u00a0: \u201cPourquoi pas\u00a0?\u201d On sait tr\u00e8s bien ce qui l\u2019a emport\u00e9.<\/p>\n<p><strong>Et est-ce que le succ\u00e8s de \u201cSon odeur apr\u00e8s la pluie\u201d vous a donn\u00e9 une responsabilit\u00e9 envers vos lecteurs\u00a0?<\/strong><\/p>\n<p>Quand j\u2019\u00e9cris, il n\u2019y a pas un millim\u00e8tre carr\u00e9 de moi qui prend en consid\u00e9ration ce que \u00e7a va apporter au lecteur. Non, l\u2019\u00e9criture, c\u2019est un moment qui est pour moi sans aucune intention, sans aucun calcul, sans aucune prise en compte de ce qui pourrait \u00e9ventuellement plaire\u2026 Apr\u00e8s, d\u2019un point de vue du mat\u00e9riau litt\u00e9raire, le bonheur, le bien-\u00eatre offrent peu d\u2019int\u00e9r\u00eat. C\u2019est con \u00e0 dire, mais c\u2019est quand la vie tremble que tu as des choses \u00e0 raconter\u2026.<\/p>\n<p><strong>La l\u00e9gende veut que vous ayez eu la passion de la montagne \u00e0 8\u00a0ans en d\u00e9couvrant l\u2019aiguille du Midi.<\/strong><\/p>\n<p>C\u2019est vrai, ce fut un vrai choc esth\u00e9tique. Mais d\u00e9j\u00e0, quand on vivait dans le Nord avec mes parents, je les ai vus \u00e9mus aux larmes devant une \u00e9toile filante, au passage d\u2019une biche. Je les ai vus aussi touch\u00e9s par des gestes d\u2019entraide, de bienveillance, de simplicit\u00e9. Toute ma vie, j\u2019ai \u00e9t\u00e9 r\u00e9ceptif \u00e0 \u00e7a, et \u00e7a m\u2019a rendu heureux. Et au moment o\u00f9 \u00e7a cogne, comme par hasard, tu l\u00e8ves la t\u00eate, tu vois un coucher de soleil, tu trouves \u00e7a beau \u00e0 en pleurer, en fait, \u00e7a te sauve la vie. Et m\u00eame si c\u2019est un peu niais je crois au pouvoir de la beaut\u00e9.<\/p>\n<blockquote class=\"citation\">\n<p>Mon regard parfois empreint de jugement, voire un peu m\u00e9prisant envers ceux qui avaient une vie bien \u00adrang\u00e9e, qui n\u2019avaient que leurs week-ends pour \u201cse reposer\u201d, a disparu<\/p>\n<p>C\u00e9dric Sapin-Defou<\/p>\n<\/blockquote>\n<p><strong>Mathilde, c\u2019est votre premier amour\u00a0?<\/strong><\/p>\n<p>On s\u2019est connus \u00e0 la fac, en 1999. On avait tous les deux nos vies un peu install\u00e9es. C\u2019\u00e9tait d\u2019abord une relation tr\u00e8s amicale, on a beaucoup fait la bringue. Et petit \u00e0 petit \u00e7a a d\u00e9rap\u00e9 vers quelque chose de plus intime. Alors on a r\u00e9organis\u00e9 nos vies respectives, avec plus ou moins de dommages collat\u00e9raux.<\/p>\n<p><strong>Vous avez choisi de ne pas avoir d\u2019enfants\u2026<\/strong><\/p>\n<p>On avait conscience tous les deux que \u00e7a allait procurer des joies et des bonheurs autres, mais que \u00e7a allait empi\u00e9ter sur notre temps libre. Tr\u00e8s vite, on s\u2019est retrouv\u00e9s sur notre d\u00e9sir de vivre \u00e0 notre guise. Alors, quand tout \u00e7a dispara\u00eet, tu es un peu d\u00e9muni. Surtout avec la vie libertaire qu\u2019on avait. Les circonstances ont d\u00e9cid\u00e9 pour nous. Et mon regard parfois empreint de jugement, voire un peu m\u00e9prisant envers ceux qui avaient une vie bien \u00adrang\u00e9e, qui n\u2019avaient que leurs week-ends pour \u201cse reposer\u201d, a disparu.<\/p>\n<p><strong>Quand vous dites libertaire, vous voulez dire militant LFI\u00a0?<\/strong><\/p>\n<p>Ah non\u00a0! Socialiste oui, surtout avec des parents profs de gym dans les ann\u00e9es 1980, il n\u2019y avait aucune chance que je finisse trader. [il sourit.]<\/p>\n<blockquote class=\"citation\">\n<p>Notre vie d\u2019avant est perdue, et notre vie suivante sera belle<\/p>\n<p>C\u00e9dric Sapin-Defou<\/p>\n<\/blockquote>\n<p><strong>Est-ce que vous regrettez certains de vos choix aujourd\u2019hui, \u00e0 l\u2019aune de ce qui s\u2019est pass\u00e9, ou surtout pas\u00a0?<\/strong><\/p>\n<p>Non, pas du tout. Notre vie d\u2019avant est perdue, et notre vie suivante sera belle.<\/p>\n<p><strong>Une vie d\u2019\u00e9crivain donc\u00a0?<\/strong><\/p>\n<p>Je ne sais pas\u2026 Les plus grands et les plus forts moments de notre vie commune, on les a v\u00e9cus en montagne. Parce que ce n\u2019est quand m\u00eame pas rien de passer des journ\u00e9es o\u00f9 tu tiens ton amoureuse par la corde. L\u2019\u00e9criture est une activit\u00e9 solitaire, j\u2019y ai pris du plaisir, c\u2019est certain. Mais je n\u2019ai pas de prochain livre en moi. Pour l\u2019instant\u2026<\/p>\n<p><strong>Comment Mathilde a-t-elle r\u00e9agi \u00e0 la lecture du livre\u00a0?<\/strong><\/p>\n<p>Elle s\u2019est dit\u00a0: \u201cFinalement, je vaux quelque chose.\u201d \u00c7a, c\u2019est \u00adpr\u00e9cieux.<\/p>\n<p>    <img decoding=\"async\" src=\"https:\/\/www.europesays.com\/fr\/wp-content\/uploads\/2025\/08\/sc_9782234097001_001_x.jpg\" alt=\"\u00abO\u00f9 les \u00e9toiles tombent\u00bb, de C\u00e9dric Sapin-Defour, \u00e9d. Stock, 400 pages, 22,50 euros. En librairie le 13ao\u00fbt.\" loading=\"lazy\"\/><\/p>\n<p>\n      \u00abO\u00f9 les \u00e9toiles tombent\u00bb, de C\u00e9dric Sapin-Defour, \u00e9d. Stock, 400 pages, 22,50 euros. En librairie le 13ao\u00fbt.<\/p>\n<p>                                \u00a9 DR                                               <\/p>\n","protected":false},"excerpt":{"rendered":"Seuls quelques intimes \u00e9taient au courant. Quand C\u00e9dric Sapin-Defour\u00a0prenait le train pour Paris afin de pr\u00e9senter \u00e0 son&hellip;\n","protected":false},"author":2,"featured_media":308925,"comment_status":"","ping_status":"","sticky":false,"template":"","format":"standard","meta":{"footnotes":""},"categories":[1357],"tags":[1379,58,59,1011,27,1380],"class_list":{"0":"post-308924","1":"post","2":"type-post","3":"status-publish","4":"format-standard","5":"has-post-thumbnail","7":"category-livres","8":"tag-books","9":"tag-divertissement","10":"tag-entertainment","11":"tag-fr","12":"tag-france","13":"tag-livres"},"share_on_mastodon":{"url":"https:\/\/pubeurope.com\/@fr\/115003211815648099","error":""},"_links":{"self":[{"href":"https:\/\/www.europesays.com\/fr\/wp-json\/wp\/v2\/posts\/308924","targetHints":{"allow":["GET"]}}],"collection":[{"href":"https:\/\/www.europesays.com\/fr\/wp-json\/wp\/v2\/posts"}],"about":[{"href":"https:\/\/www.europesays.com\/fr\/wp-json\/wp\/v2\/types\/post"}],"author":[{"embeddable":true,"href":"https:\/\/www.europesays.com\/fr\/wp-json\/wp\/v2\/users\/2"}],"replies":[{"embeddable":true,"href":"https:\/\/www.europesays.com\/fr\/wp-json\/wp\/v2\/comments?post=308924"}],"version-history":[{"count":0,"href":"https:\/\/www.europesays.com\/fr\/wp-json\/wp\/v2\/posts\/308924\/revisions"}],"wp:featuredmedia":[{"embeddable":true,"href":"https:\/\/www.europesays.com\/fr\/wp-json\/wp\/v2\/media\/308925"}],"wp:attachment":[{"href":"https:\/\/www.europesays.com\/fr\/wp-json\/wp\/v2\/media?parent=308924"}],"wp:term":[{"taxonomy":"category","embeddable":true,"href":"https:\/\/www.europesays.com\/fr\/wp-json\/wp\/v2\/categories?post=308924"},{"taxonomy":"post_tag","embeddable":true,"href":"https:\/\/www.europesays.com\/fr\/wp-json\/wp\/v2\/tags?post=308924"}],"curies":[{"name":"wp","href":"https:\/\/api.w.org\/{rel}","templated":true}]}}