{"id":308938,"date":"2025-08-10T07:16:11","date_gmt":"2025-08-10T07:16:11","guid":{"rendered":"https:\/\/www.europesays.com\/fr\/308938\/"},"modified":"2025-08-10T07:16:11","modified_gmt":"2025-08-10T07:16:11","slug":"des-dizaines-de-milliers-de-manifestants-a-tel-aviv-contre-le-plan-israelien-de-conquerir-la-ville-de-gaza","status":"publish","type":"post","link":"https:\/\/www.europesays.com\/fr\/308938\/","title":{"rendered":"Des dizaines de milliers de manifestants \u00e0 Tel-Aviv contre le plan isra\u00e9lien de conqu\u00e9rir la ville de Gaza"},"content":{"rendered":"<p>Des dizaines de milliers de personnes ont manifest\u00e9, ce samedi 9 ao\u00fbt, pour appeler \u00e0 la fin de la guerre au lendemain de l&rsquo;annonce du plan isra\u00e9lien pour la conqu\u00eate de la ville de Gaza.<\/p>\n<p>Des dizaines de milliers de manifestants sont descendus samedi \u00e0 Tel-Aviv pour appeler \u00e0 la fin de la guerre dans <a href=\"https:\/\/www.bfmtv.com\/international\/moyen-orient\/israel\/video-controle-de-gaza-par-israel-l-onu-evoque-une-escalade-dangereuse_VN-202508090050.html\" title=\"Contr\u00f4le de Gaza par Isra\u00ebl: l&#039;ONU \u00e9voque une &quot;escalade dangereuse&quot;\" class=\"internal_link\" rel=\"nofollow noopener\" target=\"_blank\">la bande de Gaza,<\/a> au lendemain de l&rsquo;annonce du plan isra\u00e9lien pour la conqu\u00eate de la ville de Gaza, la plus grande du territoire palestinien.<\/p>\n<p>Apr\u00e8s 22 mois de guerre, le Premier ministre Benjamin Netanyahu est confront\u00e9 \u00e0 une tr\u00e8s forte pression en Isra\u00ebl et de l&rsquo;\u00e9tranger pour mettre fin \u00e0 son offensive dans la bande de Gaza, o\u00f9 plus de 2 millions de Palestiniens sont menac\u00e9s d&rsquo;une \u00ab\u00a0famine g\u00e9n\u00e9ralis\u00e9e\u00a0\u00bb, selon l&rsquo;ONU.<\/p>\n<p>Selon le plan valid\u00e9 par le cabinet de s\u00e9curit\u00e9 isra\u00e9lien, l&rsquo;arm\u00e9e \u00ab\u00a0se pr\u00e9pare \u00e0 prendre le contr\u00f4le de la ville de Gaza\u00a0\u00bb, une agglom\u00e9ration en grande partie d\u00e9truite dans le nord du territoire, \u00ab\u00a0tout en distribuant une aide humanitaire \u00e0 la population civile en dehors des zones de combat\u00a0\u00bb.<\/p>\n<p>Samedi \u00e0 Tel-Aviv, les journalistes de l&rsquo;AFP pr\u00e9sents sur place ont estim\u00e9 \u00e0 des dizaines de milliers le nombre des manifestants, le Forum des familles des otages faisant \u00e9tat de 100.000 participants. Les autorit\u00e9s n&rsquo;ont pas fourni d&rsquo;estimation officielle.<\/p>\n<p>Les manifestants brandissaient des pancartes et des photos des otages toujours d\u00e9tenus dans le territoire palestinien, exhortant le gouvernement \u00e0 obtenir leur lib\u00e9ration.<\/p>\n<p>\u00ab\u00a0Nous vous poursuivrons\u00a0\u00bb<\/p>\n<p>\u00ab\u00a0Si vous envahissez certaines parties de Gaza et que les otages sont tu\u00e9s, nous vous poursuivrons sur les places publiques, pendant les campagnes \u00e9lectorales et \u00e0 tout moment et en tout lieu\u00a0\u00bb, a d\u00e9clar\u00e9 \u00e0 l&rsquo;AFP Shahar Mor Zahiro, un proche d&rsquo;un otage tu\u00e9, dans un \u00ab\u00a0message direct au Premier ministre\u00a0\u00bb.<\/p>\n<p>Le Hamas, qui retient toujours 49 otages, dont 27 sont pr\u00e9sum\u00e9s morts, a affirm\u00e9 vendredi que la d\u00e9cision isra\u00e9lienne d&rsquo;occuper la ville de Gaza signifiait le \u00ab\u00a0sacrifice\u00a0\u00bb de ces otages enlev\u00e9s lors de l&rsquo;attaque sans pr\u00e9c\u00e9dent du mouvement islamiste palestinien contre Isra\u00ebl le 7 octobre 2023.<\/p>\n<p>Les familles des otages et les militants isra\u00e9liens en faveur de la paix avec les Palestiniens r\u00e9clament un cessez-le-feu avec le Hamas pour obtenir la lib\u00e9ration des derniers captifs.<\/p>\n<p>Mais au sein du gouvernement de Benjamin Netanyahu, l&rsquo;aile dure de la droite isra\u00e9lienne et leurs partisans veulent continuer \u00e0 occuper et annexer plus de territoires palestiniens, faisant fi des critiques internationales.<\/p>\n<p>Outre le d\u00e9sarmement du Hamas et le retour \u00ab\u00a0de tous les otages, vivants et morts\u00a0\u00bb, le plan vise \u00e0 d\u00e9militariser la bande de Gaza et la placer sous contr\u00f4le isra\u00e9lien avant la mise en place \u00ab\u00a0d&rsquo;une administration civile\u00a0\u00bb qui ne serait \u00ab\u00a0ni le Hamas, ni l&rsquo;Autorit\u00e9 palestinienne\u00a0\u00bb, a pr\u00e9cis\u00e9 vendredi le bureau de M. Netanyahu.<\/p>\n<p>\u00ab\u00a0Nous n&rsquo;allons pas occuper Gaza, nous allons lib\u00e9rer Gaza du Hamas\u00a0\u00bb, qui dirige le territoire depuis 2007, a affirm\u00e9 M. Netanyahu sur X. A la suite de l&rsquo;annonce de ce plan, le Conseil de s\u00e9curit\u00e9 de l&rsquo;ONU tiendra dimanche \u00e0 10H00 (14H00 GMT) une r\u00e9union d&rsquo;urgence sur Gaza, selon plusieurs sources diplomatiques.<\/p>\n<p>De l&rsquo;Allemagne, pourtant l&rsquo;un des plus fid\u00e8les alli\u00e9s d&rsquo;Isra\u00ebl, \u00e0 l&rsquo;Union europ\u00e9enne, en passant par la France, la Chine, la Russie et de nombreux pays musulmans, l&rsquo;annonce de ce plan a suscit\u00e9 la r\u00e9probation internationale.<\/p>\n<p>\u00ab\u00a0Nouveau crime\u00a0\u00bb<\/p>\n<p>Le pr\u00e9sident de l&rsquo;Autorit\u00e9 palestinienne Mahmoud Abbas a d\u00e9nonc\u00e9 samedi \u00ab\u00a0un nouveau crime qui s&rsquo;ajoute \u00e0 la s\u00e9rie de crimes isra\u00e9liens commis en Cisjordanie, y compris \u00e0 J\u00e9rusalem\u00a0\u00bb, soulignant \u00ab\u00a0la n\u00e9cessit\u00e9 urgente de prendre des mesures pour y mettre fin imm\u00e9diatement\u00a0\u00bb.<\/p>\n<p>Actuellement, l&rsquo;arm\u00e9e isra\u00e9lienne occupe ou op\u00e8re au sol dans pr\u00e8s de 75% de la bande de Gaza, principalement depuis ses positions permanentes dans le territoire le long de la fronti\u00e8re. Isra\u00ebl avait d\u00e9j\u00e0 occup\u00e9 Gaza en 1967 et implant\u00e9 un ensemble de 21 colonies, d\u00e9mantel\u00e9es lors de son retrait unilat\u00e9ral en 2005.<\/p>\n<p>Samedi, le porte-parole de la D\u00e9fense civile de la bande de Gaza, Mahmoud Bassal, a fait \u00e9tat de 37 personnes tu\u00e9es par des frappes ou des tirs isra\u00e9liens, dont des civils qui attendaient des distributions d&rsquo;aide alimentaire.<\/p>\n<p>Selon M. Bassal, douze personnes ont \u00e9t\u00e9 tu\u00e9es et pr\u00e8s de 200 autres bless\u00e9es quand les forces isra\u00e9liennes ont ouvert le feu sur elles alors qu&rsquo;elles se rassemblaient pr\u00e8s d&rsquo;un point de passage dans le nord de Gaza, utilis\u00e9 pour l&rsquo;acheminement de l&rsquo;aide.<\/p>\n<p>L&rsquo;op\u00e9ration isra\u00e9liennes \u00e0 Gaza d\u00e9j\u00e0 fait 61.369 morts \u00e0 Gaza, majoritairement des civils, selon les donn\u00e9es du minist\u00e8re de la Sant\u00e9 du Hamas, jug\u00e9es fiables par l&rsquo;ONU. Du c\u00f4t\u00e9 isra\u00e9lien, l&rsquo;attaque sans pr\u00e9c\u00e9dent du Hamas le 7 octobre 2023 avait entra\u00een\u00e9 la mort de 1.219 personnes, en majorit\u00e9 des civils, selon un d\u00e9compte de l&rsquo;AFP r\u00e9alis\u00e9 \u00e0 partir de donn\u00e9es officielles.<\/p>\n","protected":false},"excerpt":{"rendered":"Des dizaines de milliers de personnes ont manifest\u00e9, ce samedi 9 ao\u00fbt, pour appeler \u00e0 la fin de&hellip;\n","protected":false},"author":2,"featured_media":308939,"comment_status":"","ping_status":"","sticky":false,"template":"","format":"standard","meta":{"footnotes":""},"categories":[5],"tags":[11,1011,27,14,12,28],"class_list":{"0":"post-308938","1":"post","2":"type-post","3":"status-publish","4":"format-standard","5":"has-post-thumbnail","7":"category-international","8":"tag-actualites","9":"tag-fr","10":"tag-france","11":"tag-international","12":"tag-news","13":"tag-world"},"share_on_mastodon":{"url":"https:\/\/pubeurope.com\/@fr\/115003246700969108","error":""},"_links":{"self":[{"href":"https:\/\/www.europesays.com\/fr\/wp-json\/wp\/v2\/posts\/308938","targetHints":{"allow":["GET"]}}],"collection":[{"href":"https:\/\/www.europesays.com\/fr\/wp-json\/wp\/v2\/posts"}],"about":[{"href":"https:\/\/www.europesays.com\/fr\/wp-json\/wp\/v2\/types\/post"}],"author":[{"embeddable":true,"href":"https:\/\/www.europesays.com\/fr\/wp-json\/wp\/v2\/users\/2"}],"replies":[{"embeddable":true,"href":"https:\/\/www.europesays.com\/fr\/wp-json\/wp\/v2\/comments?post=308938"}],"version-history":[{"count":0,"href":"https:\/\/www.europesays.com\/fr\/wp-json\/wp\/v2\/posts\/308938\/revisions"}],"wp:featuredmedia":[{"embeddable":true,"href":"https:\/\/www.europesays.com\/fr\/wp-json\/wp\/v2\/media\/308939"}],"wp:attachment":[{"href":"https:\/\/www.europesays.com\/fr\/wp-json\/wp\/v2\/media?parent=308938"}],"wp:term":[{"taxonomy":"category","embeddable":true,"href":"https:\/\/www.europesays.com\/fr\/wp-json\/wp\/v2\/categories?post=308938"},{"taxonomy":"post_tag","embeddable":true,"href":"https:\/\/www.europesays.com\/fr\/wp-json\/wp\/v2\/tags?post=308938"}],"curies":[{"name":"wp","href":"https:\/\/api.w.org\/{rel}","templated":true}]}}