{"id":308949,"date":"2025-08-10T07:27:47","date_gmt":"2025-08-10T07:27:47","guid":{"rendered":"https:\/\/www.europesays.com\/fr\/308949\/"},"modified":"2025-08-10T07:27:47","modified_gmt":"2025-08-10T07:27:47","slug":"chevaux-mutiles-en-seine-maritime-le-parquet-annonce-quun-suspect-a-ete-place-en-garde-a","status":"publish","type":"post","link":"https:\/\/www.europesays.com\/fr\/308949\/","title":{"rendered":"Chevaux mutil\u00e9s en Seine-Maritime\u00a0: le parquet annonce qu\u2019un suspect a \u00e9t\u00e9 plac\u00e9 en garde \u00e0"},"content":{"rendered":"<p>La morbide <a href=\"https:\/\/caen.maville.com\/sport\/detail_-de-nouveaux-chevaux-mutiles-pres-du-havre-l-inquietante-serie-se-poursuit-_53511-6923026_actu.Htm\" target=\"_blank\" rel=\"noopener\">s\u00e9rie de mutilations de chevaux<\/a> suscitait l\u2019inqui\u00e9tude des habitants de Seine-Maritime depuis mai\u00a02025. Alors que les forces de l\u2019ordre menaient l\u2019enqu\u00eate depuis plusieurs mois, le myst\u00e8re autour de l\u2019identit\u00e9 de l\u2019auteur des faits semble enfin se dissiper.<\/p>\n<p>La procureure de la R\u00e9publique du Havre, Soizic Guillaume, a annonc\u00e9 ce mercredi 6\u00a0ao\u00fbt 2025 des <strong>\u00ab\u00a0\u00e9volutions d\u00e9cisives\u00a0\u00bb<\/strong> dans les investigations, rapportent nos confr\u00e8res de  <a href=\"https:\/\/actu.fr\/normandie\/le-havre_76351\/chevaux-mutiles-pres-du-havre-des-evolutions-decisives-dans-l-enquete-un-suspect-en-garde-a-vue_63004148.html\" target=\"_blank\" rel=\"noopener\">76Actu<\/a> . Et pour cause\u00a0: <strong>\u00ab\u00a0Un individu a \u00e9t\u00e9 interpell\u00e9 et se trouve actuellement en garde \u00e0 vue\u00a0\u00bb,<\/strong> poursuit-elle.<\/p>\n<p>Plusieurs chevaux morts<\/p>\n<p>Dans plusieurs communes des environs du Havre \u2013 Angerville-l\u2019Orcher, Saint-Vaast-Dieppedalle, Saint-Martin-du-Manoir et Saint-Nicolas-d\u2019Aliermont \u2013, des \u00e9quid\u00e9s \u00e9taient morts \u00e0 la suite de blessures, touchant souvent leurs yeux.<\/p>\n<p><strong>Lire aussi\u00a0:<\/strong> <a href=\"https:\/\/trouville-deauville.maville.com\/sport\/detail_-chevaux-mutiles-cinq-nouveaux-signalements-pres-du-havre-une-nouvelle-affaire-en-normandie-_4-6905086_actu.Htm\" target=\"_blank\" rel=\"noopener\">Chevaux mutil\u00e9s\u00a0: cinq nouveaux signalements pr\u00e8s du Havre, une nouvelle affaire en Normandie\u00a0?<\/a><\/p>\n<p>Face \u00e0 l\u2019ampleur du ph\u00e9nom\u00e8ne, une direction d\u2019enqu\u00eate avait \u00e9t\u00e9 cr\u00e9\u00e9e, avec des gendarmes des brigades de recherche de F\u00e9camp, Le Havre, Yvetot et les brigades territoriales concern\u00e9es. Les patrouilles de gendarmerie avaient \u00e9galement \u00e9t\u00e9 renforc\u00e9es.<\/p>\n<p>Une conf\u00e9rence de presse sera organis\u00e9e par le minist\u00e8re public jeudi\u00a07\u00a0ao\u00fbt pour faire le point sur l\u2019enqu\u00eate.<\/p>\n<p>\u00a0<\/p>\n","protected":false},"excerpt":{"rendered":"La morbide s\u00e9rie de mutilations de chevaux suscitait l\u2019inqui\u00e9tude des habitants de Seine-Maritime depuis mai\u00a02025. Alors que les&hellip;\n","protected":false},"author":2,"featured_media":308950,"comment_status":"","ping_status":"","sticky":false,"template":"","format":"standard","meta":{"footnotes":""},"categories":[9587],"tags":[1111,11,14015,2562,2621,2883,1777,674,1011,27,8712,44889,12,5161,15860,5536,9576,25,9590,5163,16022,13373],"class_list":{"0":"post-308949","1":"post","2":"type-post","3":"status-publish","4":"format-standard","5":"has-post-thumbnail","7":"category-rouen","8":"tag-actu","9":"tag-actualites","10":"tag-alencon","11":"tag-annonce","12":"tag-chevaux","13":"tag-ete","14":"tag-eu","15":"tag-europe","16":"tag-fr","17":"tag-france","18":"tag-garde","19":"tag-mutiles","20":"tag-news","21":"tag-normandie","22":"tag-parquet","23":"tag-place","24":"tag-qu","25":"tag-republique-francaise","26":"tag-rouen","27":"tag-seine-maritime","28":"tag-suspect","29":"tag-vue"},"share_on_mastodon":{"url":"https:\/\/pubeurope.com\/@fr\/115003293885445835","error":""},"_links":{"self":[{"href":"https:\/\/www.europesays.com\/fr\/wp-json\/wp\/v2\/posts\/308949","targetHints":{"allow":["GET"]}}],"collection":[{"href":"https:\/\/www.europesays.com\/fr\/wp-json\/wp\/v2\/posts"}],"about":[{"href":"https:\/\/www.europesays.com\/fr\/wp-json\/wp\/v2\/types\/post"}],"author":[{"embeddable":true,"href":"https:\/\/www.europesays.com\/fr\/wp-json\/wp\/v2\/users\/2"}],"replies":[{"embeddable":true,"href":"https:\/\/www.europesays.com\/fr\/wp-json\/wp\/v2\/comments?post=308949"}],"version-history":[{"count":0,"href":"https:\/\/www.europesays.com\/fr\/wp-json\/wp\/v2\/posts\/308949\/revisions"}],"wp:featuredmedia":[{"embeddable":true,"href":"https:\/\/www.europesays.com\/fr\/wp-json\/wp\/v2\/media\/308950"}],"wp:attachment":[{"href":"https:\/\/www.europesays.com\/fr\/wp-json\/wp\/v2\/media?parent=308949"}],"wp:term":[{"taxonomy":"category","embeddable":true,"href":"https:\/\/www.europesays.com\/fr\/wp-json\/wp\/v2\/categories?post=308949"},{"taxonomy":"post_tag","embeddable":true,"href":"https:\/\/www.europesays.com\/fr\/wp-json\/wp\/v2\/tags?post=308949"}],"curies":[{"name":"wp","href":"https:\/\/api.w.org\/{rel}","templated":true}]}}