{"id":308953,"date":"2025-08-10T07:33:16","date_gmt":"2025-08-10T07:33:16","guid":{"rendered":"https:\/\/www.europesays.com\/fr\/308953\/"},"modified":"2025-08-10T07:33:16","modified_gmt":"2025-08-10T07:33:16","slug":"face-a-la-dermatose-nodulaire-la-confederation-paysanne-dille-et-vilaine-refuse-labattage","status":"publish","type":"post","link":"https:\/\/www.europesays.com\/fr\/308953\/","title":{"rendered":"Face \u00e0 la dermatose nodulaire, la Conf\u00e9d\u00e9ration paysanne d\u2019Ille-et-Vilaine refuse l\u2019abattage"},"content":{"rendered":"<p>Alors que <a href=\"https:\/\/dinan.maville.com\/actu\/actudet_--c-est-un-tsunami-qui-arrive-inquietude-des-eleveurs-bretons-face-a-la-fievre-catarrhale-ovine-_5-6928623_actu.Htm\" rel=\"nofollow noopener\" target=\"_blank\">la fi\u00e8vre catarrhale ovine<\/a> frappe d\u00e9j\u00e0 de nombreuses exploitations en Bretagne, un autre virus pr\u00e9occupe aussi la Conf\u00e9d\u00e9ration paysanne en Ille-et-Vilaine\u00a0: la dermatose nodulaire. Cette maladie, non transmissible \u00e0 l\u2019humain, affecte surtout les bovins d\u2019\u00e9levage. Elle est <a href=\"https:\/\/rennes.maville.com\/actu\/actudet_-dermatose-plus-d-une-dizaine-de-nouveaux-foyers-recenses-en-savoie-et-haute-savoie-_54135-6925515_actu.Htm\" rel=\"nofollow noopener\" target=\"_blank\">particuli\u00e8rement virulente actuellement en Savoie et Haute-Savoie<\/a> <strong>\u00ab\u00a0o\u00f9 des milliers de vaches sont tu\u00e9es\u00a0\u00bb<\/strong>, s\u2019\u00e9meut la Conf\u00e9d\u00e9ration paysanne. <strong>\u00ab\u00a0Plus que jamais, nous d\u00e9non\u00e7ons la strat\u00e9gie sanitaire d\u2019abattage total de l\u2019\u00c9tat\u00a0! Cette gestion de crise appara\u00eet disproportionn\u00e9e alors que la campagne des vaccins est bien avanc\u00e9e et que l\u2019immunit\u00e9 vaccinale sera gagn\u00e9e la semaine prochaine\u00a0\u00bb,<\/strong> affirme le syndicat paysan.<\/p>\n<p>\u00ab\u00a0Des vies qui basculent\u00a0\u00bb<\/p>\n<p><strong>\u00ab\u00a0Derri\u00e8re ce choix, ce sont des vies qui basculent, des \u00e9leveurs et des \u00e9leveuses an\u00e9antis\u00a0; un patrimoine g\u00e9n\u00e9tique et des produits fermiers qui disparaissent, des campagnes sans vie et des territoires sacrifi\u00e9s. C\u2019est tout un mod\u00e8le d\u2019\u00e9levage paysan de proximit\u00e9 que ces mesures d\u00e9truisent\u00a0\u00bb<\/strong>, conclut la Conf\u00e9d\u00e9ration paysanne.<\/p>\n<p>\u00a0<\/p>\n","protected":false},"excerpt":{"rendered":"Alors que la fi\u00e8vre catarrhale ovine frappe d\u00e9j\u00e0 de nombreuses exploitations en Bretagne, un autre virus pr\u00e9occupe aussi&hellip;\n","protected":false},"author":2,"featured_media":308954,"comment_status":"","ping_status":"","sticky":false,"template":"","format":"standard","meta":{"footnotes":""},"categories":[2821],"tags":[44896,1111,11,829,44894,44892,1777,674,2823,1011,27,848,12,44893,44895,21069,584,25,3728,13422],"class_list":{"0":"post-308953","1":"post","2":"type-post","3":"status-publish","4":"format-standard","5":"has-post-thumbnail","7":"category-rennes","8":"tag-abattage","9":"tag-actu","10":"tag-actualites","11":"tag-bretagne","12":"tag-confederation","13":"tag-dermatose","14":"tag-eu","15":"tag-europe","16":"tag-face","17":"tag-fr","18":"tag-france","19":"tag-ille-et-vilaine","20":"tag-news","21":"tag-nodulaire","22":"tag-paysanne","23":"tag-refuse","24":"tag-rennes","25":"tag-republique-francaise","26":"tag-saint-malo","27":"tag-total"},"share_on_mastodon":{"url":"https:\/\/pubeurope.com\/@fr\/115003313656604359","error":""},"_links":{"self":[{"href":"https:\/\/www.europesays.com\/fr\/wp-json\/wp\/v2\/posts\/308953","targetHints":{"allow":["GET"]}}],"collection":[{"href":"https:\/\/www.europesays.com\/fr\/wp-json\/wp\/v2\/posts"}],"about":[{"href":"https:\/\/www.europesays.com\/fr\/wp-json\/wp\/v2\/types\/post"}],"author":[{"embeddable":true,"href":"https:\/\/www.europesays.com\/fr\/wp-json\/wp\/v2\/users\/2"}],"replies":[{"embeddable":true,"href":"https:\/\/www.europesays.com\/fr\/wp-json\/wp\/v2\/comments?post=308953"}],"version-history":[{"count":0,"href":"https:\/\/www.europesays.com\/fr\/wp-json\/wp\/v2\/posts\/308953\/revisions"}],"wp:featuredmedia":[{"embeddable":true,"href":"https:\/\/www.europesays.com\/fr\/wp-json\/wp\/v2\/media\/308954"}],"wp:attachment":[{"href":"https:\/\/www.europesays.com\/fr\/wp-json\/wp\/v2\/media?parent=308953"}],"wp:term":[{"taxonomy":"category","embeddable":true,"href":"https:\/\/www.europesays.com\/fr\/wp-json\/wp\/v2\/categories?post=308953"},{"taxonomy":"post_tag","embeddable":true,"href":"https:\/\/www.europesays.com\/fr\/wp-json\/wp\/v2\/tags?post=308953"}],"curies":[{"name":"wp","href":"https:\/\/api.w.org\/{rel}","templated":true}]}}