{"id":308955,"date":"2025-08-10T07:34:13","date_gmt":"2025-08-10T07:34:13","guid":{"rendered":"https:\/\/www.europesays.com\/fr\/308955\/"},"modified":"2025-08-10T07:34:13","modified_gmt":"2025-08-10T07:34:13","slug":"beye-annonce-la-couleur-avant-rennes-om","status":"publish","type":"post","link":"https:\/\/www.europesays.com\/fr\/308955\/","title":{"rendered":"Beye annonce la couleur avant Rennes-OM"},"content":{"rendered":"<p><strong><\/p>\n<p>Le Stade Rennais a conclu samedi sa pr\u00e9paration estivale par un match nul face au Genoa de Patrick Vieira (2-2).<\/p>\n<p><\/strong><\/p>\n<p><a href=\"https:\/\/www.footmarseille.com\/124710-le-calendrier-complet-de-lom-en-ligue-1\" rel=\"nofollow noopener\" target=\"_blank\">Alors que la saison 2025-26 reprendra officiellement vendredi soir en Ligue 1<\/a> par un duel entre les Rouge et Noir et l\u2019OM, l\u2019entra\u00eeneur rennais Habib Beye n\u2019a pas h\u00e9sit\u00e9 \u00e0 tenir un discours ambitieux en conf\u00e9rence de presse. <strong>Le coach du club breton n\u2019a pas l\u2019intention de faire le moindre complexe<\/strong> m\u00eame si son \u00e9quipe a affich\u00e9 un visage tr\u00e8s mitig\u00e9 lors de la pr\u00e9paration estivale.<\/p>\n<p>\u00ab\u00a0Le plus important dans cette pr\u00e9paration est la mont\u00e9e en puissance. L\u2019\u00e9quipe est en progression sur certains aspects. Mais on doit faire un peu plus mal \u00e0 l\u2019adversaire. L\u2019adversit\u00e9 de vendredi sera pr\u00e9sente. <strong>Marseille est un gros de ce Championnat. On est pr\u00eats \u00e0 les regarder dans les yeux et \u00e0 rivaliser avec cette \u00e9quipe.<\/strong> Mais il faudra \u00eatre hyper concentr\u00e9s, sinon on sera punis. C\u2019est une \u00e9quipe qui prend tout ce que vous leur donnez\u00ab\u00a0, a pr\u00e9venu l\u2019ancien Marseillais.<\/p>\n","protected":false},"excerpt":{"rendered":"Le Stade Rennais a conclu samedi sa pr\u00e9paration estivale par un match nul face au Genoa de Patrick&hellip;\n","protected":false},"author":2,"featured_media":308956,"comment_status":"","ping_status":"","sticky":false,"template":"","format":"standard","meta":{"footnotes":""},"categories":[2821],"tags":[1111,11,829,1777,674,1011,27,12,584,25],"class_list":{"0":"post-308955","1":"post","2":"type-post","3":"status-publish","4":"format-standard","5":"has-post-thumbnail","7":"category-rennes","8":"tag-actu","9":"tag-actualites","10":"tag-bretagne","11":"tag-eu","12":"tag-europe","13":"tag-fr","14":"tag-france","15":"tag-news","16":"tag-rennes","17":"tag-republique-francaise"},"share_on_mastodon":{"url":"https:\/\/pubeurope.com\/@fr\/115003317486771850","error":""},"_links":{"self":[{"href":"https:\/\/www.europesays.com\/fr\/wp-json\/wp\/v2\/posts\/308955","targetHints":{"allow":["GET"]}}],"collection":[{"href":"https:\/\/www.europesays.com\/fr\/wp-json\/wp\/v2\/posts"}],"about":[{"href":"https:\/\/www.europesays.com\/fr\/wp-json\/wp\/v2\/types\/post"}],"author":[{"embeddable":true,"href":"https:\/\/www.europesays.com\/fr\/wp-json\/wp\/v2\/users\/2"}],"replies":[{"embeddable":true,"href":"https:\/\/www.europesays.com\/fr\/wp-json\/wp\/v2\/comments?post=308955"}],"version-history":[{"count":0,"href":"https:\/\/www.europesays.com\/fr\/wp-json\/wp\/v2\/posts\/308955\/revisions"}],"wp:featuredmedia":[{"embeddable":true,"href":"https:\/\/www.europesays.com\/fr\/wp-json\/wp\/v2\/media\/308956"}],"wp:attachment":[{"href":"https:\/\/www.europesays.com\/fr\/wp-json\/wp\/v2\/media?parent=308955"}],"wp:term":[{"taxonomy":"category","embeddable":true,"href":"https:\/\/www.europesays.com\/fr\/wp-json\/wp\/v2\/categories?post=308955"},{"taxonomy":"post_tag","embeddable":true,"href":"https:\/\/www.europesays.com\/fr\/wp-json\/wp\/v2\/tags?post=308955"}],"curies":[{"name":"wp","href":"https:\/\/api.w.org\/{rel}","templated":true}]}}