{"id":308961,"date":"2025-08-10T07:39:13","date_gmt":"2025-08-10T07:39:13","guid":{"rendered":"https:\/\/www.europesays.com\/fr\/308961\/"},"modified":"2025-08-10T07:39:13","modified_gmt":"2025-08-10T07:39:13","slug":"une-experience-immersive-unique-a-lopera-de-nice-cet-ete","status":"publish","type":"post","link":"https:\/\/www.europesays.com\/fr\/308961\/","title":{"rendered":"Une exp\u00e9rience immersive unique \u00e0 l\u2019Op\u00e9ra de Nice cet \u00e9t\u00e9"},"content":{"rendered":"<p>                    <img loading=\"lazy\" decoding=\"async\" src=\"https:\/\/www.europesays.com\/fr\/wp-content\/uploads\/2025\/08\/9a15efd620d075f0b429e9a36fb47a.jpg\" class=\"img-responsive post-image\" width=\"680\" height=\"510\" alt=\"Une exp\u00e9rience immersive\" title=\"Une exp\u00e9rience immersive unique \u00e0 l'Op\u00e9ra de Nice cet \u00e9t\u00e9 \"\/><\/p>\n<p class=\"chapo\">Jusqu\u2019au 31 ao\u00fbt, l\u2019Op\u00e9ra Nice C\u00f4te d\u2019Azur propose une exp\u00e9rience sensorielle in\u00e9dite avec \u00ab\u00a0Une Journ\u00e9e \u00e0 l\u2019Op\u00e9ra\u00a0\u00bb, un spectacle \u00e0 360 degr\u00e9s, entre lumi\u00e8re, musique et architecture.<\/p>\n<p>Il est 18h ce dimanche 3 ao\u00fbt \u00e0 l\u2019Op\u00e9ra de Nice. Les balcons deviennent des port\u00e9es de musique, des partitions virevoltent au rythme d\u2019un piano. Les sculptures s\u2019animent doucement, comme r\u00e9veill\u00e9es par la musique. L\u2019Op\u00e9ra tout entier semble respirer au rythme d\u2019un spectacle qui d\u00e9borde de la sc\u00e8ne.<\/p>\n<p>\u00ab\u00a0<a href=\"https:\/\/www.opera-nice.org\/fr\/evenement\/1349\/une-journee-a-l-opera\" class=\"spip_out\" rel=\"external nofollow noopener\" target=\"_blank\">Une Journ\u00e9e \u00e0 l\u2019Op\u00e9ra<\/a>\u00a0\u00bb n\u2019est pas un spectacle comme les autres <\/p>\n<p>\t\t<img loading=\"lazy\" decoding=\"async\" src=\"https:\/\/www.europesays.com\/fr\/wp-content\/uploads\/2025\/08\/vertical_article_small-27.png\" width=\"300\" height=\"370\" alt=\"\"\/><\/p>\n<p>Etienne Guiol \u00a9Xavier Courraud\n<\/p>\n<p>Ici, pas de sc\u00e8ne, pas de chanteurs en costume. C\u2019est toute la salle qui devient sc\u00e8ne. Gr\u00e2ce \u00e0 des projections \u00e0 360 degr\u00e9s, on est totalement envelopp\u00e9 par des projections monumentales sur la coupole, les balcons et tout autour des spectateurs. <strong>Etienne Guiol<\/strong>, artiste, vid\u00e9aste et concepteur du projet, a imagin\u00e9 cette immersion comme une \u00ab\u00a0\u00a0ode contemporaine \u00e0 l\u2019art lyrique\u00a0\u00a0\u00bb. Ici, pas besoin d\u2019avoir d\u00e9j\u00e0 assist\u00e9 \u00e0 une repr\u00e9sentation classique. Le spectateur n\u2019a qu\u2019\u00e0 se laisser porter pour contempler. C\u2019est accessible \u00e0 tous, \u00e0 tout \u00e2ge, sans cl\u00e9s d\u2019interpr\u00e9tation. \u00ab\u00a0J\u2019ai travaill\u00e9 deux fois avec l\u2019Op\u00e9ra de Nice, notamment sur Akhnaten de Philippe Glass en 2020 et L\u2019Arche de No\u00e9 de Britten en 2023. Je connais bien ce lieu et je m\u2019entends particuli\u00e8rement bien avec son directeur, Bertrand Rossi, qui a une vraie d\u00e9marche d\u2019ouverture vers de nouveaux publics et formats.\u00a0\u00bb<\/p>\n<p>La gen\u00e8se d\u2019un spectacle po\u00e9tique<\/p>\n<p>\t\t<img loading=\"lazy\" decoding=\"async\" src=\"https:\/\/www.europesays.com\/fr\/wp-content\/uploads\/2025\/08\/vertical_article_small_copie-8.png\" width=\"300\" height=\"370\" alt=\"\"\/><\/p>\n<p>\u00a9MM\n<\/p>\n<p>Mais comment na\u00eet un spectacle aussi original\u00a0? \u00ab\u00a0 Je passais beaucoup de temps dans l\u2019Op\u00e9ra de Nice\u00a0\u00bb, confie le cr\u00e9ateur. \u00ab\u00a0Je me suis toujours demand\u00e9\u00a0: que diraient les sculptures\u00a0? Que feraient les peintures lorsque le visiteur s\u2019en va\u00a0? Quelles histoires raconteraient-elles de leur journ\u00e9e\u00a0? C\u2019est cela que j\u2019ai voulu exprimer.\u00a0\u00bb Il s\u2019agit donc d\u2019un voyage \u00e0 travers neuf actes, incarn\u00e9s par les neuf muses de l\u2019op\u00e9ra, qui accompagnent Apollon, dieu de la musique. Chaque muse raconte un moment de la journ\u00e9e, du lever du soleil \u00e0 l\u2019aube jusqu\u2019\u00e0 la nuit tomb\u00e9e. Le public d\u00e9couvre ainsi, par exemple, un lever de soleil sur le visage ferm\u00e9 de Madame Butterfly ou le duo des Fleurs du Lac-Mai au petit matin.<\/p>\n<p>Une passion de quinze ans<\/p>\n<p>Cette cr\u00e9ation est aussi le fruit de quinze ann\u00e9es d\u2019exp\u00e9rience en vid\u00e9o mapping grand format, une <br class=\"autobr\"\/><br \/>\ntechnique complexe consistant \u00e0 projeter des images sur des surfaces architecturales. \u00ab\u00a0 C\u2019est une de mes passions, tout comme l\u2019op\u00e9ra. Ce spectacle est un aboutissement, o\u00f9 j\u2019ai mis tout mon c\u0153ur \u00a0\u00bb, confie-t-il. Le processus de cr\u00e9ation est long\u00a0: deux ans de r\u00e9flexion pour l\u2019\u00e9criture du projet, puis six mois intenses pour la r\u00e9alisation technique. Une quarantaine de professionnels issus de divers corps de m\u00e9tier ont \u00e9t\u00e9 mobilis\u00e9s pour donner vie \u00e0 ce spectacle ambitieux, rare en France par son ampleur.<\/p>\n<p> <a href=\"https:\/\/www.europesays.com\/fr\/wp-content\/uploads\/2025\/08\/une_journe_e_a_l_ope_ra_visuel03.jpg\" class=\"spip_doc_lien mediabox\" type=\"image\/jpeg\"><br \/>\n\t\t<img loading=\"lazy\" decoding=\"async\" src=\"https:\/\/www.europesays.com\/fr\/wp-content\/uploads\/2025\/08\/une_journe_e_a_l_ope_ra_visuel03.jpg\" width=\"1023\" height=\"758\" alt=\"\"\/><\/a><\/p>\n<p>\u00a9DR\n<\/p>\n<p>Le spectacle dure 45 minutes. Il est \u00e0 d\u00e9couvrir tous les mercredis, jeudis, vendredis, samedis et dimanches de 15h \u00e0 21h, jusqu\u2019au 31 ao\u00fbt. Informations et r\u00e9servations <a href=\"https:\/\/www.opera-nice.org\/fr\" class=\"spip_out\" rel=\"external nofollow noopener\" target=\"_blank\">sur le site.<\/a><\/p>\n<p> <a href=\"https:\/\/www.europesays.com\/fr\/wp-content\/uploads\/2025\/08\/une_journe_e_a_l_ope_ra_visuel06.jpg\" class=\"spip_doc_lien mediabox\" type=\"image\/jpeg\"><br \/>\n\t\t<img loading=\"lazy\" decoding=\"async\" src=\"https:\/\/www.europesays.com\/fr\/wp-content\/uploads\/2025\/08\/une_journe_e_a_l_ope_ra_visuel06.jpg\" width=\"1023\" height=\"758\" alt=\"\"\/><\/a><\/p>\n<p>\u00a9DR<\/p>\n","protected":false},"excerpt":{"rendered":"Jusqu\u2019au 31 ao\u00fbt, l\u2019Op\u00e9ra Nice C\u00f4te d\u2019Azur propose une exp\u00e9rience sensorielle in\u00e9dite avec \u00ab\u00a0Une Journ\u00e9e \u00e0 l\u2019Op\u00e9ra\u00a0\u00bb, un&hellip;\n","protected":false},"author":2,"featured_media":308962,"comment_status":"","ping_status":"","sticky":false,"template":"","format":"standard","meta":{"footnotes":""},"categories":[2819],"tags":[1111,11,2408,1777,674,1011,27,12,2401,882,25],"class_list":{"0":"post-308961","1":"post","2":"type-post","3":"status-publish","4":"format-standard","5":"has-post-thumbnail","7":"category-nice","8":"tag-actu","9":"tag-actualites","10":"tag-appels-d","11":"tag-eu","12":"tag-europe","13":"tag-fr","14":"tag-france","15":"tag-news","16":"tag-nice","17":"tag-provence-alpes-cote-dazur","18":"tag-republique-francaise"},"share_on_mastodon":{"url":"https:\/\/pubeurope.com\/@fr\/115003337310534132","error":""},"_links":{"self":[{"href":"https:\/\/www.europesays.com\/fr\/wp-json\/wp\/v2\/posts\/308961","targetHints":{"allow":["GET"]}}],"collection":[{"href":"https:\/\/www.europesays.com\/fr\/wp-json\/wp\/v2\/posts"}],"about":[{"href":"https:\/\/www.europesays.com\/fr\/wp-json\/wp\/v2\/types\/post"}],"author":[{"embeddable":true,"href":"https:\/\/www.europesays.com\/fr\/wp-json\/wp\/v2\/users\/2"}],"replies":[{"embeddable":true,"href":"https:\/\/www.europesays.com\/fr\/wp-json\/wp\/v2\/comments?post=308961"}],"version-history":[{"count":0,"href":"https:\/\/www.europesays.com\/fr\/wp-json\/wp\/v2\/posts\/308961\/revisions"}],"wp:featuredmedia":[{"embeddable":true,"href":"https:\/\/www.europesays.com\/fr\/wp-json\/wp\/v2\/media\/308962"}],"wp:attachment":[{"href":"https:\/\/www.europesays.com\/fr\/wp-json\/wp\/v2\/media?parent=308961"}],"wp:term":[{"taxonomy":"category","embeddable":true,"href":"https:\/\/www.europesays.com\/fr\/wp-json\/wp\/v2\/categories?post=308961"},{"taxonomy":"post_tag","embeddable":true,"href":"https:\/\/www.europesays.com\/fr\/wp-json\/wp\/v2\/tags?post=308961"}],"curies":[{"name":"wp","href":"https:\/\/api.w.org\/{rel}","templated":true}]}}