{"id":308978,"date":"2025-08-10T07:50:12","date_gmt":"2025-08-10T07:50:12","guid":{"rendered":"https:\/\/www.europesays.com\/fr\/308978\/"},"modified":"2025-08-10T07:50:12","modified_gmt":"2025-08-10T07:50:12","slug":"le-rhone-et-tout-le-sud-en-vigilance-orange-canicule-ce-dimanche","status":"publish","type":"post","link":"https:\/\/www.europesays.com\/fr\/308978\/","title":{"rendered":"Le Rh\u00f4ne et tout le Sud en vigilance orange canicule ce dimanche"},"content":{"rendered":"<p>                            <img loading=\"lazy\" width=\"1080\" height=\"675\" class=\"attachment-article size-article wp-post-image lazyload\" alt=\"\" decoding=\"async\" src=\"https:\/\/www.europesays.com\/fr\/wp-content\/uploads\/2025\/06\/000_33RY6M3-scaled-e1692711886644.jpg\" data-eio-rwidth=\"1080\" data-eio-rheight=\"675\"\/><\/p>\n<p>Photo d\u2019illustration. (Photo de SEBASTIEN BOZON \/ AFP)<\/p>\n<p class=\"content\" style=\"font-size:1.2em;font-weight:700\">M\u00e9t\u00e9o France a plac\u00e9 ce dimanche le Rh\u00f4ne et plusieurs d\u00e9partements d\u2019Auvergne-Rh\u00f4ne-Alpes en vigilance orange pour canicule. Apr\u00e8s les 40 \u00b0C atteints samedi \u00e0 Lyon, les temp\u00e9ratures resteront tr\u00e8s \u00e9lev\u00e9es, avec un maximum attendu autour de 35 \u00b0C en fin d\u2019apr\u00e8s-midi.<\/p>\n<p>Sur la carte publi\u00e9e ce matin, une large bande sud du pays est en orange, signe d\u2019un risque important li\u00e9 aux fortes chaleurs. Dans la r\u00e9gion, outre le Rh\u00f4ne, la Loire, l\u2019Ain, l\u2019Is\u00e8re, la Dr\u00f4me, l\u2019Ard\u00e8che, la Savoie et la Haute-Savoie sont concern\u00e9s. D\u00e8s le d\u00e9but de la matin\u00e9e, Lyon affichait d\u00e9j\u00e0 24 \u00b0C sous un soleil \u00e9clatant, laissant pr\u00e9sager <a href=\"https:\/\/www.lyoncapitale.fr\/actualite\/la-chaleur-recule-mais-reste-bien-presente-la-meteo-de-ce-dimanche-10-aout-a-lyon\" target=\"_blank\" rel=\"noreferrer noopener\">une journ\u00e9e encore lourde<\/a>.<\/p>\n<p>Cet apr\u00e8s-midi, les temp\u00e9ratures d\u00e9passeront les 30 \u00b0C d\u00e8s la fin de matin\u00e9e et atteindront 35 \u00b0C entre 17 h et 18 h. M\u00eame en soir\u00e9e, le mercure restera au-dessus des 30 \u00b0C, avec seulement une l\u00e9g\u00e8re baisse pr\u00e9vue dans la nuit. Les autorit\u00e9s rappellent les consignes de prudence : s\u2019hydrater r\u00e9guli\u00e8rement, \u00e9viter les efforts physiques aux heures les plus chaudes et se prot\u00e9ger efficacement du soleil.<\/p>\n<p>La vigilance va se poursuivre<\/p>\n<p>Lundi 11 ao\u00fbt, la vigilance orange sera \u00e9largie \u00e0 46 d\u00e9partements ainsi qu\u2019\u00e0 l\u2019Andorre, preuve que l\u2019\u00e9pisode caniculaire se poursuit sur une grande partie du territoire malgr\u00e9 une l\u00e9g\u00e8re baisse des temp\u00e9ratures pr\u00e9vue dans le Rh\u00f4ne<\/p>\n","protected":false},"excerpt":{"rendered":"Photo d\u2019illustration. (Photo de SEBASTIEN BOZON \/ AFP) M\u00e9t\u00e9o France a plac\u00e9 ce dimanche le Rh\u00f4ne et plusieurs&hellip;\n","protected":false},"author":2,"featured_media":163622,"comment_status":"","ping_status":"","sticky":false,"template":"","format":"standard","meta":{"footnotes":""},"categories":[1889],"tags":[1111,11,2430,6698,1777,674,1011,27,2428,2487,12,25,15192,27202],"class_list":{"0":"post-308978","1":"post","2":"type-post","3":"status-publish","4":"format-standard","5":"has-post-thumbnail","7":"category-lyon","8":"tag-actu","9":"tag-actualites","10":"tag-auvergne-rhone-alpes","11":"tag-canicule","12":"tag-eu","13":"tag-europe","14":"tag-fr","15":"tag-france","16":"tag-lyon","17":"tag-meteo","18":"tag-news","19":"tag-republique-francaise","20":"tag-vigilance","21":"tag-vigilance-orange"},"share_on_mastodon":{"url":"https:\/\/pubeurope.com\/@fr\/115003380468563616","error":""},"_links":{"self":[{"href":"https:\/\/www.europesays.com\/fr\/wp-json\/wp\/v2\/posts\/308978","targetHints":{"allow":["GET"]}}],"collection":[{"href":"https:\/\/www.europesays.com\/fr\/wp-json\/wp\/v2\/posts"}],"about":[{"href":"https:\/\/www.europesays.com\/fr\/wp-json\/wp\/v2\/types\/post"}],"author":[{"embeddable":true,"href":"https:\/\/www.europesays.com\/fr\/wp-json\/wp\/v2\/users\/2"}],"replies":[{"embeddable":true,"href":"https:\/\/www.europesays.com\/fr\/wp-json\/wp\/v2\/comments?post=308978"}],"version-history":[{"count":0,"href":"https:\/\/www.europesays.com\/fr\/wp-json\/wp\/v2\/posts\/308978\/revisions"}],"wp:featuredmedia":[{"embeddable":true,"href":"https:\/\/www.europesays.com\/fr\/wp-json\/wp\/v2\/media\/163622"}],"wp:attachment":[{"href":"https:\/\/www.europesays.com\/fr\/wp-json\/wp\/v2\/media?parent=308978"}],"wp:term":[{"taxonomy":"category","embeddable":true,"href":"https:\/\/www.europesays.com\/fr\/wp-json\/wp\/v2\/categories?post=308978"},{"taxonomy":"post_tag","embeddable":true,"href":"https:\/\/www.europesays.com\/fr\/wp-json\/wp\/v2\/tags?post=308978"}],"curies":[{"name":"wp","href":"https:\/\/api.w.org\/{rel}","templated":true}]}}