{"id":308990,"date":"2025-08-10T07:58:10","date_gmt":"2025-08-10T07:58:10","guid":{"rendered":"https:\/\/www.europesays.com\/fr\/308990\/"},"modified":"2025-08-10T07:58:10","modified_gmt":"2025-08-10T07:58:10","slug":"les-europeens-appellent-a-maintenir-des-mesures-restrictives-contre-la-russie","status":"publish","type":"post","link":"https:\/\/www.europesays.com\/fr\/308990\/","title":{"rendered":"les Europ\u00e9ens appellent \u00e0 maintenir des \u00ab\u00a0mesures restrictives\u00a0\u00bb contre la Russie"},"content":{"rendered":"<p class=\"article-p mdl\">\u00c0 cinq jours du sommet entre Donald Trump et Vladimir Poutine, pr\u00e9vu le vendredi 15 ao\u00fbt, les principaux dirigeants europ\u00e9ens ont appel\u00e9, ce dimanche, \u00e0 <strong>maintenir la pression sur la Russie pour obtenir la paix <\/strong>et ont r\u00e9it\u00e9r\u00e9 leur soutien \u00e0 l&rsquo;Ukraine.<\/p>\n<p class=\"article-p mdl\">Les pr\u00e9sidents russe et am\u00e9ricain doivent\u00a0<a class=\"link\" href=\"https:\/\/www.rtl.fr\/actu\/international\/guerre-en-ukraine-la-rencontre-entre-donald-trump-et-vladimir-poutine-se-fera-15-aout-en-alaska-7900528993\" target=\"_blank\" rel=\"noopener\">se retrouver en Alaska, aux \u00c9tats-Unis<\/a>, dans le cadre des efforts du pr\u00e9sident am\u00e9ricain pour trouver une issue au conflit que la Russie a d\u00e9clench\u00e9 en f\u00e9vrier 2022. Mais cette rencontre bilat\u00e9rale <strong>fait craindre \u00e0 Kiev un accord \u00e0 ses d\u00e9pens<\/strong>.<\/p>\n<p class=\"article-p mdl\">Samedi, le pr\u00e9sident ukrainien Volodymyr Zelensky a exhort\u00e9, lors d&rsquo;une conversation t\u00e9l\u00e9phonique avec le Premier ministre britannique Keir Starmer, ses alli\u00e9s europ\u00e9ens \u00e0 prendre des <strong>\u00ab\u00a0mesures claires\u00a0\u00bb<\/strong>\u00a0pour d\u00e9finir une approche commune, alors que <strong>ces derniers sont aussi \u00e9cart\u00e9s des pourparlers<\/strong>.<\/p>\n<p>            \u00ab\u00a0La voix de la paix ne peut \u00eatre trac\u00e9e sans l&rsquo;Ukraine\u00a0\u00bb<\/p>\n<p class=\"article-p mdl\">Un appel qui a \u00e9t\u00e9 entendu. Dans la nuit de samedi \u00e0 dimanche,\u00a0les principaux dirigeants europ\u00e9ens affirment \u00eatre convaincus que \u00ab\u00a0seule une approche combinant une diplomatie active, <strong>un soutien \u00e0 l&rsquo;Ukraine et une pression sur la F\u00e9d\u00e9ration de Russie\u00a0\u00bb pouvait r\u00e9ussir<\/strong>.<\/p>\n<p class=\"article-p mdl\">Les dirigeants fran\u00e7ais Emmanuel Macron, italienne Giorgia Meloni, allemand\u00a0Friedrich Merz, polonais Donald Tusk, britannique Keir Starmer et finlandais Alex Stubb, ainsi que la pr\u00e9sidente de la Commission europ\u00e9enne Ursula von der Leyen ont <strong>salu\u00e9 \u00ab\u00a0le travail du pr\u00e9sident Trump<\/strong> pour arr\u00eater le massacre en Ukraine\u00a0\u00bb. Ils se sont dits pr\u00eats \u00e0 \u00ab\u00a0soutenir ce travail sur le plan diplomatique\u00a0\u00bb en maintenant le \u00ab\u00a0<strong>soutien militaire et financier substantiel \u00e0 l&rsquo;Ukraine<\/strong>\u00ab\u00a0. Mais ils assurent vouloir maintenir et imposer \u00ab\u00a0des <strong>mesures restrictives \u00e0 l&rsquo;encontre de la F\u00e9d\u00e9ration de Russie<\/strong>\u00ab\u00a0.<\/p>\n<p class=\"article-p mdl\">\u00ab\u00a0La voie de la paix en Ukraine\u00a0<a class=\"link\" href=\"https:\/\/www.rtl.fr\/actu\/international\/rencontre-trump-poutine-l-avenir-de-l-ukraine-ne-peut-se-decider-sans-les-ukrainiens-assure-emmanuel-macron-7900529066\" target=\"_blank\" rel=\"noopener\">ne peut \u00eatre trac\u00e9e sans l&rsquo;Ukraine<\/a>\u00ab\u00a0, ont-ils ajout\u00e9, rappelant leur attachement \u00ab\u00a0au principe selon lequel les <strong>fronti\u00e8res internationales ne doivent pas \u00eatre modifi\u00e9es<\/strong> par la force\u00a0\u00bb et pr\u00e9cisant que \u00ab\u00a0la ligne de contact [ligne de front] actuelle devrait \u00eatre le point de d\u00e9part des n\u00e9gociations\u00a0\u00bb.<\/p>\n<p class=\"article-p mdl\">L&rsquo;initiative de Donald Trump a provoqu\u00e9 une intense activit\u00e9 diplomatique. Le pr\u00e9sident ukrainien a eu des \u00e9changes t\u00e9l\u00e9phoniques avec Emmanuel Macron et le chef du gouvernement espagnol Pedro Sanchez.<\/p>\n<p class=\"article-p mdl\">Le ministre britannique des Affaires \u00e9trang\u00e8res David Lammy a, de son c\u00f4t\u00e9, re\u00e7u samedi \u00e0 Londres le vice-pr\u00e9sident am\u00e9ricain J.D. Vance, le chef de l&rsquo;administration pr\u00e9sidentielle ukrainienne Andri\u00ef Iermak et l&rsquo;ex-ministre ukrainien de la D\u00e9fense Roustem Oumerov, ainsi que les conseillers \u00e0 la s\u00e9curit\u00e9 nationale europ\u00e9ens pour \u00ab\u00a0discuter des prochaines \u00e9tapes vers la paix en Ukraine\u00a0\u00bb.<\/p>\n<p class=\"article-p mdl\">Le pr\u00e9sident br\u00e9silien Luiz In\u00e1cio Lula da Silva a, pour sa part, eu un \u00e9change t\u00e9l\u00e9phonique avec le pr\u00e9sident russe Vladimir Poutine.<\/p>\n<p>            Vers un \u00e9change de territoires ?<\/p>\n<p class=\"article-p mdl\">Car cette rencontre tr\u00e8s attendue se d\u00e9roulera sans Volodymyr Zelensky, qui ne cesse pourtant d&rsquo;exiger d&rsquo;\u00eatre partie prenante.\u00a0\u00ab\u00a0Toute d\u00e9cision qui serait prise contre nous, toute d\u00e9cision qui serait prise sans l&rsquo;Ukraine,\u00a0<a class=\"link\" href=\"https:\/\/www.rtl.fr\/actu\/international\/rencontre-trump-poutine-volodymyr-zelensky-met-en-garde-contre-des-decisions-prises-sans-l-ukraine-7900529011\" target=\"_blank\" rel=\"noopener\"><strong>serait une d\u00e9cision contre la paix<\/strong><\/a>\u00ab\u00a0, a-t-il averti, ajoutant que \u00ab\u00a0les\u00a0<a class=\"link\" href=\"https:\/\/www.rtl.fr\/actu\/international\/rencontre-trump-poutine-zelensky-rejette-tout-compromis-territorial-avant-le-sommet-7900529079\" target=\"_blank\" rel=\"noopener\">Ukrainiens n&rsquo;abandonneront pas leur terre<\/a>\u00a0aux occupants\u00a0\u00bb.<\/p>\n<p>\u00ab\u00a0Il doit y avoir une <strong>fin honn\u00eate \u00e0 cette guerre<\/strong>, et il appartient \u00e0 la Russie de mettre fin \u00e0 la guerre qu&rsquo;elle a commenc\u00e9e\u00a0\u00bb, a insist\u00e9 le pr\u00e9sident ukrainien samedi soir, dans son discours quotidien \u00e0 la population.\u00a0<\/p>\n<p>Selon Donald Trump, un r\u00e8glement du conflit comprendra <strong>des \u00e9changes de territoires \u00ab\u00a0au b\u00e9n\u00e9fice de chacun\u00a0\u00bb<\/strong>.\u00a0\u00ab\u00a0On parle d&rsquo;un territoire sur lequel les combats font rage depuis plus de trois ans et demi [&#8230;], c&rsquo;est compliqu\u00e9\u00a0\u00bb, a-t-il encore dit \u00e0 la Maison Blanche.<\/p>\n<p>Moscou, qui contr\u00f4le actuellement environ 20 % du territoire ukrainien, r\u00e9clame que Kiev lui c\u00e8de quatre r\u00e9gions partiellement occup\u00e9es <strong>(Donetsk, Lougansk, Zaporijjia et Kherson)<\/strong>, en plus de la Crim\u00e9e annex\u00e9e en 2014, et qu&rsquo;elle renonce aux livraisons d&rsquo;armes occidentales et \u00e0 toute adh\u00e9sion \u00e0 l&rsquo;Otan.<\/p>\n<p>Des <strong>exigences inacceptables pour l&rsquo;Ukraine<\/strong>, qui veut le retrait des troupes russes de son territoire et des garanties de s\u00e9curit\u00e9 occidentales, dont la poursuite des livraisons d&rsquo;armes et le d\u00e9ploiement d&rsquo;un contingent europ\u00e9en, ce \u00e0 quoi s&rsquo;oppose la Russie.<\/p>\n<p>Sur le terrain, les <strong>affrontements et frappes meurtri\u00e8res se poursuivent<\/strong> et l&rsquo;arm\u00e9e russe continue d&rsquo;avancer dans l&rsquo;est face \u00e0 un adversaire moins nombreux et moins bien \u00e9quip\u00e9.\u00a0Samedi, le minist\u00e8re russe de la D\u00e9fense a revendiqu\u00e9 la prise de la localit\u00e9 d&rsquo;Iablonivka dans la r\u00e9gion industrielle et mini\u00e8re de Donetsk (est), o\u00f9 se concentre l&rsquo;essentiel des combats.<\/p>\n<p>    La r\u00e9daction vous recommande<\/p>\n<p class=\"s-newsletter__title\">\n                L\u2019actualit\u00e9 par la r\u00e9daction de RTL dans votre bo\u00eete mail.\n            <\/p>\n<p class=\"s-newsletter__subtitle\">\n                Gr\u00e2ce \u00e0 votre compte RTL abonnez-vous \u00e0 la newsletter RTL info pour suivre toute l&rsquo;actualit\u00e9 au quotidien\n            <\/p>\n<p>\n                                    Lire la suite\n                                <\/p>\n","protected":false},"excerpt":{"rendered":"\u00c0 cinq jours du sommet entre Donald Trump et Vladimir Poutine, pr\u00e9vu le vendredi 15 ao\u00fbt, les principaux&hellip;\n","protected":false},"author":2,"featured_media":308991,"comment_status":"","ping_status":"","sticky":false,"template":"","format":"standard","meta":{"footnotes":""},"categories":[1591],"tags":[11,672,75,1073,73,1887,107,219,131,14,452,12,2437,473,1885,1886,132,220,135,134],"class_list":{"0":"post-308990","1":"post","2":"type-post","3":"status-publish","4":"format-standard","5":"has-post-thumbnail","7":"category-russie","8":"tag-actualites","9":"tag-allemagne","10":"tag-donald-trump","11":"tag-emmanuel-macron","12":"tag-etats-unis","13":"tag-federation-de-russie","14":"tag-fil-info","15":"tag-finlande","16":"tag-guerre-en-ukraine","17":"tag-international","18":"tag-italie","19":"tag-news","20":"tag-pologne","21":"tag-royaume-uni","22":"tag-russia","23":"tag-russian-federation","24":"tag-russie","25":"tag-ukraine","26":"tag-vladimir-poutine","27":"tag-volodymyr-zelensky"},"share_on_mastodon":{"url":"https:\/\/pubeurope.com\/@fr\/115003412037038156","error":""},"_links":{"self":[{"href":"https:\/\/www.europesays.com\/fr\/wp-json\/wp\/v2\/posts\/308990","targetHints":{"allow":["GET"]}}],"collection":[{"href":"https:\/\/www.europesays.com\/fr\/wp-json\/wp\/v2\/posts"}],"about":[{"href":"https:\/\/www.europesays.com\/fr\/wp-json\/wp\/v2\/types\/post"}],"author":[{"embeddable":true,"href":"https:\/\/www.europesays.com\/fr\/wp-json\/wp\/v2\/users\/2"}],"replies":[{"embeddable":true,"href":"https:\/\/www.europesays.com\/fr\/wp-json\/wp\/v2\/comments?post=308990"}],"version-history":[{"count":0,"href":"https:\/\/www.europesays.com\/fr\/wp-json\/wp\/v2\/posts\/308990\/revisions"}],"wp:featuredmedia":[{"embeddable":true,"href":"https:\/\/www.europesays.com\/fr\/wp-json\/wp\/v2\/media\/308991"}],"wp:attachment":[{"href":"https:\/\/www.europesays.com\/fr\/wp-json\/wp\/v2\/media?parent=308990"}],"wp:term":[{"taxonomy":"category","embeddable":true,"href":"https:\/\/www.europesays.com\/fr\/wp-json\/wp\/v2\/categories?post=308990"},{"taxonomy":"post_tag","embeddable":true,"href":"https:\/\/www.europesays.com\/fr\/wp-json\/wp\/v2\/tags?post=308990"}],"curies":[{"name":"wp","href":"https:\/\/api.w.org\/{rel}","templated":true}]}}