{"id":308994,"date":"2025-08-10T08:00:13","date_gmt":"2025-08-10T08:00:13","guid":{"rendered":"https:\/\/www.europesays.com\/fr\/308994\/"},"modified":"2025-08-10T08:00:13","modified_gmt":"2025-08-10T08:00:13","slug":"une-responsable-de-la-fed-favorable-a-trois-baisses-des-taux-dinteret-dici-fin-decembre","status":"publish","type":"post","link":"https:\/\/www.europesays.com\/fr\/308994\/","title":{"rendered":"une responsable de la Fed favorable \u00e0 trois baisses des taux d\u2019int\u00e9r\u00eat d&rsquo;ici fin d\u00e9cembre"},"content":{"rendered":"<p class=\"fig-paragraph\">Une responsable de la R\u00e9serve f\u00e9d\u00e9rale (Fed), qui s&rsquo;est oppos\u00e9e r\u00e9cemment au\u00a0<a href=\"http:\/\/www.lefigaro.fr\/conjoncture\/la-fed-maintient-ses-taux-d-interet-inchanges-au-grand-dam-de-donald-trump-20250730\" target=\"_blank\" data-fig-type=\"NewsFlash\" rel=\"noopener nofollow\" data-gtm-custom-categorie=\"navigation\" data-gtm-custom-action=\"crossclick\" data-gtm-custom-label=\"Contextuel\" data-gtm-event=\"customEventSPE\" data-fig-domain=\"LEFIGARO\">statu quo sur les taux d&rsquo;int\u00e9r\u00eat am\u00e9ricains<\/a>, estime samedi que l&rsquo;institution mon\u00e9taire devrait \u00eatre \u00abproactive\u00bb pour pr\u00e9server l&#8217;emploi aux \u00c9tats-Unis et baisser les taux trois fois dans les mois \u00e0 venir. \u00abUne approche proactive (&#8230;) permettrait d&rsquo;\u00e9viter une d\u00e9gradation suppl\u00e9mentaire des conditions du march\u00e9 du travail\u00bb, affirme Michelle Bowman dans un discours devant \u00eatre prononc\u00e9 dans le Colorado, selon le texte communiqu\u00e9 \u00e0 l&rsquo;avance \u00e0 des journalistes.<\/p>\n<p class=\"fig-paragraph\">Elle ajoute qu&rsquo;elle pr\u00e9voit toujours trois baisses des taux de la Fed pour 2025, sachant qu&rsquo;aucune n&rsquo;a encore eu lieu et qu&rsquo;il reste trois r\u00e9unions programm\u00e9es d&rsquo;ici la fin de l&rsquo;ann\u00e9e. Vice-pr\u00e9sidente de la banque centrale des \u00c9tats-Unis, charg\u00e9e de la r\u00e9gulation bancaire, Michelle Bowman s&rsquo;est distingu\u00e9e la semaine derni\u00e8re en s&rsquo;opposant \u00e0 la majorit\u00e9 de ses coll\u00e8gues lors de la r\u00e9union de politique mon\u00e9taire. Le gouverneur Christopher Waller a aussi vot\u00e9 contre la d\u00e9cision de laisser les taux d&rsquo;int\u00e9r\u00eat inchang\u00e9s pour la cinqui\u00e8me fois de suite.<\/p>\n<p>                                    <a class=\"fig-a11y-skip a11y-hidden\" href=\"#fig-a11y-skip-main-inarticle\"><br \/>\n        Passer la publicit\u00e9<br \/>\n    <\/a><\/p>\n<p>Des risques pesant sur l\u2019emploi<\/p>\n<p class=\"fig-paragraph\">Tous deux, qui ont \u00e9t\u00e9 nomm\u00e9s \u00e0 la Fed par le pr\u00e9sident Donald Trump pendant son premier mandat, ont plaid\u00e9 pour une baisse d&rsquo;un quart de point de pourcentage pour donner un coup de pouce \u00e0 l&rsquo;activit\u00e9 \u00e9conomique. Dans son discours, Michelle Bowman explique qu&rsquo;elle avait rep\u00e9r\u00e9 des \u00absignes de fragilit\u00e9\u00bb sur le march\u00e9 du travail. Ceux-ci se sont depuis \u00abagrandis\u00bb, selon elle.<\/p>\n<p class=\"fig-paragraph\">Deux jours apr\u00e8s la r\u00e9union de la R\u00e9serve f\u00e9d\u00e9rale, le rapport mensuel sur l&#8217;emploi aux \u00c9tats-Unis a d\u00e9clench\u00e9 une d\u00e9flagration dans les milieux \u00e9conomiques, avec des cr\u00e9ations d&#8217;emplois faibles et des r\u00e9visions de donn\u00e9es importantes tendant \u00e0 montrer que le march\u00e9 du travail va bien moins bien qu&rsquo;escompt\u00e9. Le pr\u00e9sident Donald Trump a limog\u00e9 l&rsquo;\u00e9conomiste supervisant la publication, estimant que les chiffres avaient \u00e9t\u00e9 \u00abmanipul\u00e9s\u00bb \u00e0 des fins politiques, pour lui nuire.<\/p>\n<p class=\"fig-paragraph\">Michelle Bowman ne va pas sur ce terrain, tout en regrettant que les rapports sur l&#8217;emploi soient devenus moins fiables \u00abces derni\u00e8res ann\u00e9es\u00bb. Elle consid\u00e8re que les risques pesant sur l&#8217;emploi sont d\u00e9sormais plus importants que ceux li\u00e9s \u00e0 la hausse du co\u00fbt de la vie. Elle r\u00e9p\u00e8te \u00e0 plusieurs reprises que les nouveaux droits de douane mis en place par l&rsquo;ex\u00e9cutif am\u00e9ricain devraient avoir un impact seulement temporaire sur l&rsquo;inflation. Elle pense ainsi \u00abque l&rsquo;inflation reviendra \u00e0 2% quand ces effets se dissiperont\u00bb.<\/p>\n","protected":false},"excerpt":{"rendered":"Une responsable de la R\u00e9serve f\u00e9d\u00e9rale (Fed), qui s&rsquo;est oppos\u00e9e r\u00e9cemment au\u00a0statu quo sur les taux d&rsquo;int\u00e9r\u00eat am\u00e9ricains,&hellip;\n","protected":false},"author":2,"featured_media":308995,"comment_status":"","ping_status":"","sticky":false,"template":"","format":"standard","meta":{"footnotes":""},"categories":[1589],"tags":[11,73,1866,12,10796,1864,1865,1863,308],"class_list":{"0":"post-308994","1":"post","2":"type-post","3":"status-publish","4":"format-standard","5":"has-post-thumbnail","7":"category-etats-unis","8":"tag-actualites","9":"tag-etats-unis","10":"tag-etats-unis-damerique","11":"tag-news","12":"tag-taux-dinteret","13":"tag-united-states","14":"tag-united-states-of-america","15":"tag-us","16":"tag-usa"},"share_on_mastodon":{"url":"https:\/\/pubeurope.com\/@fr\/115003419800125311","error":""},"_links":{"self":[{"href":"https:\/\/www.europesays.com\/fr\/wp-json\/wp\/v2\/posts\/308994","targetHints":{"allow":["GET"]}}],"collection":[{"href":"https:\/\/www.europesays.com\/fr\/wp-json\/wp\/v2\/posts"}],"about":[{"href":"https:\/\/www.europesays.com\/fr\/wp-json\/wp\/v2\/types\/post"}],"author":[{"embeddable":true,"href":"https:\/\/www.europesays.com\/fr\/wp-json\/wp\/v2\/users\/2"}],"replies":[{"embeddable":true,"href":"https:\/\/www.europesays.com\/fr\/wp-json\/wp\/v2\/comments?post=308994"}],"version-history":[{"count":0,"href":"https:\/\/www.europesays.com\/fr\/wp-json\/wp\/v2\/posts\/308994\/revisions"}],"wp:featuredmedia":[{"embeddable":true,"href":"https:\/\/www.europesays.com\/fr\/wp-json\/wp\/v2\/media\/308995"}],"wp:attachment":[{"href":"https:\/\/www.europesays.com\/fr\/wp-json\/wp\/v2\/media?parent=308994"}],"wp:term":[{"taxonomy":"category","embeddable":true,"href":"https:\/\/www.europesays.com\/fr\/wp-json\/wp\/v2\/categories?post=308994"},{"taxonomy":"post_tag","embeddable":true,"href":"https:\/\/www.europesays.com\/fr\/wp-json\/wp\/v2\/tags?post=308994"}],"curies":[{"name":"wp","href":"https:\/\/api.w.org\/{rel}","templated":true}]}}