{"id":308996,"date":"2025-08-10T08:01:12","date_gmt":"2025-08-10T08:01:12","guid":{"rendered":"https:\/\/www.europesays.com\/fr\/308996\/"},"modified":"2025-08-10T08:01:12","modified_gmt":"2025-08-10T08:01:12","slug":"royaume-uni-la-police-arrete-466-personnes-lors-dune-manifestation-de-palestine-action-a-londres","status":"publish","type":"post","link":"https:\/\/www.europesays.com\/fr\/308996\/","title":{"rendered":"Royaume-Uni: la police arr\u00eate 466 personnes lors d\u2019une manifestation de Palestine Action \u00e0 Londres"},"content":{"rendered":"<p textalign=\"left\" class=\"\">Des critiques estiment que l\u2019interdiction visant ce groupe militant \u00e9touffe la libert\u00e9 d\u2019expression et de r\u00e9union, et qu\u2019elle vise \u00e0 restreindre les manifestations pro-palestiniennes.<\/p>\n<p textalign=\"left\" class=\"\">La police de Londres a interpell\u00e9 plus de 466 personnes qui protestaient contre la d\u00e9cision du Royaume-Uni d\u2019interdire le groupe Palestine Action, soit la plus importante vague d\u2019arrestations collectives jamais effectu\u00e9e lors d\u2019une seule manifestation dans la capitale britannique.<\/p>\n<p textalign=\"left\" class=\"\">Les arrestations sont intervenues apr\u00e8s que des centaines de personnes se sont rassembl\u00e9es samedi \u00e0 Parliament Square, \u00e0 Londres, pour d\u00e9noncer la guerre d\u2019Isra\u00ebl contre Gaza et brandir des pancartes portant le message : \u201cJe m\u2019oppose au g\u00e9nocide. Je soutiens Palestine Action\u201d.<\/p>\n<p textalign=\"left\" class=\"\"><strong>\u201cNe touchez pas \u00e0 Gaza !\u201d<\/strong><\/p>\n<p textalign=\"left\" class=\"\">Des vid\u00e9os publi\u00e9es en ligne montraient les manifestants assis par terre, certains scandant : \u201cHands off Gaza !\u201d (Ne touchez pas \u00e0 Gaza !). Les images montraient \u00e9galement la police emmenant de force des protestataires, tandis que la foule lan\u00e7ait aux agents : \u201cShame on you !\u201d (Honte \u00e0 vous !).<\/p>\n<p textalign=\"left\" class=\"\">Dans un communiqu\u00e9 publi\u00e9 sur X, la police m\u00e9tropolitaine a indiqu\u00e9 que 466 manifestants avaient \u00e9t\u00e9 arr\u00eat\u00e9s \u00e0 Parliament Square avant 21h (heure locale)\u00a0 \u201cpour avoir exprim\u00e9 leur soutien \u00e0 Palestine Action\u201d. Huit autres personnes ont \u00e9t\u00e9 interpell\u00e9es pour d\u2019autres infractions, dont cinq pour agression contre des agents.<\/p>\n<p textalign=\"left\" class=\"\">Le groupe organisateur de la manifestation, Defend Our Juries, a d\u00e9clar\u00e9 sur X qu\u2019environ 800 personnes avaient brandi des pancartes, et que l\u2019arrestation de plus de la moiti\u00e9 d\u2019entre elles constituait \u201cla plus importante arrestation collective jamais effectu\u00e9e par la police m\u00e9tropolitaine lors d\u2019une seule manifestation\u201d.<\/p>\n<p textalign=\"left\" class=\"\">Il a ajout\u00e9 : \u201cLe peuple s\u2019oppose collectivement au g\u00e9nocide \u00e0 Gaza et \u00e0 l\u2019interdiction de Palestine Action\u201d.\u00a0<\/p>\n<p textalign=\"left\" class=\"\">Cette mobilisation s\u2019inscrit dans une s\u00e9rie de manifestations d\u00e9non\u00e7ant l\u2019interdiction de Palestine Action d\u00e9cid\u00e9e par le gouvernement britannique en vertu de la loi contre le terrorisme. L\u2019interdiction est intervenue apr\u00e8s que des membres du groupe ont p\u00e9n\u00e9tr\u00e9 sur une base a\u00e9rienne militaire en juin et endommag\u00e9 deux avions.<\/p>\n<p textalign=\"left\" class=\"\">\u00a0<strong>Cons\u00e9quences r\u00e9pressives<\/strong><\/p>\n","protected":false},"excerpt":{"rendered":"Des critiques estiment que l\u2019interdiction visant ce groupe militant \u00e9touffe la libert\u00e9 d\u2019expression et de r\u00e9union, et qu\u2019elle&hellip;\n","protected":false},"author":2,"featured_media":308997,"comment_status":"","ping_status":"","sticky":false,"template":"","format":"standard","meta":{"footnotes":""},"categories":[1588],"tags":[11,1777,674,12,473,1853,1851,1850,1852],"class_list":{"0":"post-308996","1":"post","2":"type-post","3":"status-publish","4":"format-standard","5":"has-post-thumbnail","7":"category-royaume-uni","8":"tag-actualites","9":"tag-eu","10":"tag-europe","11":"tag-news","12":"tag-royaume-uni","13":"tag-royaume-uni-de-grande-bretagne-et-dirlande-du-nord","14":"tag-uk","15":"tag-united-kingdom","16":"tag-united-kingdom-of-great-britain-and-northern-ireland"},"share_on_mastodon":{"url":"https:\/\/pubeurope.com\/@fr\/115003423673350230","error":""},"_links":{"self":[{"href":"https:\/\/www.europesays.com\/fr\/wp-json\/wp\/v2\/posts\/308996","targetHints":{"allow":["GET"]}}],"collection":[{"href":"https:\/\/www.europesays.com\/fr\/wp-json\/wp\/v2\/posts"}],"about":[{"href":"https:\/\/www.europesays.com\/fr\/wp-json\/wp\/v2\/types\/post"}],"author":[{"embeddable":true,"href":"https:\/\/www.europesays.com\/fr\/wp-json\/wp\/v2\/users\/2"}],"replies":[{"embeddable":true,"href":"https:\/\/www.europesays.com\/fr\/wp-json\/wp\/v2\/comments?post=308996"}],"version-history":[{"count":0,"href":"https:\/\/www.europesays.com\/fr\/wp-json\/wp\/v2\/posts\/308996\/revisions"}],"wp:featuredmedia":[{"embeddable":true,"href":"https:\/\/www.europesays.com\/fr\/wp-json\/wp\/v2\/media\/308997"}],"wp:attachment":[{"href":"https:\/\/www.europesays.com\/fr\/wp-json\/wp\/v2\/media?parent=308996"}],"wp:term":[{"taxonomy":"category","embeddable":true,"href":"https:\/\/www.europesays.com\/fr\/wp-json\/wp\/v2\/categories?post=308996"},{"taxonomy":"post_tag","embeddable":true,"href":"https:\/\/www.europesays.com\/fr\/wp-json\/wp\/v2\/tags?post=308996"}],"curies":[{"name":"wp","href":"https:\/\/api.w.org\/{rel}","templated":true}]}}