{"id":30901,"date":"2025-04-17T05:28:10","date_gmt":"2025-04-17T05:28:10","guid":{"rendered":"https:\/\/www.europesays.com\/fr\/30901\/"},"modified":"2025-04-17T05:28:10","modified_gmt":"2025-04-17T05:28:10","slug":"etrangle-par-les-couts-un-refuge-pour-chevaux-contraint-de-quitter-la-cote-dazur-pour-la-saone-et-loire","status":"publish","type":"post","link":"https:\/\/www.europesays.com\/fr\/30901\/","title":{"rendered":"\u00e9trangl\u00e9 par les co\u00fbts, un refuge pour chevaux contraint de quitter la C\u00f4te d\u2019Azur pour la Sa\u00f4ne-et-Loire"},"content":{"rendered":"<p>L\u2019association Cheval libre 06 n\u2019a plus les moyens de louer son terrain ni\u00e7ois \u00e0 1600 euros par mois qu\u2019elle occupe depuis pr\u00e8s de dix ans. Malgr\u00e9 d\u2019\u00e2pres n\u00e9gociations avec la propri\u00e9taire, le refuge et ses 19 \u00e9quid\u00e9s sont contraints de plier bagage.<\/p>\n<p class=\"fig-paragraph\">Voil\u00e0 neuf ans que l\u2019association Cheval libre 06 vient en aide aux \u00e9quid\u00e9s de la C\u00f4te d\u2019Azur. Install\u00e9 \u00e0\u00a0<a href=\"http:\/\/www.lefigaro.fr\/nice\/au-marineland-d-antibes-l-introuvable-solution-pour-les-orques-et-dauphins-apres-le-refus-inattendu-de-l-espagne-20250414\" data-fig-type=\"NewsFlash\" data-gtm-custom-categorie=\"navigation\" data-gtm-custom-action=\"crossclick\" data-gtm-custom-label=\"Contextuel\" data-gtm-event=\"customEventSPE\" data-fig-domain=\"LEFIGARO\" target=\"_blank\" rel=\"noopener\">Nice\u00a0<\/a>(Alpes-Maritimes), le refuge accueille et prend en charge les chevaux abandonn\u00e9s, maltrait\u00e9s ou \u00e0 la retraite apr\u00e8s une carri\u00e8re sur les champs de courses. 19 d\u2019entre eux coulent ainsi des jours heureux sur une parcelle agricole de 9500 m\u00e8tres carr\u00e9s du c\u00f4t\u00e9 de\u00a0<a href=\"http:\/\/www.lefigaro.fr\/nice\/souverainete-alimentaire-a-nice-un-appel-a-candidatures-pour-l-exploitation-d-un-terrain-agricole-20240309\" data-fig-type=\"NewsFlash\" data-gtm-custom-categorie=\"navigation\" data-gtm-custom-action=\"crossclick\" data-gtm-custom-label=\"Contextuel\" data-gtm-event=\"customEventSPE\" data-fig-domain=\"LEFIGARO\" target=\"_blank\" rel=\"noopener\">Saint Isidore<\/a>, \u00e0 l\u2019ouest de la capitale azur\u00e9enne.<\/p>\n<p class=\"fig-paragraph\">C\u2019est pourtant \u00e0 plus de 600 kilom\u00e8tres de l\u00e0, en\u00a0<a href=\"http:\/\/www.lefigaro.fr\/flash-actu\/saone-et-loire-le-conseil-constitutionnel-annule-l-election-du-depute-rn-arnaud-sanvert-20250307\" data-fig-type=\"NewsFlash\" data-gtm-custom-categorie=\"navigation\" data-gtm-custom-action=\"crossclick\" data-gtm-custom-label=\"Contextuel\" data-gtm-event=\"customEventSPE\" data-fig-domain=\"LEFIGARO\" target=\"_blank\" rel=\"noopener\">Sa\u00f4ne-et-Loire<\/a>, qu\u2019ils vont \u00eatre prochainement transf\u00e9r\u00e9s. Et pour cause, l\u2019association n\u2019a plus les moyens d\u2019occuper son terrain, dont le loyer s\u2019\u00e9l\u00e8ve \u00e0 1600 euros par mois. Malgr\u00e9 d\u2019\u00e2pres n\u00e9gociations avec la propri\u00e9taire, le refuge s\u2019est vu contraint de plier bagage. \u00abCela fait neuf ans qu\u2019on est dans la pr\u00e9carit\u00e9, avec un bail renouvel\u00e9 tous les neuf mois. On esp\u00e9rait obtenir un bail agricole nous permettant de p\u00e9renniser les choses avec des tarifs corrects, en vain\u00bb, observe la pr\u00e9sidente de l\u2019association, Fr\u00e9d\u00e9rique Boutard.<\/p>\n<p>Urbanisation et explosion des prix<\/p>\n<p class=\"fig-paragraph\">La recherche d\u2019un autre terrain dans les alentours n\u2019a, elle non plus, rien donn\u00e9. \u00abIci, c\u2019est mort. Les immeubles poussent \u00e0 vitesse grand V sur le moindre morceau de terrain. Je ne me fais pas d\u2019illusion sur le sort r\u00e9serv\u00e9 \u00e0 la parcelle qu\u2019on occupe une fois qu\u2019on sera parti. Et ailleurs, sur la C\u00f4te d\u2019Azur tout est exorbitant au niveau des prix. On n\u2019est malheureusement pas dans une r\u00e9gion pour les chevaux\u00bb, poursuit Fr\u00e9d\u00e9rique.<\/p>\n<p class=\"fig-paragraph\">C\u2019est donc sur les terres familiales de 14 hectares, \u00e0 Rancy (Sa\u00f4ne-et-Loire), que cette derni\u00e8re a d\u00e9cid\u00e9 d\u2019\u00e9tablir son refuge. \u00abC\u2019est en fait d\u00e9j\u00e0 une annexe pour l\u2019association. On a envoy\u00e9 l\u00e0-bas 14 chevaux que nous ne pouvions pas prendre en place \u00e0 Nice, faute de place\u00bb, d\u00e9veloppe-t-elle. Ils seront donc rejoints d\u2019ici le mois de juin par la vingtaine d\u2019\u00e9quid\u00e9s qui occupe actuellement les box de Saint Isidore. \u00abOn va devoir faire quatre allers-retours pour tous les emmener\u00bb, d\u00e9taille Fr\u00e9d\u00e9rique. Un transfert estim\u00e9 \u00e0 6400 euros et pour lequel cette derni\u00e8re sollicite une aide financi\u00e8re.<\/p>\n<p class=\"fig-paragraph\">En amoureuse des cheveux, la responsable assure toutefois qu\u2019elle continuera, m\u00eame apr\u00e8s le grand d\u00e9part, de prendre en charge des chevaux azur\u00e9ens. \u00abIl y en a tellement qui sont en difficult\u00e9 dans la r\u00e9gion&#8230; Et souvent \u00e0 cause des probl\u00e8mes financiers de leurs propri\u00e9taires. \u00c0 Nice, tout est en moyenne quatre fois plus cher qu\u2019ailleurs. Pour mettre un cheval au box, il faut compter 800 euros par mois. Deux mois et demi de foin \u00e0 Rancy m\u2019ont co\u00fbt\u00e9 1000 euros, ici c\u2019est en moyenne 1200 euros par semaine\u00a0!\u00bb, d\u00e9plore-t-elle. Et les refuges ne sont pas nombreux dans le secteur. \u00abIl y en a un tout petit qui est en train lui aussi de perdre ses terres \u00e0 La Gaude, pr\u00e8s de Vence, et un autre \u00e0 Saint-C\u00e9zaire-sur-Siagne qui a \u00e9t\u00e9 deux fois\u00a0<a href=\"http:\/\/www.lefigaro.fr\/actualite-france\/des-agneaux-de-pres-sales-victimes-d-une-attaque-de-loup-en-baie-du-mont-saint-michel-20250204\" data-fig-type=\"Article\" data-gtm-custom-categorie=\"navigation\" data-gtm-custom-action=\"crossclick\" data-gtm-custom-label=\"Contextuel\" data-gtm-event=\"customEventSPE\" data-fig-domain=\"LEFIGARO\" target=\"_blank\" rel=\"noopener\">victime du loup<\/a> \u00a0cet hiver. \u00c0 tel point qu\u2019on a r\u00e9cup\u00e9r\u00e9 deux de leurs chevaux\u00bb, conclut Fr\u00e9d\u00e9rique.<\/p>\n","protected":false},"excerpt":{"rendered":"L\u2019association Cheval libre 06 n\u2019a plus les moyens de louer son terrain ni\u00e7ois \u00e0 1600 euros par mois&hellip;\n","protected":false},"author":2,"featured_media":30902,"comment_status":"","ping_status":"","sticky":false,"template":"","format":"standard","meta":{"footnotes":""},"categories":[2819],"tags":[1111,11,2898,2829,2971,2972,2621,2973,2974,1777,674,2975,1011,27,2969,2970,2987,2980,12,2401,2897,2976,2977,2978,2985,2986,2979,2981,2982,2983,2984,2991,2992,2993,2994,2996,2997,2998,2999,3000,3001,3002,2995,3003,3004,3005,3007,2268,10595,882,25,2988,2989,2990,2968,3006],"class_list":{"0":"post-30901","1":"post","2":"type-post","3":"status-publish","4":"format-standard","5":"has-post-thumbnail","7":"category-nice","8":"tag-actu","9":"tag-actualites","10":"tag-alpes-maritimes","11":"tag-baumettes","12":"tag-carabacel","13":"tag-caucade","14":"tag-chevaux","15":"tag-cimiez","16":"tag-cremat","17":"tag-eu","18":"tag-europe","19":"tag-fabron","20":"tag-fr","21":"tag-france","22":"tag-larenas","23":"tag-lariane","24":"tag-le-ray","25":"tag-lingostiere","26":"tag-news","27":"tag-nice","28":"tag-nice-cote-dazur","29":"tag-nice-gairaut","30":"tag-nice-gambetta","31":"tag-nice-jean-medecin","32":"tag-nice-le-piol","33":"tag-nice-le-port","34":"tag-nice-liberation","35":"tag-nice-magnan","36":"tag-nice-mantega-mont-boron","37":"tag-nice-pasteur","38":"tag-nice-pessicart","39":"tag-nice-rue-de-france","40":"tag-nice-saint-antoine","41":"tag-nice-saint-augustin","42":"tag-nice-saint-isidore","43":"tag-nice-saint-maurice","44":"tag-nice-saint-pancrace","45":"tag-nice-saint-philippe","46":"tag-nice-saint-pierre-de-feric","47":"tag-nice-saint-roch","48":"tag-nice-saint-roman-de-bellet","49":"tag-nice-saint-sylvestre","50":"tag-nice-sainte-marguerite","51":"tag-nice-thiers","52":"tag-nice-ventabrun","53":"tag-nice-vernier","54":"tag-nice-vinaigrier","55":"tag-ogc-nice","56":"tag-protection-animale","57":"tag-provence-alpes-cote-dazur","58":"tag-republique-francaise","59":"tag-rimiez","60":"tag-riquier","61":"tag-roquebilliere","62":"tag-sud-est","63":"tag-vieux-nice"},"share_on_mastodon":{"url":"","error":"Validation failed: Text character limit of 500 exceeded"},"_links":{"self":[{"href":"https:\/\/www.europesays.com\/fr\/wp-json\/wp\/v2\/posts\/30901","targetHints":{"allow":["GET"]}}],"collection":[{"href":"https:\/\/www.europesays.com\/fr\/wp-json\/wp\/v2\/posts"}],"about":[{"href":"https:\/\/www.europesays.com\/fr\/wp-json\/wp\/v2\/types\/post"}],"author":[{"embeddable":true,"href":"https:\/\/www.europesays.com\/fr\/wp-json\/wp\/v2\/users\/2"}],"replies":[{"embeddable":true,"href":"https:\/\/www.europesays.com\/fr\/wp-json\/wp\/v2\/comments?post=30901"}],"version-history":[{"count":0,"href":"https:\/\/www.europesays.com\/fr\/wp-json\/wp\/v2\/posts\/30901\/revisions"}],"wp:featuredmedia":[{"embeddable":true,"href":"https:\/\/www.europesays.com\/fr\/wp-json\/wp\/v2\/media\/30902"}],"wp:attachment":[{"href":"https:\/\/www.europesays.com\/fr\/wp-json\/wp\/v2\/media?parent=30901"}],"wp:term":[{"taxonomy":"category","embeddable":true,"href":"https:\/\/www.europesays.com\/fr\/wp-json\/wp\/v2\/categories?post=30901"},{"taxonomy":"post_tag","embeddable":true,"href":"https:\/\/www.europesays.com\/fr\/wp-json\/wp\/v2\/tags?post=30901"}],"curies":[{"name":"wp","href":"https:\/\/api.w.org\/{rel}","templated":true}]}}