{"id":309026,"date":"2025-08-10T08:18:22","date_gmt":"2025-08-10T08:18:22","guid":{"rendered":"https:\/\/www.europesays.com\/fr\/309026\/"},"modified":"2025-08-10T08:18:22","modified_gmt":"2025-08-10T08:18:22","slug":"le-premier-musee-darchitecture-brutaliste-au-monde-ouvrira-ses-portes-en-2028","status":"publish","type":"post","link":"https:\/\/www.europesays.com\/fr\/309026\/","title":{"rendered":"Le premier mus\u00e9e d&rsquo;architecture brutaliste au monde ouvrira ses portes en 2028"},"content":{"rendered":"<p>Le Museum of Brutalist Architecture sera le premier mus\u00e9e brutaliste du monde<\/p>\n<p>C\u2019est une premi\u00e8re mondiale. En 2028, <a href=\"https:\/\/www.admagazine.fr\/adadresses\/article\/londres-hotels-restaurants-expositions-adresses\" rel=\"nofollow noopener\" target=\"_blank\">Londres<\/a> accueillera le tout premier mus\u00e9e consacr\u00e9 exclusivement \u00e0 l\u2019architecture brutaliste. Baptis\u00e9 Museum of Brutalist Architecture (MoBA), ce projet in\u00e9dit verra le jour dans un b\u00e2timent embl\u00e9matique du mouvement, l\u2019Assembly Hall de l\u2019Acland Burghley School, situ\u00e9 dans le quartier de Camden. Quartier r\u00e9put\u00e9 pour son ambiance arty, sa culture rock et punk et ses march\u00e9s anim\u00e9s.<\/p>\n<p>Port\u00e9 par l\u2019association Urban Learners (qui est une organisation \u00e9ducative et de design \u00e0 but non lucratif fond\u00e9e en 2018) le MoBA entend devenir un centre d\u2019interpr\u00e9tation d\u00e9di\u00e9 \u00e0 ce courant architectural singulier de l\u2019apr\u00e8s-guerre, souvent d\u00e9cri\u00e9 mais en pleine r\u00e9habilitation culturelle.<\/p>\n<p>Le quartier de Camden o\u00f9 sera le premier mus\u00e9e d&rsquo;architecture brutaliste du monde.<\/p>\n<p>Jui-Chi Chan &#8211; Getty Images<\/p>\n<p>Un \u00e9crin brutaliste dans un mus\u00e9e embl\u00e9matique<\/p>\n<p>Le choix du lieu n&rsquo;est pas un hasard. Construit en 1968 par le cabinet Howell, Killick, Partridge &amp; Amis (HKPA), l&rsquo;Assembly Hall de l&rsquo;Alcland Burghley School est <a href=\"https:\/\/www.admagazine.fr\/architecture\/balade\/diaporama\/architecture-le-retour-du-brutalisme\/43465\" rel=\"nofollow noopener\" target=\"_blank\">un exemple majeur de brutalisme<\/a> britannique. Ce b\u00e2timent hexagonal aux lignes anguleuses et aux <a href=\"https:\/\/www.admagazine.fr\/decoration\/inspiration-deco\/diaporama\/le-beton-plus-quune-inspiration\/60318\" rel=\"nofollow noopener\" target=\"_blank\">fa\u00e7ades imposantes<\/a> fait partie de la derni\u00e8re \u00e9cole brutaliste encore debout \u00e0 Londres.<\/p>\n<p>Un projet \u00e0 2,9 millions d&rsquo;euros<\/p>\n<p>L\u2019id\u00e9e de transformer ce b\u00e2timent en mus\u00e9e est n\u00e9e en 2021, \u00e0 la suite d\u2019un appel \u00e0 projets lanc\u00e9 par le Camden Council. Une premi\u00e8re phase a permis de valider la faisabilit\u00e9 du projet et de s\u00e9lectionner les architectes de Reed Watts Architects, agence londonienne. Ce chantier, estim\u00e9 \u00e0 2,9 millions d&rsquo;euros verra sa construction d\u00e9buter en 2026 et devrait s&rsquo;achever en 2027, pour une ouverture au public en 2028.<\/p>\n<p>Le b\u00e2timent, \u00e9tant class\u00e9 depuis presque 10 ans, impose de nombreuses contraintes techniques importantes, comme pr\u00e9server l&rsquo;architecture d&rsquo;origine tout en s&rsquo;adaptant aux normes actuelles.<\/p>\n<p>Couloir du MoBa imagin\u00e9 par l&rsquo;agence Reed Watts<\/p>\n<p>Un regain d&rsquo;inter\u00eat pour le brutalisme<\/p>\n<p>Longtemps m\u00e9pris\u00e9e, consid\u00e9r\u00e9e comme froide et massive, l\u2019architecture brutaliste conna\u00eet depuis quelques ann\u00e9es un regain d\u2019int\u00e9r\u00eat. Ce style, popularis\u00e9 entre les ann\u00e9es 1950 et 1970, avec des \u0153uvres de <a href=\"https:\/\/www.admagazine.fr\/adinspiration\/article\/le-corbusier-citations-inspirantes\" rel=\"nofollow noopener\" target=\"_blank\">Le Corbusier<\/a>, <a href=\"https:\/\/www.admagazine.fr\/article\/architecture-marcel-breuer-projets-emblematiques\" rel=\"nofollow noopener\" target=\"_blank\">Marcel Breuer<\/a>, Denys Lasdun ou encore Alison et Peter Smithson, revient aujourd\u2019hui sur le devant de la sc\u00e8ne, port\u00e9 par une nouvelle g\u00e9n\u00e9ration de passionn\u00e9s. Le MoBA s\u2019inscrit pleinement dans ce mouvement de r\u00e9habilitation patrimoniale, en offrant enfin un lieu permanent d\u00e9di\u00e9 \u00e0 l\u2019\u00e9tude, la valorisation et la transmission de <a href=\"https:\/\/www.admagazine.fr\/article\/plus-belles-maisons-brutalistes-du-monde\" rel=\"nofollow noopener\" target=\"_blank\">l\u2019esth\u00e9tique brutaliste<\/a>.<\/p>\n<p>Un nouveau lieu incontournable<\/p>\n<p>En plus d\u2019abriter une exposition permanente sur le brutalisme, le mus\u00e9e proposera des \u00e9v\u00e9nements culturels, des conf\u00e9rences, et des programmes p\u00e9dagogiques \u00e0 destination du grand public. L\u2019objectif est clair : d\u00e9passer les clich\u00e9s, ouvrir le d\u00e9bat, et faire red\u00e9couvrir un <a href=\"https:\/\/www.admagazine.fr\/article\/apprenez-reconnaitre-style-architectural\" rel=\"nofollow noopener\" target=\"_blank\">courant architectural<\/a> qui a profond\u00e9ment marqu\u00e9 le paysage urbain du XXe si\u00e8cle.<\/p>\n<p>Avec le MoBA, Camden s\u2019appr\u00eate \u00e0 devenir une nouvelle destination incontournable pour les amateurs d\u2019architecture du monde entier.<\/p>\n<p>La biblioth\u00e8que Geisel \u00e0 San Diego<\/p>\n<p>Photo: Sherry Smith\/Getty Images<\/p>\n","protected":false},"excerpt":{"rendered":"Le Museum of Brutalist Architecture sera le premier mus\u00e9e brutaliste du monde C\u2019est une premi\u00e8re mondiale. En 2028,&hellip;\n","protected":false},"author":2,"featured_media":309027,"comment_status":"","ping_status":"","sticky":false,"template":"","format":"standard","meta":{"footnotes":""},"categories":[1358],"tags":[1348,1384,1385,16786,1386,58,59,1011,27,4534,7107],"class_list":{"0":"post-309026","1":"post","2":"type-post","3":"status-publish","4":"format-standard","5":"has-post-thumbnail","7":"category-arts-et-design","8":"tag-arts","9":"tag-arts-and-design","10":"tag-arts-et-design","11":"tag-brutalisme","12":"tag-design","13":"tag-divertissement","14":"tag-entertainment","15":"tag-fr","16":"tag-france","17":"tag-londres","18":"tag-musees"},"share_on_mastodon":{"url":"https:\/\/pubeurope.com\/@fr\/115003490801334336","error":""},"_links":{"self":[{"href":"https:\/\/www.europesays.com\/fr\/wp-json\/wp\/v2\/posts\/309026","targetHints":{"allow":["GET"]}}],"collection":[{"href":"https:\/\/www.europesays.com\/fr\/wp-json\/wp\/v2\/posts"}],"about":[{"href":"https:\/\/www.europesays.com\/fr\/wp-json\/wp\/v2\/types\/post"}],"author":[{"embeddable":true,"href":"https:\/\/www.europesays.com\/fr\/wp-json\/wp\/v2\/users\/2"}],"replies":[{"embeddable":true,"href":"https:\/\/www.europesays.com\/fr\/wp-json\/wp\/v2\/comments?post=309026"}],"version-history":[{"count":0,"href":"https:\/\/www.europesays.com\/fr\/wp-json\/wp\/v2\/posts\/309026\/revisions"}],"wp:featuredmedia":[{"embeddable":true,"href":"https:\/\/www.europesays.com\/fr\/wp-json\/wp\/v2\/media\/309027"}],"wp:attachment":[{"href":"https:\/\/www.europesays.com\/fr\/wp-json\/wp\/v2\/media?parent=309026"}],"wp:term":[{"taxonomy":"category","embeddable":true,"href":"https:\/\/www.europesays.com\/fr\/wp-json\/wp\/v2\/categories?post=309026"},{"taxonomy":"post_tag","embeddable":true,"href":"https:\/\/www.europesays.com\/fr\/wp-json\/wp\/v2\/tags?post=309026"}],"curies":[{"name":"wp","href":"https:\/\/api.w.org\/{rel}","templated":true}]}}