{"id":309030,"date":"2025-08-10T08:20:15","date_gmt":"2025-08-10T08:20:15","guid":{"rendered":"https:\/\/www.europesays.com\/fr\/309030\/"},"modified":"2025-08-10T08:20:15","modified_gmt":"2025-08-10T08:20:15","slug":"cyril-hanouna-devoile-une-partie-du-casting-de-ses-chroniqueurs-a-la-rentree-sur-w9","status":"publish","type":"post","link":"https:\/\/www.europesays.com\/fr\/309030\/","title":{"rendered":"Cyril Hanouna d\u00e9voile une partie du casting de ses chroniqueurs \u00e0 la rentr\u00e9e sur W9"},"content":{"rendered":"<p>\n                                                                    l&rsquo;essentiel<br \/>\n                                                                Cyril Hanouna fera sa rentr\u00e9e d\u00e9but septembre sur W9. En vacances \u00e0 Saint-Tropez actuellement, il a d\u00e9voil\u00e9 les premiers noms des chroniqueurs qui l\u2019accompagneront. Les fans de \u00ab\u00a0TPMP\u00a0\u00bb ne seront pas perdus.\n                            <\/p>\n<p>Les fans de Cyril Hanouna attendent avec impatience son retour \u00e0 l\u2019antenne. Il sera \u00e0 la radio l\u2019apr\u00e8s-midi sur Fun Radio pour animer \u00ab\u00a0Tout beau, tout fun\u00a0\u00bb et \u00e0 la t\u00e9l\u00e9vision sur W9 en d\u00e9but de soir\u00e9e pour \u00ab\u00a0Tout beau, tout neuf\u00a0\u00bb. Le trublion du PAF encha\u00eenera plus de 6h d\u2019antenne chaque jour entre 15h et 21h.<\/p>\n<p class=\"std-elt__inline\">\n        <strong>\u00c0 lire aussi :<\/strong><br \/>\n        <a href=\"https:\/\/www.ladepeche.fr\/2025\/06\/22\/television-cyril-hanouna-lea-salame-anne-sophie-lapix-olivier-minne-un-mercato-de-folie-cette-annee-12777329.php\" rel=\"nofollow noopener\" target=\"_blank\">T\u00e9l\u00e9vision\u00a0: Cyril Hanouna, L\u00e9a Salam\u00e9, Anne-Sophie Lapix, Olivier Minne\u2026 un mercato de folie cette ann\u00e9e\u00a0!<\/a>\n    <\/p>\n<p>Depuis son lieu de vacances \u00e0 Saint-Tropez, Cyril Hanouna a commenc\u00e9 \u00e0 r\u00e9v\u00e9ler les noms des chroniqueurs qui l\u2019accompagneront dans ses nouvelles aventures, apr\u00e8s la mort de C8. Et le moins que l\u2019on puisse dire, c\u2019est que les nostalgiques de \u00ab\u00a0TPMP\u00a0\u00bb ne seront pas d\u00e9pays\u00e9s.<\/p>\n<p>Pour sa premi\u00e8re \u00e9mission de rentr\u00e9e, Cyril Hanouna sera entour\u00e9 par Raymond, G\u00e9raldine Maillet, Olivier Dartigolles et Val\u00e9rie Bena\u00efm. D\u2019autres chroniqueurs \u2013 dont les noms n\u2019ont pas \u00e9t\u00e9 annonc\u00e9s par Cyril Hanouna \u2013 les accompagneront. L\u2019animateur a souhait\u00e9 neuf chroniqueurs par \u00e9mission, cinq anciens de \u00ab\u00a0TPMP\u00a0\u00bb et quatre nouveaux.<\/p>\n<blockquote data-class=\"twitter-tweet\">\n<p lang=\"fr\" dir=\"ltr\">Les ch\u00e9ris, sur la 1ere de <a href=\"https:\/\/twitter.com\/W9?ref_src=twsrc%5Etfw\" rel=\"nofollow noopener\" target=\"_blank\">@W9<\/a>, il y aura sur et certain autour de moi d\u00e8s 18h45 : Raymond, Geraldine, Olivier Dartigolles, Val\u00e9rie Bena\u00efm! Plus 5 autres personnes ! Fabien Lecoeuvre et Michel Mary seront de retour aussi! Pour le reste de la nouveaut\u00e9 et des grands retours\\ud83d\\ude18<\/p>\n<p>\u2014 Cyril Hanouna (@Cyrilhanouna) <a href=\"https:\/\/twitter.com\/Cyrilhanouna\/status\/1953867281852674242?ref_src=twsrc%5Etfw\" rel=\"nofollow noopener\" target=\"_blank\">August 8, 2025<\/a><\/p><\/blockquote>\n<p>Cyril Hanouna a confirm\u00e9 quatre autres noms ces derniers jours\u00a0: Gilles Verdez qui est un des piliers de \u00ab\u00a0TPMP\u00a0\u00bb, l\u2019animateur de W9 et M6 J\u00e9r\u00f4me Anthony, l\u2019\u00e9crivain Fabien Lecoeuvre et le journaliste d\u2019investigation Michel Mary. D\u2019autres noms de chroniqueurs seront r\u00e9v\u00e9l\u00e9s d\u2019ici la rentr\u00e9e.<\/p>\n<p>L\u2019animateur promet \u00ab\u00a0de la Darka (de la rigolade, NDLR), des happenings, du d\u00e9bat, du people\u00a0\u00bb et annonce aussi\u00a0: \u00ab\u00a0On traitera \u00e9galement des faits divers\u00a0\u00bb.<\/p>\n<blockquote data-class=\"twitter-tweet\">\n<p lang=\"fr\" dir=\"ltr\">J-24!!! C juste ouf! info g\u00e9n\u00e9rale auj! <a href=\"https:\/\/twitter.com\/hashtag\/TBT9?src=hash&amp;ref_src=twsrc%5Etfw\" rel=\"nofollow noopener\" target=\"_blank\">#TBT9<\/a> sur <a href=\"https:\/\/twitter.com\/W9?ref_src=twsrc%5Etfw\" rel=\"nofollow noopener\" target=\"_blank\">@W9<\/a> aura un plateau plus grand que celui de Tpmp avec un espace happening! y aura donc dans de la Darka, des happenings, du d\u00e9bat, du people et on traitera \u00e9galement des faits divers ! Mais surtout je v trop kiffer vs retrouver\\u2764\\ufe0f<\/p>\n<p>\u2014 Cyril Hanouna (@Cyrilhanouna) <a href=\"https:\/\/twitter.com\/Cyrilhanouna\/status\/1954218146044260818?ref_src=twsrc%5Etfw\" rel=\"nofollow noopener\" target=\"_blank\">August 9, 2025<\/a><\/p><\/blockquote>\n<p>\u00ab\u00a0On ne pas change pas une formule qui marche\u00a0\u00bb, avait expliqu\u00e9 Cyril Hanouna en juin dernier sur Europe 1. L\u2019animateur a\u00a0aussi pris le soin de r\u00e9pondre sur les r\u00e9seaux sociaux \u00e0 un article du magazine Closer\u00a0qui faisait le parall\u00e8le entre l\u2019ex-\u00ab\u00a0TPMP\u00a0\u00bb et sa future \u00e9mission. \u00ab\u00a0Avec les audiences que l\u2019on faisait sur \u00ab\u00a0TPMP\u00a0\u00bb, vous croyez vraiment que je vais tout changer\u00a0?\u00a0\u00bb, avait-il \u00e9crit. Les fans sont pr\u00e9venus.<\/p>\n<p>                                                                                                                                                                                                        <script async src=\"https:\/\/platform.twitter.com\/widgets.js\" charset=\"utf-8\"><\/script><\/p>\n","protected":false},"excerpt":{"rendered":"l&rsquo;essentiel Cyril Hanouna fera sa rentr\u00e9e d\u00e9but septembre sur W9. En vacances \u00e0 Saint-Tropez actuellement, il a d\u00e9voil\u00e9&hellip;\n","protected":false},"author":2,"featured_media":309031,"comment_status":"","ping_status":"","sticky":false,"template":"","format":"standard","meta":{"footnotes":""},"categories":[1356],"tags":[58,59,1011,27,252,1364],"class_list":{"0":"post-309030","1":"post","2":"type-post","3":"status-publish","4":"format-standard","5":"has-post-thumbnail","7":"category-television","8":"tag-divertissement","9":"tag-entertainment","10":"tag-fr","11":"tag-france","12":"tag-television","13":"tag-tv"},"share_on_mastodon":{"url":"https:\/\/pubeurope.com\/@fr\/115003498551191079","error":""},"_links":{"self":[{"href":"https:\/\/www.europesays.com\/fr\/wp-json\/wp\/v2\/posts\/309030","targetHints":{"allow":["GET"]}}],"collection":[{"href":"https:\/\/www.europesays.com\/fr\/wp-json\/wp\/v2\/posts"}],"about":[{"href":"https:\/\/www.europesays.com\/fr\/wp-json\/wp\/v2\/types\/post"}],"author":[{"embeddable":true,"href":"https:\/\/www.europesays.com\/fr\/wp-json\/wp\/v2\/users\/2"}],"replies":[{"embeddable":true,"href":"https:\/\/www.europesays.com\/fr\/wp-json\/wp\/v2\/comments?post=309030"}],"version-history":[{"count":0,"href":"https:\/\/www.europesays.com\/fr\/wp-json\/wp\/v2\/posts\/309030\/revisions"}],"wp:featuredmedia":[{"embeddable":true,"href":"https:\/\/www.europesays.com\/fr\/wp-json\/wp\/v2\/media\/309031"}],"wp:attachment":[{"href":"https:\/\/www.europesays.com\/fr\/wp-json\/wp\/v2\/media?parent=309030"}],"wp:term":[{"taxonomy":"category","embeddable":true,"href":"https:\/\/www.europesays.com\/fr\/wp-json\/wp\/v2\/categories?post=309030"},{"taxonomy":"post_tag","embeddable":true,"href":"https:\/\/www.europesays.com\/fr\/wp-json\/wp\/v2\/tags?post=309030"}],"curies":[{"name":"wp","href":"https:\/\/api.w.org\/{rel}","templated":true}]}}