{"id":309032,"date":"2025-08-10T08:21:15","date_gmt":"2025-08-10T08:21:15","guid":{"rendered":"https:\/\/www.europesays.com\/fr\/309032\/"},"modified":"2025-08-10T08:21:15","modified_gmt":"2025-08-10T08:21:15","slug":"aint-no-fking-artist-retour-au-rock","status":"publish","type":"post","link":"https:\/\/www.europesays.com\/fr\/309032\/","title":{"rendered":"Ain&rsquo;t No F**king Artist, retour au rock"},"content":{"rendered":"<p>            Par<br \/>\n        <strong><br \/>\n            <a href=\"https:\/\/actu.fr\/auteur\/romane-rousseau-actu-fr\" title=\"Consulter tous les articles de Romane Rousseau\" rel=\"nofollow noopener\" target=\"_blank\">Romane Rousseau<\/a><br \/>\n        <\/strong><\/p>\n<p>        Publi\u00e9 le<\/p>\n<p>            8 ao\u00fbt 2025 \u00e0 7h58        <\/p>\n<p>Trois ans d\u2019existence et d\u00e9j\u00e0 le CV d\u2019un groupe prometteur. <b>Fond\u00e9 en 2022<\/b>, le groupe Ain\u2019t No F**king Artist propose un retour aux sources avec du rock brut.<\/p>\n<p class=\" wall-content\">Corentin Cariou, le guitariste et chanteur, Baptiste Siceaux, le bassiste, et Louis Gu\u00e9mard, le batteur, ont eu l\u2019id\u00e9e de monter <b>ce power-trio<\/b> lors de leurs ann\u00e9es au conservatoire <a href=\"https:\/\/actu.fr\/pays-de-la-loire\/les-sables-d-olonne_85194\" rel=\"nofollow noopener\" target=\"_blank\">des Sables-d\u2019Olonne<\/a>.<b\/><\/p>\n<blockquote class=\"ac-article-quote wall-content\">\n<p>\u00ab\u2009C\u2019est parti de Corentin qui \u00e9crivait de la musique seul. Sauf que le rock, c\u2019est quand m\u00eame plus cool de le jouer \u00e0 plusieurs. Au d\u00e9part, on venait juste rajouter notre savoir-faire. Maintenant, c\u2019est vraiment un projet pens\u00e9 par tous, avec une \u00e9criture commune et une direction artistique d\u00e9cid\u00e9e \u00e0 trois.\u2009\u00bb<\/p>\n<p>Louis Gu\u00e9mard, batteur pour Ain\u2019t No F**king Artist.<\/p><\/blockquote>\n<p>\u00ab\u2009Du rock dans ce qu\u2019il se fait de plus simple\u2009\u00bb<\/p>\n<p class=\" wall-content\">De cette formation, tr\u00e8s <b>inspir\u00e9e du groupe fran\u00e7ais The Last Train<\/b>, na\u00eet un premier EP (N.D.L.R. Extended Play, disque d\u2019une dur\u00e9e plus longue que celle d\u2019un single et plus courte que celle d\u2019un album), <a href=\"https:\/\/youtu.be\/RI1yMnS_tl0?list=OLAK5uy_ni7lBlx20iPBQxFOYp8dC1c-gScamlXvQ\" rel=\"nofollow noopener\" target=\"_blank\">Breathless<\/a>.<\/p>\n<p class=\" wall-content\">Dans la foul\u00e9e, le trio <b>cr\u00e9e sa propre structure de production<\/b>, Death Match Productions, ainsi que son label.<\/p>\n<p class=\" wall-content\">Dernier projet \u00e0 \u00e9couter sans mod\u00e9ration\u2009: leur deuxi\u00e8me EP \u00ab<a href=\"https:\/\/www.youtube.com\/watch?v=xLX2zYWu0p4&amp;list=RDxLX2zYWu0p4&amp;start_radio=1\" rel=\"nofollow noopener\" target=\"_blank\">\u2009Change It All<\/a>\u2009\u00bb, <b>sorti en avril.<\/b><\/p>\n<p>Vid\u00e9os : en ce moment sur Actu<\/p>\n<blockquote class=\"ac-article-quote wall-content\">\n<p>\u00ab\u2009C\u2019est du rock dans ce qui se fait de plus simple. La musique est assez classique dans l\u2019absolu, mais avec de l\u2019amour pour les m\u00e9lodies. On essaye d\u2019\u00eatre le plus \u00e9nergique et le plus efficace dans ce que l\u2019ont \u00e9crit.\u2009\u00bb<\/p>\n<p>Louis Gu\u00e9mard, batteur pour Ain\u2019t No F**king Artist.<\/p><\/blockquote>\n<p>Un amour pour la sc\u00e8ne<\/p>\n<p class=\" wall-content\">Mais c\u2019est sur sc\u00e8ne qu\u2019Ain\u2019t No F**king Artist montre vraiment son talent.<\/p>\n<p class=\" wall-content\">\u00ab\u2009Il y a l\u2019alchimie entre nous trois et celle avec le public. On passe trois quarts de notre temps \u00e0 \u00e9crire, enregistrer, pr\u00e9parer\u2026 Le dernier quart, c\u2019est vraiment jouer la musique sur sc\u00e8ne, avoir ce sentiment agr\u00e9able de pouvoir <b>enfin montrer le travail<\/b> qui a \u00e9t\u00e9 fait pendant des heures.\u2009\u00bb<\/p>\n<p class=\" wall-content\">D\u00e9sormais, les prochains mois seront consacr\u00e9s \u00e0 la tourn\u00e9e pour pr\u00e9senter leur dernier EP. Et bonne nouvelle, \u00ab<b>\u2009on commence \u00e0 discuter d\u2019un nouvel album<\/b>, m\u00eame si ce n\u2019est pas pour tout de suite\u2026\u2009\u00bb<\/p>\n<p>    <a href=\"https:\/\/www.facebook.com\/plugins\/post.php?href=https%3A%2F%2Fwww.facebook.com%2Fanfartist%2Fposts%2Fpfbid02z3oLAT5fTjs16CpZBGZrJa8CpHP1mVAw2kEf14v6fbC6koQoDeUygwiWCj32Snzyl&amp;show_text=true&amp;width=350\" title=\"Ouvrie le lien\" rel=\"nofollow noopener\" target=\"_blank\">Cliquez ici pour visualiser le contenu<\/a><\/p>\n<p class=\" wall-content\">Suivez toute l\u2019actualit\u00e9 de vos villes et m\u00e9dias favoris en vous inscrivant \u00e0 <a href=\"https:\/\/moncompte.actu.fr\" title=\"D\u00e9couvez Mon Actu\" rel=\"nofollow noopener\" data-trk=\"{&quot;cta&quot;:{&quot;action&quot;:&quot;https:\\\/\\\/moncompte.actu.fr&quot;,&quot;category&quot;:&quot;mon compte&quot;,&quot;from&quot;:&quot;article footer&quot;,&quot;name&quot;:&quot;Mon actu&quot;,&quot;type&quot;:&quot;cta&quot;}}\" target=\"_blank\">Mon Actu<\/a>.<\/p>\n","protected":false},"excerpt":{"rendered":"Par Romane Rousseau Publi\u00e9 le 8 ao\u00fbt 2025 \u00e0 7h58 Trois ans d\u2019existence et d\u00e9j\u00e0 le CV d\u2019un&hellip;\n","protected":false},"author":2,"featured_media":309033,"comment_status":"","ping_status":"","sticky":false,"template":"","format":"standard","meta":{"footnotes":""},"categories":[1355],"tags":[1697,58,59,1011,27,1652,1361,873],"class_list":{"0":"post-309032","1":"post","2":"type-post","3":"status-publish","4":"format-standard","5":"has-post-thumbnail","7":"category-musique","8":"tag-concert","9":"tag-divertissement","10":"tag-entertainment","11":"tag-fr","12":"tag-france","13":"tag-loisirs-culture","14":"tag-music","15":"tag-musique"},"share_on_mastodon":{"url":"https:\/\/pubeurope.com\/@fr\/115003502332462355","error":""},"_links":{"self":[{"href":"https:\/\/www.europesays.com\/fr\/wp-json\/wp\/v2\/posts\/309032","targetHints":{"allow":["GET"]}}],"collection":[{"href":"https:\/\/www.europesays.com\/fr\/wp-json\/wp\/v2\/posts"}],"about":[{"href":"https:\/\/www.europesays.com\/fr\/wp-json\/wp\/v2\/types\/post"}],"author":[{"embeddable":true,"href":"https:\/\/www.europesays.com\/fr\/wp-json\/wp\/v2\/users\/2"}],"replies":[{"embeddable":true,"href":"https:\/\/www.europesays.com\/fr\/wp-json\/wp\/v2\/comments?post=309032"}],"version-history":[{"count":0,"href":"https:\/\/www.europesays.com\/fr\/wp-json\/wp\/v2\/posts\/309032\/revisions"}],"wp:featuredmedia":[{"embeddable":true,"href":"https:\/\/www.europesays.com\/fr\/wp-json\/wp\/v2\/media\/309033"}],"wp:attachment":[{"href":"https:\/\/www.europesays.com\/fr\/wp-json\/wp\/v2\/media?parent=309032"}],"wp:term":[{"taxonomy":"category","embeddable":true,"href":"https:\/\/www.europesays.com\/fr\/wp-json\/wp\/v2\/categories?post=309032"},{"taxonomy":"post_tag","embeddable":true,"href":"https:\/\/www.europesays.com\/fr\/wp-json\/wp\/v2\/tags?post=309032"}],"curies":[{"name":"wp","href":"https:\/\/api.w.org\/{rel}","templated":true}]}}