{"id":309034,"date":"2025-08-10T08:22:21","date_gmt":"2025-08-10T08:22:21","guid":{"rendered":"https:\/\/www.europesays.com\/fr\/309034\/"},"modified":"2025-08-10T08:22:21","modified_gmt":"2025-08-10T08:22:21","slug":"scenario-boucle-le-tournage-de-the-batman-2-va-bientot-commencer","status":"publish","type":"post","link":"https:\/\/www.europesays.com\/fr\/309034\/","title":{"rendered":"Sc\u00e9nario boucl\u00e9, le tournage de The Batman 2 va bient\u00f4t commencer"},"content":{"rendered":"<p>Annonc\u00e9 seulement un mois apr\u00e8s la sortie de Batman en 2022, le second volet consacr\u00e9 au justicier de Gotham se concr\u00e9tise. Le tournage commencera au printemps pour une diffusion attendue le 1er octobre 2027.<\/p>\n<p class=\"fig-paragraph\">C\u2019est d\u00e9j\u00e0 l\u2019un des films les plus attendus de 2027 alors que la production n\u2019a pas encore commenc\u00e9. La suite de\u00a0<a href=\"http:\/\/www.lefigaro.fr\/culture\/encheres\/the-batcollection-31-ans-d-objets-batman-aux-encheres-20220518\" target=\"_blank\" data-fig-type=\"NewsFlash\" rel=\"noopener\" data-gtm-custom-categorie=\"navigation\" data-gtm-custom-action=\"crossclick\" data-gtm-custom-label=\"Contextuel\" data-gtm-event=\"customEventSPE\" data-fig-domain=\"LEFIGARO\">The Batman\u00a0<\/a> a \u00e9t\u00e9 annonc\u00e9e un mois apr\u00e8s la sortie du premier volet en 2022.\u00a0<a href=\"http:\/\/www.lefigaro.fr\/festival-de-cannes\/notre-critique-de-die-my-love-l-amour-trop-fou-de-lynne-ramsay-20250518\" target=\"_blank\" data-fig-type=\"Article\" rel=\"noopener\" data-gtm-custom-categorie=\"navigation\" data-gtm-custom-action=\"crossclick\" data-gtm-custom-label=\"Contextuel\" data-gtm-event=\"customEventSPE\" data-fig-domain=\"LEFIGARO\">Robert Pattinson<\/a>\u00a0peut, tout doucement, commencer \u00e0 se repr\u00e9parer \u00e0 enfiler le costume de l\u2019homme chauve-souris puisque la date du tournage est enfin fix\u00e9e, rapportent les m\u00e9dias anglo-saxons dont\u00a0<a href=\"https:\/\/variety.com\/2025\/film\/news\/the-batman-2-filming-spring-2026-1236481330\/\" target=\"_blank\" rel=\"sponsored noopener\" data-gtm-custom-categorie=\"navigation\" data-gtm-custom-action=\"crossclick\" data-gtm-custom-label=\"Contextuel\" data-gtm-event=\"customEventSPE\">Variety<\/a>, jeudi 7 ao\u00fbt.<\/p>\n<p class=\"fig-paragraph\">Le tournage commencera d\u00e8s le printemps 2026, pour une sortie attendue en octobre 2027. Il n\u2019est toutefois pas pr\u00e9cis\u00e9 combien de temps celui-ci durera. La production de The Batman II a longtemps \u00e9t\u00e9 retard\u00e9e. Les fans devaient originellement retrouver le justicier de Gotham dans les salles obscures le 2 octobre 2026 avant que les studios DC n\u2019en d\u00e9cident autrement. Avec la gr\u00e8ve de sc\u00e9naristes et des acteurs qui a bloqu\u00e9 Hollywood pendant plusieurs mois en 2023, les studios ont d\u00fb revoir leur plan. Il fallait aussi attendre que Matt Reeves finisse l\u2019\u00e9criture du sc\u00e9nario, qui a pris plus de temps que pr\u00e9vu. Le script a \u00e9t\u00e9 finalis\u00e9 fin juin. Si tout se d\u00e9roule bien, le film devrait sortir cinq ans et demi apr\u00e8s la sortie du premier opus.<\/p>\n<p class=\"fig-body-link\">\n            \u00c0 lire aussi<br \/>\n        <a class=\"fig-body-link__link fig-premium-mark\" href=\"https:\/\/www.lefigaro.fr\/cinema\/matt-reeves-sous-l-aile-de-hitchcock-20220301\" target=\"_blank\" data-fig-type=\"Article\" rel=\"noopener\" data-gtm-custom-categorie=\"navigation\" data-gtm-custom-action=\"crossclick\" data-gtm-custom-label=\"Contextuel\" data-gtm-event=\"customEventSPE\" data-fig-domain=\"LEFIGARO\">Matt Reeves: \u00abSi tout va bien, Robert Pattinson et moi devrions tourner un deuxi\u00e8me Batman\u00bb<br \/>\n    <\/a>\n<\/p>\n<p>                                    <a class=\"fig-a11y-skip a11y-hidden\" href=\"#fig-a11y-skip-main-inarticle\"><br \/>\n        Passer la publicit\u00e9<br \/>\n    <\/a><\/p>\n<p>Des fans trop impatients<\/p>\n<p class=\"fig-paragraph\">Une attente interminable pour les fans dont certains n\u2019ont pas h\u00e9sit\u00e9 \u00e0 montrer leur m\u00e9contentement sur les r\u00e9seaux sociaux. Ce qui n\u2019a pas \u00e9chapp\u00e9 \u00e0 James Gunn, le PDG de DC Comics. \u00ab\u00a0Les gens devraient se calmer. Laissez Matt Reeves \u00e9crire le sc\u00e9nario avec le temps qu\u2019il lui faut. Il ne me le donnera pas s\u2019il ne l\u2019aime pas\u00a0\u00bb, avait-il dit lors d\u2019un entretien \u00e0\u00a0<a href=\"https:\/\/ew.com\/james-gunn-interview-superman-gods-and-monsters-future-dcu-titles-exclusive-11755992?taid=685418cd70248a00018a8230&amp;utm_campaign=trueAnthem%3A+New+Content+%28Feed%29&amp;utm_medium=trueAnthem&amp;utm_source=twitter\" target=\"_blank\" rel=\"sponsored noopener\" data-gtm-custom-categorie=\"navigation\" data-gtm-custom-action=\"crossclick\" data-gtm-custom-label=\"Contextuel\" data-gtm-event=\"customEventSPE\">Entertainment Weekly.\u00a0<\/a>\u00ab\u00a0Et pour \u00eatre honn\u00eate, cinq ans pour attendre une suite c\u2019est tout \u00e0 fait normal\u00a0\u00bb, justifie-t-il. Le cin\u00e9aste prend notamment l\u2019exemple de la suite d\u2019Alien sortie quatorze ans apr\u00e8s le premier volet et de Top Gun o\u00f9 il a fallu attendre trente-six ans pour revoir Maverick sur grand \u00e9cran.<\/p>\n<p class=\"fig-paragraph\">Reste \u00e0 savoir si l\u2019engouement des fans de Batman sera toujours pr\u00e9sent dans deux ans. Et surtout, si le second opus r\u00e9ussira \u00e0 faire mieux que le premier au box-office\u00a0:\u00a0soit plus de 770 millions de dollars.<\/p>\n","protected":false},"excerpt":{"rendered":"Annonc\u00e9 seulement un mois apr\u00e8s la sortie de Batman en 2022, le second volet consacr\u00e9 au justicier de&hellip;\n","protected":false},"author":2,"featured_media":309035,"comment_status":"","ping_status":"","sticky":false,"template":"","format":"standard","meta":{"footnotes":""},"categories":[1354],"tags":[4781,58,59,1346,1011,27,30487,44897,1360,22562],"class_list":{"0":"post-309034","1":"post","2":"type-post","3":"status-publish","4":"format-standard","5":"has-post-thumbnail","7":"category-films","8":"tag-batman","9":"tag-divertissement","10":"tag-entertainment","11":"tag-films","12":"tag-fr","13":"tag-france","14":"tag-james-gunn","15":"tag-matt-reeves","16":"tag-movies","17":"tag-robert-pattinson"},"share_on_mastodon":{"url":"https:\/\/pubeurope.com\/@fr\/115003506406691696","error":""},"_links":{"self":[{"href":"https:\/\/www.europesays.com\/fr\/wp-json\/wp\/v2\/posts\/309034","targetHints":{"allow":["GET"]}}],"collection":[{"href":"https:\/\/www.europesays.com\/fr\/wp-json\/wp\/v2\/posts"}],"about":[{"href":"https:\/\/www.europesays.com\/fr\/wp-json\/wp\/v2\/types\/post"}],"author":[{"embeddable":true,"href":"https:\/\/www.europesays.com\/fr\/wp-json\/wp\/v2\/users\/2"}],"replies":[{"embeddable":true,"href":"https:\/\/www.europesays.com\/fr\/wp-json\/wp\/v2\/comments?post=309034"}],"version-history":[{"count":0,"href":"https:\/\/www.europesays.com\/fr\/wp-json\/wp\/v2\/posts\/309034\/revisions"}],"wp:featuredmedia":[{"embeddable":true,"href":"https:\/\/www.europesays.com\/fr\/wp-json\/wp\/v2\/media\/309035"}],"wp:attachment":[{"href":"https:\/\/www.europesays.com\/fr\/wp-json\/wp\/v2\/media?parent=309034"}],"wp:term":[{"taxonomy":"category","embeddable":true,"href":"https:\/\/www.europesays.com\/fr\/wp-json\/wp\/v2\/categories?post=309034"},{"taxonomy":"post_tag","embeddable":true,"href":"https:\/\/www.europesays.com\/fr\/wp-json\/wp\/v2\/tags?post=309034"}],"curies":[{"name":"wp","href":"https:\/\/api.w.org\/{rel}","templated":true}]}}